{"id":104965,"date":"2025-12-01T15:58:09","date_gmt":"2025-12-01T15:58:09","guid":{"rendered":"https:\/\/www.europesays.com\/fi\/104965\/"},"modified":"2025-12-01T15:58:09","modified_gmt":"2025-12-01T15:58:09","slug":"tassa-on-auri-kanasen-vauva","status":"publish","type":"post","link":"https:\/\/www.europesays.com\/fi\/104965\/","title":{"rendered":"T\u00e4ss\u00e4 on Auri Kanasen vauva"},"content":{"rendered":"<p>Uutisoimme marraskuussa yritt\u00e4j\u00e4 ja somevaikuttaja <strong>Auri Kanasen<\/strong> rankasta synnytysurakasta.<\/p>\n<p>Kananen julkaisi synnytyksest\u00e4\u00e4n kaksiosaisen videosarjan, joista <a href=\"https:\/\/www.voice.fi\/viihde\/onneksi-en-tiennyt-mita-on-tulossa-auri-kananen-julkaisi-synnytysvideon\" target=\"_blank\" rel=\"noreferrer noopener nofollow\">ensimm\u00e4isess\u00e4<\/a> kerrottiin synnytyksen alkupuolen etenemisest\u00e4, ja <a href=\"https:\/\/www.voice.fi\/viihde\/tassa-konkurssissa-se-ei-enaa-tuntunut-miltaan-auri-kanasen-rankan-synnytyksen-toinen-video-julki\" target=\"_blank\" rel=\"noreferrer noopener nofollow\">toisessa<\/a> p\u00e4\u00e4stiin tositoimiin.<\/p>\n<p>Lue my\u00f6s: <a href=\"https:\/\/www.voice.fi\/viihde\/onneksi-en-tiennyt-mita-on-tulossa-auri-kananen-julkaisi-synnytysvideon\" title=\"\u201dOnneksi en tiennyt, mit\u00e4 on tulossa\u201d \u2013 Auri Kananen julkaisi synnytysvideon\" class=\"underline-custom !font-montserrat !font-bold !underline-offset-4 !decoration-4 !decoration-tilt-light !text-md\" rel=\"nofollow noopener\" target=\"_blank\">\u201dOnneksi en tiennyt, mit\u00e4 on tulossa\u201d \u2013 Auri Kananen julkaisi synnytysvideon<\/a><\/p>\n<p>Lue my\u00f6s: <a href=\"https:\/\/www.voice.fi\/viihde\/tassa-konkurssissa-se-ei-enaa-tuntunut-miltaan-auri-kanasen-rankan-synnytyksen-toinen-video-julki\" title=\"\u201dT\u00e4ss\u00e4 konkurssissa se ei en\u00e4\u00e4 tuntunut milt\u00e4\u00e4n\u201d \u2013 Auri Kanasen rankan synnytyksen toinen video julki\" class=\"underline-custom !font-montserrat !font-bold !underline-offset-4 !decoration-4 !decoration-tilt-light !text-md\" rel=\"nofollow noopener\" target=\"_blank\">\u201dT\u00e4ss\u00e4 konkurssissa se ei en\u00e4\u00e4 tuntunut milt\u00e4\u00e4n\u201d \u2013 Auri Kanasen rankan synnytyksen toinen video julki<\/a><\/p>\n<p>Nyt h\u00e4n esittelee uuden perheenj\u00e4senens\u00e4 herkiss\u00e4 ja kauniissa valokuvissa.<\/p>\n<blockquote class=\"instagram-media\" data-instgrm-captioned=\"\" data-instgrm-permalink=\"https:\/\/www.instagram.com\/p\/DRr1DrBjOA_\/?utm_source=ig_embed&amp;utm_campaign=loading\" data-instgrm-version=\"14\" style=\" background:#FFF; border:0; border-radius:3px; box-shadow:0 0 1px 0 rgba(0,0,0,0.5),0 1px 10px 0 rgba(0,0,0,0.15); margin: 1px; max-width:500px; min-width:326px; padding:0; width:99.375%; width:-webkit-calc(100% - 2px); width:calc(100% - 2px);\"><p> <a href=\"https:\/\/www.instagram.com\/p\/DRr1DrBjOA_\/?utm_source=ig_embed&amp;utm_campaign=loading\" style=\" background:#FFFFFF; line-height:0; padding:0 0; text-align:center; text-decoration:none; width:100%;\" target=\"_blank\" rel=\"nofollow noopener\">       <\/p>\n<p>View this post on Instagram<\/p>\n<p>            <\/a><\/p><\/blockquote>\n<p>Saatetekstin\u00e4 on isoilla kirjaimilla kirjoitettu sana \u201cperhe\u201d ja syd\u00e4nemoji.<\/p>\n<p>Kuuden kuvan sarjassa n\u00e4hd\u00e4\u00e4n sek\u00e4 koko perhe ett\u00e4 tuore pikkuinen itsekseen.<\/p>\n<p>Yhdess\u00e4 kuvista suloinen lapsi katselee is\u00e4ns\u00e4 sylist\u00e4 t\u00e4t\u00e4 suoraan silmiin, ja viimeinen kuva on l\u00e4hikuva rauhallisena k\u00f6lliv\u00e4st\u00e4 vauvasta.<\/p>\n<p>Lue my\u00f6s: <a href=\"https:\/\/www.voice.fi\/koti\/a-213722\" title=\"MTV: Siivousguru Auri Kananen jakaa ikkunanpesuvinkkins\u00e4 \u2013 tiskiaineen kanssa oltava varovainen\" class=\"underline-custom !font-montserrat !font-bold !underline-offset-4 !decoration-4 !decoration-tilt-light !text-md\" rel=\"nofollow noopener\" target=\"_blank\">MTV: Siivousguru Auri Kananen jakaa ikkunanpesuvinkkins\u00e4 \u2013 tiskiaineen kanssa oltava varovainen<\/a><\/p>\n<p>Lue my\u00f6s: <a href=\"https:\/\/www.voice.fi\/viihde\/a-230668\" title=\"Vuoden vaikuttaja on valittu \u2013 katso kaikki  Tubecon Awards 2024 voittajat\" class=\"underline-custom !font-montserrat !font-bold !underline-offset-4 !decoration-4 !decoration-tilt-light !text-md\" rel=\"nofollow noopener\" target=\"_blank\">Vuoden vaikuttaja on valittu \u2013 katso kaikki  Tubecon Awards 2024 voittajat<\/a><\/p>\n<p>Onnellisen n\u00e4k\u00f6inen perhe on ker\u00e4nnyt paljon ihastelua kommenteissa.<\/p>\n<p>\u2013 Isin n\u00e4k\u00f6inen tytt\u00f6. Paljon onnea!<\/p>\n<p>\u2013 Voi taivas kuinka ihania kuvia.<\/p>\n<p>\u2013 Siis vauuuu mit\u00e4 kuvia. Ihana perhe.<\/p>\n<p>\u2013 On niin isin n\u00e4k\u00f6nen tytt\u00f6,onnea teille<\/p>\n<p>\u2013 Dalluriini on niiiiin ihana vaavi.<\/p>\n<p>\u2013 Upeat ihmiset ja upeat kuvat. Parhaimmat onnittelut vauvan syntym\u00e4n johdosta.<\/p>\n<p>\t\t\t<a href=\"https:\/\/www.facebook.com\/sharer\/sharer.php?u=https:\/\/www.voice.fi\/viihde\/tassa-on-auri-kanasen-vauva\" class=\"block px-4 py-2 text-sm text-gray-800 border-b hover:bg-gray-200\" rel=\"nofollow noopener\" target=\"_blank\"><\/p>\n<p>\t\t\t\tFacebook<br \/>\n\t\t\t<\/a><br \/>\n\t\t\t<a href=\"https:\/\/twitter.com\/intent\/tweet?text=https:\/\/www.voice.fi\/viihde\/tassa-on-auri-kanasen-vauva\" class=\"block px-4 py-2 text-sm text-gray-800 border-b hover:bg-gray-200\" rel=\"nofollow noopener\" target=\"_blank\"><\/p>\n<p>\t\t\t\tTwitter<br \/>\n\t\t\t<\/a><br \/>\n\t\t\t<a href=\"mailto:?subject=T\u00e4ss\u00e4 on Auri Kanasen vauva&amp;body=https:\/\/www.voice.fi\/viihde\/tassa-on-auri-kanasen-vauva\" class=\"block px-4 py-2 text-sm text-gray-800 border-b hover:bg-gray-200\"><\/p>\n<p>\t\t\t\tS\u00e4hk\u00f6posti<\/a><\/p>\n<p>\t\t\t\t<script async src=\"https:\/\/platform.twitter.com\/widgets.js\" charset=\"utf-8\"><\/script><script async src=\"\/\/www.instagram.com\/embed.js\"><\/script><\/p>\n","protected":false},"excerpt":{"rendered":"Uutisoimme marraskuussa yritt\u00e4j\u00e4 ja somevaikuttaja Auri Kanasen rankasta synnytysurakasta. Kananen julkaisi synnytyksest\u00e4\u00e4n kaksiosaisen videosarjan, joista ensimm\u00e4isess\u00e4 kerrottiin synnytyksen&hellip;\n","protected":false},"author":2,"featured_media":104966,"comment_status":"","ping_status":"","sticky":false,"template":"","format":"standard","meta":{"footnotes":""},"categories":[130],"tags":[137,33,31,30,32,1461,109],"class_list":{"0":"post-104965","1":"post","2":"type-post","3":"status-publish","4":"format-standard","5":"has-post-thumbnail","7":"category-viihde","8":"tag-entertainment","9":"tag-fi","10":"tag-finland","11":"tag-finnish","12":"tag-suomi","13":"tag-vauva","14":"tag-viihde"},"share_on_mastodon":{"url":"https:\/\/pubeurope.com\/@fi\/115645140514555684","error":""},"_links":{"self":[{"href":"https:\/\/www.europesays.com\/fi\/wp-json\/wp\/v2\/posts\/104965","targetHints":{"allow":["GET"]}}],"collection":[{"href":"https:\/\/www.europesays.com\/fi\/wp-json\/wp\/v2\/posts"}],"about":[{"href":"https:\/\/www.europesays.com\/fi\/wp-json\/wp\/v2\/types\/post"}],"author":[{"embeddable":true,"href":"https:\/\/www.europesays.com\/fi\/wp-json\/wp\/v2\/users\/2"}],"replies":[{"embeddable":true,"href":"https:\/\/www.europesays.com\/fi\/wp-json\/wp\/v2\/comments?post=104965"}],"version-history":[{"count":0,"href":"https:\/\/www.europesays.com\/fi\/wp-json\/wp\/v2\/posts\/104965\/revisions"}],"wp:featuredmedia":[{"embeddable":true,"href":"https:\/\/www.europesays.com\/fi\/wp-json\/wp\/v2\/media\/104966"}],"wp:attachment":[{"href":"https:\/\/www.europesays.com\/fi\/wp-json\/wp\/v2\/media?parent=104965"}],"wp:term":[{"taxonomy":"category","embeddable":true,"href":"https:\/\/www.europesays.com\/fi\/wp-json\/wp\/v2\/categories?post=104965"},{"taxonomy":"post_tag","embeddable":true,"href":"https:\/\/www.europesays.com\/fi\/wp-json\/wp\/v2\/tags?post=104965"}],"curies":[{"name":"wp","href":"https:\/\/api.w.org\/{rel}","templated":true}]}}