{"id":104972,"date":"2025-12-01T16:03:08","date_gmt":"2025-12-01T16:03:08","guid":{"rendered":"https:\/\/www.europesays.com\/fi\/104972\/"},"modified":"2025-12-01T16:03:08","modified_gmt":"2025-12-01T16:03:08","slug":"joonas-hanninen-voitti-rovaniemen-kaupunginjohtajavaalin-lappi","status":"publish","type":"post","link":"https:\/\/www.europesays.com\/fi\/104972\/","title":{"rendered":"Joonas H\u00e4nninen voitti Rovaniemen kaupunginjohtajavaalin | Lappi"},"content":{"rendered":"<p class=\"aw-1gybjub aw-5vja16 kEtdKx kmuxyA yle__article__paragraph\">Uusi kaupunginjohtaja aloittaa vakinaisessa virassa syyskuussa 2026. Joonas H\u00e4nninen sai selke\u00e4n \u00e4\u00e4nten enemmist\u00f6n.<\/p>\n<p><img decoding=\"async\" alt=\"Mies tummassa puvussa istuu puhumassa mikrofoniin.\" src=\"https:\/\/www.europesays.com\/fi\/wp-content\/uploads\/2025\/12\/39-156010269270d7f4a5a0.jpeg\" class=\"aw-1l9m598 hKVVvP\"\/><\/p>\n<p>Avaa kuvien katselu<\/p>\n<p>Joonas H\u00e4nninen oli viime viikolla ty\u00f6haastattelussa Rovaniemell\u00e4. H\u00e4n oli my\u00f6s keskiviikkona paikan p\u00e4\u00e4ll\u00e4, kun h\u00e4net valittiin kaupunginjohtajaksi. Kuva: Elina Ervasti \/ Yle<\/p>\n<p>17:15\u2022P\u00e4ivitetty 17:22<\/p>\n<p class=\"aw-1gybjub aw-1p7kakr kEtdKx cEmitX yle__article__paragraph\">Varkauden kaupunginjohtaja <strong class=\"aw-ak79eh KyCXm yle__article__strong\">Joonas H\u00e4nninen<\/strong> on valittu Rovaniemen uudeksi kaupunginjohtajaksi. Virka on vakituinen, ja virkakausi alkaa syyskuussa 2026. Rovaniemen nykyisen kaupunginjohtajan <strong class=\"aw-ak79eh KyCXm yle__article__strong\">Ulla-Kirsikka Vainion<\/strong> kuusivuotinen virkakausi alkoi vuonna 2020. My\u00f6s h\u00e4n haki kaupunginjohtajaksi.<\/p>\n<p class=\"aw-1gybjub aw-1p7kakr kEtdKx cEmitX yle__article__paragraph\">Kaupunginjohtajan valinta tehtiin keskiviikkoiltap\u00e4iv\u00e4ll\u00e4 kaupunginvaltuuston suljetulla lippu\u00e4\u00e4nestyksell\u00e4 \u00e4\u00e4nin 36-15. Toiseksi eniten \u00e4\u00e4ni\u00e4 sai nykyinen kaupunginjohtaja Ulla-Kirsikka Vainio. Muita ei \u00e4\u00e4nestetty.<\/p>\n<p class=\"aw-1gybjub aw-1p7kakr kEtdKx cEmitX yle__article__paragraph\">Viime viikolla <a class=\"aw-iao6s4 iHOxEa yle__article__link\" href=\"https:\/\/yle.fi\/a\/74-20194678\" role=\"link\" rel=\"nofollow noopener\" target=\"_blank\">kaupunginvaltuuston ty\u00f6haastattelussa<\/a> vahvimmin esiintyiv\u00e4t juuri Vainio ja H\u00e4nninen.<\/p>\n<p class=\"aw-1gybjub aw-1p7kakr kEtdKx cEmitX yle__article__paragraph\">Rovaniemen vakinaiseen kaupunginjohtajan <a class=\"aw-iao6s4 iHOxEa yle__article__link\" href=\"https:\/\/yle.fi\/a\/74-20189319\" role=\"link\" rel=\"nofollow noopener\" target=\"_blank\">virkaan haki kaikkiaan 1<\/a>8, joista 10 haastateltiin ja lopulta nelj\u00e4 valittiin loppusuoralle. Kaksi muuta loppusuoralla ollutta ovat Rovaniemen henkil\u00f6st\u00f6- ja hallintojohtaja <strong class=\"aw-ak79eh KyCXm yle__article__strong\">Antti M\u00e4\u00e4tt\u00e4<\/strong> ja ammattikouluttaja REDU:n johtaja <strong class=\"aw-ak79eh KyCXm yle__article__strong\">Saija Niemel\u00e4-Pentti<\/strong>.<\/p>\n<p class=\"aw-1gybjub aw-1p7kakr kEtdKx cEmitX yle__article__paragraph\">Uutista t\u00e4ydennet\u00e4\u00e4n.<\/p>\n","protected":false},"excerpt":{"rendered":"Uusi kaupunginjohtaja aloittaa vakinaisessa virassa syyskuussa 2026. Joonas H\u00e4nninen sai selke\u00e4n \u00e4\u00e4nten enemmist\u00f6n. Avaa kuvien katselu Joonas H\u00e4nninen&hellip;\n","protected":false},"author":2,"featured_media":104973,"comment_status":"","ping_status":"","sticky":false,"template":"","format":"standard","meta":{"footnotes":""},"categories":[12],"tags":[13982,22,23,26,27,33,31,30,17,13213,71,4739,1833,667,24,25,28,29,15,18,21,1057,32,19,20,16],"class_list":{"0":"post-104972","1":"post","2":"type-post","3":"status-publish","4":"format-standard","5":"has-post-thumbnail","7":"category-suomi","8":"tag-aluepolitiikka","9":"tag-breaking-news","10":"tag-breakingnews","11":"tag-featured-news","12":"tag-featurednews","13":"tag-fi","14":"tag-finland","15":"tag-finnish","16":"tag-headlines","17":"tag-kaupunginjohtajat","18":"tag-kotimaa","19":"tag-kunnanvaltuustot","20":"tag-kunnat","21":"tag-lappi","22":"tag-latest-news","23":"tag-latestnews","24":"tag-main-news","25":"tag-mainnews","26":"tag-news","27":"tag-otsikot","28":"tag-paauutiset","29":"tag-rovaniemi","30":"tag-suomi","31":"tag-top-stories","32":"tag-topstories","33":"tag-uutiset"},"share_on_mastodon":{"url":"https:\/\/pubeurope.com\/@fi\/115645160393117505","error":""},"_links":{"self":[{"href":"https:\/\/www.europesays.com\/fi\/wp-json\/wp\/v2\/posts\/104972","targetHints":{"allow":["GET"]}}],"collection":[{"href":"https:\/\/www.europesays.com\/fi\/wp-json\/wp\/v2\/posts"}],"about":[{"href":"https:\/\/www.europesays.com\/fi\/wp-json\/wp\/v2\/types\/post"}],"author":[{"embeddable":true,"href":"https:\/\/www.europesays.com\/fi\/wp-json\/wp\/v2\/users\/2"}],"replies":[{"embeddable":true,"href":"https:\/\/www.europesays.com\/fi\/wp-json\/wp\/v2\/comments?post=104972"}],"version-history":[{"count":0,"href":"https:\/\/www.europesays.com\/fi\/wp-json\/wp\/v2\/posts\/104972\/revisions"}],"wp:featuredmedia":[{"embeddable":true,"href":"https:\/\/www.europesays.com\/fi\/wp-json\/wp\/v2\/media\/104973"}],"wp:attachment":[{"href":"https:\/\/www.europesays.com\/fi\/wp-json\/wp\/v2\/media?parent=104972"}],"wp:term":[{"taxonomy":"category","embeddable":true,"href":"https:\/\/www.europesays.com\/fi\/wp-json\/wp\/v2\/categories?post=104972"},{"taxonomy":"post_tag","embeddable":true,"href":"https:\/\/www.europesays.com\/fi\/wp-json\/wp\/v2\/tags?post=104972"}],"curies":[{"name":"wp","href":"https:\/\/api.w.org\/{rel}","templated":true}]}}