{"id":104981,"date":"2025-12-01T16:20:15","date_gmt":"2025-12-01T16:20:15","guid":{"rendered":"https:\/\/www.europesays.com\/fi\/104981\/"},"modified":"2025-12-01T16:20:15","modified_gmt":"2025-12-01T16:20:15","slug":"joulukalenteri-tonttuakatemia-2-anna-riikka-rajanen-ja-manoel-pinto-kertovat-elamanmuutoksesta","status":"publish","type":"post","link":"https:\/\/www.europesays.com\/fi\/104981\/","title":{"rendered":"Joulukalenteri: Tonttuakatemia 2, Anna-Riikka Rajanen ja Manoel Pinto kertovat el\u00e4m\u00e4nmuutoksesta"},"content":{"rendered":"<p>\n            Joulukalenteri: Tonttuakatemia. Anna-Riikka Pajanen ja Manoel Pinto. Yle.<br \/>\n            Hannu K\u00e4ki\/Yle\n        <\/p>\n<p class=\"subtitle \">Anna-Riikka Rajanen ja Manoel Pinto jatkavat rakastetuissa rooleissaan.<\/p>\n<p class=\"article-content article-content-width !bg-background\">Ensimm\u00e4inen Joulukalenteri: Tonttuakatemia -kausi esitettin Ylen kanavilla joulukuussa 2019. Nyt alkavalla toisella kaudella  ja  n\u00e4hd\u00e4\u00e4n j\u00e4lleen tonttujen opinahjoon salaa soluttautuneen Persilja-peikon ja r\u00e4pp\u00e4\u00e4mist\u00e4 harrastavan Kaneli-tontun rooleissa.<\/p>\n<p class=\"font-weight-bold m-font-weight-bold italic m-italic article-content article-content-width !bg-background\">Video: Minna Koskela kertoo rouva Mantelin roolistaan ja uusista tuulistaan<\/p>\n<p class=\"article-content article-content-width !bg-background\">Varsin pitk\u00e4 tauko ei juurikaan vaikuttanut ainakaan negatiivisesti n\u00e4yttelij\u00e4nty\u00f6h\u00f6n ja roolihahmon l\u00f6yt\u00e4miseen.<\/p>\n<p class=\"article-content article-content-width !bg-background\"> \u2013 Kun sai ne vaatteet p\u00e4\u00e4lle ja se koko maailma oli rakennettu studioon, niin kyll\u00e4 se oli j\u00e4lleen kokonaisvaltainen hypp\u00e4ys jouluun, Anna-Riikka kuvailee.<\/p>\n<p class=\"article-content article-content-width !bg-background\"> \u2013 Sen kyll\u00e4 tajusi, ett\u00e4 kun itselle on t\u00e4ss\u00e4 v\u00e4liss\u00e4 tullut perheenlis\u00e4yst\u00e4, niin koko hommaa katsoo eri tavalla. Ja osaa olla ihan eri tavalla ylpe\u00e4 sarjasta. T\u00e4m\u00e4 on t\u00e4rke\u00e4 juttu lasten joulunodotuksessa! Anna-Riikka painottaa.<\/p>\n<p>Hupia my\u00f6s aikuiskatsojalle<\/p>\n<p class=\"article-content article-content-width !bg-background\">Toinen kausi tuo tuttujen hahmojen lis\u00e4ksi mukaan my\u00f6s uusia kasvoja. Er\u00e4s heist\u00e4 on Vanilja, joka on niin sanottu tometonttu. Tome on viittaus someen eli sosiaaliseen mediaan.<\/p>\n<p class=\"article-content article-content-width !bg-background\"> \u2013\u00a0Nuo ovat hauskoja juttuja, joista aikuinenkin saa iloa. Toisaalta sain vaikuttaa omiin r\u00e4ppiosuuksiini paljon, ja meill\u00e4 oli musiikkivastaavan  kanssa sellainen periaate, ett\u00e4 mit\u00e4 hassumpi idea, sit\u00e4 parempi, Manoel kertoo.<\/p>\n<p>                <img decoding=\"async\" src=\"https:\/\/www.europesays.com\/fi\/wp-content\/uploads\/2025\/12\/1996668.webp\" width=\"576\" height=\"274\" alt=\"Tonttuakatemian uutena hahmona n\u00e4hd\u00e4\u00e4n muun muassa Aksa Korttilan n\u00e4yttelem\u00e4 tometonttu Vanilja.\" loading=\"lazy\" \/>            <\/p>\n<p>\n            Tonttuakatemian uutena hahmona n\u00e4hd\u00e4\u00e4n muun muassa Aksa Korttilan n\u00e4yttelem\u00e4 tometonttu Vanilja.<br \/>\n            Hannu K\u00e4ki\/Yle\n        <\/p>\n<p class=\"article-content article-content-width !bg-background\"> \u2013 Toisaalta sit\u00e4 ei halunnut liikaa mietti\u00e4, ett\u00e4 kuinka paljon revittelee roolissaan. Pit\u00e4\u00e4 luottaa omaan hahmoon, tehd\u00e4 sit\u00e4 tarkasti ja ohjaaja  sitten kertoo, jos menee liian \u00f6veriksi, Anna-Riikka pohtii.<\/p>\n<p>Yksityiskohdat kunnossa<\/p>\n<p class=\"article-content article-content-width !bg-background\">Tonttuakatemia 2 on kuvattu jo hein\u00e4\u2013elokuussa 2024. Milt\u00e4 tuntui siirty\u00e4 joulutunnelmiin kes\u00e4keleill\u00e4?<\/p>\n<p class=\"article-content article-content-width !bg-background\"> \u2013 Itse olen l\u00e4ht\u00f6kohtaisesti sellainen joulunrakastaja, ett\u00e4 tuollainen ei tuota mit\u00e4\u00e4n ongelmia, Anna-Riikka kertoo.<\/p>\n<p>        <a itemprop=\"url\" href=\"https:\/\/www.seiska.fi\/katso\/nain-joulupukin-kuuma-linja-todellisuudessa-tehdaan-tontuiksi-paasevat-vain-harvat-ja-valitut\/1562032\" rel=\"nofollow noopener\" target=\"_blank\"><\/p>\n<p class=\"section-date\">\n        <strong class=\"article-section\" data-section=\"katso\"><br \/>\n            katso<br \/>\n        <\/strong><br \/>\n        24.12.2024 06:15\n    <\/p>\n<p>N\u00e4in Joulupukin kuuma linja todellisuudessa tehd\u00e4\u00e4n \u2013 tontuiksi p\u00e4\u00e4sev\u00e4t vain harvat ja valitut\n    <\/p>\n<p itemprop=\"description\" class=\"subtitle \">\n    Punanuttu avaa aattoaamun j\u00e4lleen 24. joulukuuta.\n<\/p>\n<p>        <\/a><\/p>\n<p class=\"article-content article-content-width !bg-background\"> \u2013 T\u00e4ytyy my\u00f6s sanoa, ett\u00e4 lavastustiimi oli j\u00e4lleen tehnyt uskomatonta ty\u00f6t\u00e4. Sellaisiinkin pieniin yksityiskohtiin, jotka eiv\u00e4t v\u00e4ltt\u00e4m\u00e4tt\u00e4 n\u00e4y katsojille asti, oli panostettu valtavasti, Manoel kehuu.<\/p>\n<p class=\"italic m-italic article-content article-content-width !bg-background\">Joulukalenteri: Tonttuakatemia 2 alkaa 1.12. ja jaksot n\u00e4hd\u00e4\u00e4n kolme kertaa p\u00e4iv\u00e4ss\u00e4.<\/p>\n<p>        <a itemprop=\"url\" href=\"https:\/\/www.seiska.fi\/katso\/tama-klassikko-on-joululeffojen-ehdoton-ykkonen-katso-koko-lista-parhaista-jouluelokuvista\/1224141\" rel=\"nofollow noopener\" target=\"_blank\"><\/p>\n<p class=\"section-date\">\n        <strong class=\"article-section\" data-section=\"katso\"><br \/>\n            katso<br \/>\n        <\/strong><br \/>\n        22.12.2023 06:15\n    <\/p>\n<p>T\u00e4m\u00e4 klassikko on joululeffojen ehdoton ykk\u00f6nen &#8211; katso koko lista parhaista jouluelokuvista\n    <\/p>\n<p itemprop=\"description\" class=\"subtitle \">\n    Katson toimitus ker\u00e4si listan elokuvista, joiden parissa ei tule tyls\u00e4\u00e4 joulun pyhin\u00e4.\n<\/p>\n<p>        <\/a><\/p>\n","protected":false},"excerpt":{"rendered":"Joulukalenteri: Tonttuakatemia. Anna-Riikka Pajanen ja Manoel Pinto. Yle. Hannu K\u00e4ki\/Yle Anna-Riikka Rajanen ja Manoel Pinto jatkavat rakastetuissa rooleissaan.&hellip;\n","protected":false},"author":2,"featured_media":104982,"comment_status":"","ping_status":"","sticky":false,"template":"","format":"standard","meta":{"footnotes":""},"categories":[133],"tags":[19682,137,33,31,30,14945,19832,19833,19813,19683,19834,32,206,156,918,109,1149],"class_list":{"0":"post-104981","1":"post","2":"type-post","3":"status-publish","4":"format-standard","5":"has-post-thumbnail","7":"category-televisiot","8":"tag-anna-riikka-rajanen","9":"tag-entertainment","10":"tag-fi","11":"tag-finland","12":"tag-finnish","13":"tag-joulukalenteri","14":"tag-joulukalenteri-tonttuakatemia","15":"tag-jussi-lehtomaki","16":"tag-lastenohjelma","17":"tag-manoel-pinto","18":"tag-markus-koskinen","19":"tag-suomi","20":"tag-televisiot","21":"tag-tv","22":"tag-tv2","23":"tag-viihde","24":"tag-yle"},"share_on_mastodon":{"url":"https:\/\/pubeurope.com\/@fi\/115645227131307156","error":""},"_links":{"self":[{"href":"https:\/\/www.europesays.com\/fi\/wp-json\/wp\/v2\/posts\/104981","targetHints":{"allow":["GET"]}}],"collection":[{"href":"https:\/\/www.europesays.com\/fi\/wp-json\/wp\/v2\/posts"}],"about":[{"href":"https:\/\/www.europesays.com\/fi\/wp-json\/wp\/v2\/types\/post"}],"author":[{"embeddable":true,"href":"https:\/\/www.europesays.com\/fi\/wp-json\/wp\/v2\/users\/2"}],"replies":[{"embeddable":true,"href":"https:\/\/www.europesays.com\/fi\/wp-json\/wp\/v2\/comments?post=104981"}],"version-history":[{"count":0,"href":"https:\/\/www.europesays.com\/fi\/wp-json\/wp\/v2\/posts\/104981\/revisions"}],"wp:featuredmedia":[{"embeddable":true,"href":"https:\/\/www.europesays.com\/fi\/wp-json\/wp\/v2\/media\/104982"}],"wp:attachment":[{"href":"https:\/\/www.europesays.com\/fi\/wp-json\/wp\/v2\/media?parent=104981"}],"wp:term":[{"taxonomy":"category","embeddable":true,"href":"https:\/\/www.europesays.com\/fi\/wp-json\/wp\/v2\/categories?post=104981"},{"taxonomy":"post_tag","embeddable":true,"href":"https:\/\/www.europesays.com\/fi\/wp-json\/wp\/v2\/tags?post=104981"}],"curies":[{"name":"wp","href":"https:\/\/api.w.org\/{rel}","templated":true}]}}