{"id":104983,"date":"2025-12-01T16:24:08","date_gmt":"2025-12-01T16:24:08","guid":{"rendered":"https:\/\/www.europesays.com\/fi\/104983\/"},"modified":"2025-12-01T16:24:08","modified_gmt":"2025-12-01T16:24:08","slug":"testotimolle-kavi-huonosti-aivoverenvuoto-iltalehti","status":"publish","type":"post","link":"https:\/\/www.europesays.com\/fi\/104983\/","title":{"rendered":"Testotimolle k\u00e4vi huonosti \u2013 \u201dAivoverenvuoto\u201d &#8211; Iltalehti"},"content":{"rendered":"<ol>\n<li><a href=\"https:\/\/news.google.com\/rss\/articles\/CBMihAFBVV95cUxQQjBvOEFpY1Uyd1kwVERlcHRSUjdLMVdtTFY3M0hyM1NmVU5EVGlVM09KMmVqVUJTemRxeVJFNGZZZEhhOVY2a3Vldm5CRWZjZEFySUlBaEZxUWFlVVQwWFN5bm5qM0dKOTdNamh5V1ROeUR4NlluZjJOc1hBbENaYUROR0c?oc=5\" target=\"_blank\" rel=\"nofollow noopener\">Testotimolle k\u00e4vi huonosti \u2013 \u201dAivoverenvuoto\u201d<\/a>&nbsp;&nbsp;Iltalehti<\/li>\n<li><a href=\"https:\/\/news.google.com\/rss\/articles\/CBMiXEFVX3lxTE5qYzhNdERBR2dha1AzTHJNWEx0UGhjdlZSWlMyM0RqZzZCalR4cUVBNlVhaGdXZG1qcW16TnFOVkxwYVFjVmhIUUpneGxVZ0Y4eGVWMUxnTmd6dzM4?oc=5\" target=\"_blank\" rel=\"nofollow noopener\">Jymyk\u00e4\u00e4nne Ice Cagessa \u2013 t\u00e4ss\u00e4 on 150-kiloisen j\u00e4ttil\u00e4isen uusi vastustaja<\/a>&nbsp;&nbsp;Ilta-Sanomat<\/li>\n<li><a href=\"https:\/\/news.google.com\/rss\/articles\/CBMibEFVX3lxTE50OEhYcEhGUTItSFB4SE5Nb2p4MV9zb3FxdU5jQzRyS3hWM2s1S1hxYXlJQ3U3NEctRWtqZU5JYkY5SmdST0pFMlhWSnZYdHhQQm4tOVliOFF0VER0SmlUU0J0WnA4c3N3ckdFXw?oc=5\" target=\"_blank\" rel=\"nofollow noopener\">Testo-Timon Ice Cage -ottelu peruuntui aivoverenvuodon vuoksi \u2013 Matias Niemi korvaajaksi Roger Karimusta vastaan<\/a>&nbsp;&nbsp;Pallomeri.net<\/li>\n<li><a href=\"https:\/\/news.google.com\/rss\/articles\/CBMibEFVX3lxTE43NDcycXJMZWd6anFGTjlsY0RQS2lBbmxsVS1hb3kyVFF1bU9hSk5yMVp6a1dQQUpCeXo4MC1uUkQzTWQ3SWJmOUVmUHRCc2VuclhZWDR3SFZuVTVEWnBLWnBTa21HSEg2S1E2OQ?oc=5\" target=\"_blank\" rel=\"nofollow noopener\">Testotimo: Pelottava l\u00f6yd\u00f6s aivokuvissa!<\/a>&nbsp;&nbsp;Gekkonen<\/li>\n<li><a href=\"https:\/\/news.google.com\/rss\/articles\/CBMifEFVX3lxTE5mTERVTW9GZkgtc25JYnJiOC1CQzIzZ0FkZ0pVcEJ6X0FNX2pOaUdaTEFoVUt5TUVNbm9TSTJxVExVdkl0OXdoNTJxcC1RYkJRMmZCTkh5YjBxWWxqYldrdUdqTXlaM2tneUk2MlAtalVNTEl4U3VaazllR0M?oc=5\" target=\"_blank\" rel=\"nofollow noopener\">Testotimo joutui sairaalaan: vakava loukkaantuminen!<\/a>&nbsp;&nbsp;Gekkonen<\/li>\n<\/ol>\n","protected":false},"excerpt":{"rendered":"Testotimolle k\u00e4vi huonosti \u2013 \u201dAivoverenvuoto\u201d&nbsp;&nbsp;Iltalehti Jymyk\u00e4\u00e4nne Ice Cagessa \u2013 t\u00e4ss\u00e4 on 150-kiloisen j\u00e4ttil\u00e4isen uusi vastustaja&nbsp;&nbsp;Ilta-Sanomat Testo-Timon Ice Cage&hellip;\n","protected":false},"author":2,"featured_media":104984,"comment_status":"","ping_status":"","sticky":false,"template":"","format":"standard","meta":{"footnotes":""},"categories":[158],"tags":[35,33,31,30,3844,2111,41,2232,159,32,3823,160],"class_list":{"0":"post-104983","1":"post","2":"type-post","3":"status-publish","4":"format-standard","5":"has-post-thumbnail","7":"category-urheilu","8":"tag-24h","9":"tag-fi","10":"tag-finland","11":"tag-finnish","12":"tag-kamppailu-urheilu","13":"tag-kuntourheilu","14":"tag-liikunta-ja-urheilu","15":"tag-ruumiillinen-kunto","16":"tag-sports","17":"tag-suomi","18":"tag-treenit-urheilu","19":"tag-urheilu"},"share_on_mastodon":{"url":"https:\/\/pubeurope.com\/@fi\/115645242760735459","error":""},"_links":{"self":[{"href":"https:\/\/www.europesays.com\/fi\/wp-json\/wp\/v2\/posts\/104983","targetHints":{"allow":["GET"]}}],"collection":[{"href":"https:\/\/www.europesays.com\/fi\/wp-json\/wp\/v2\/posts"}],"about":[{"href":"https:\/\/www.europesays.com\/fi\/wp-json\/wp\/v2\/types\/post"}],"author":[{"embeddable":true,"href":"https:\/\/www.europesays.com\/fi\/wp-json\/wp\/v2\/users\/2"}],"replies":[{"embeddable":true,"href":"https:\/\/www.europesays.com\/fi\/wp-json\/wp\/v2\/comments?post=104983"}],"version-history":[{"count":0,"href":"https:\/\/www.europesays.com\/fi\/wp-json\/wp\/v2\/posts\/104983\/revisions"}],"wp:featuredmedia":[{"embeddable":true,"href":"https:\/\/www.europesays.com\/fi\/wp-json\/wp\/v2\/media\/104984"}],"wp:attachment":[{"href":"https:\/\/www.europesays.com\/fi\/wp-json\/wp\/v2\/media?parent=104983"}],"wp:term":[{"taxonomy":"category","embeddable":true,"href":"https:\/\/www.europesays.com\/fi\/wp-json\/wp\/v2\/categories?post=104983"},{"taxonomy":"post_tag","embeddable":true,"href":"https:\/\/www.europesays.com\/fi\/wp-json\/wp\/v2\/tags?post=104983"}],"curies":[{"name":"wp","href":"https:\/\/api.w.org\/{rel}","templated":true}]}}