{"id":104985,"date":"2025-12-01T16:25:09","date_gmt":"2025-12-01T16:25:09","guid":{"rendered":"https:\/\/www.europesays.com\/fi\/104985\/"},"modified":"2025-12-01T16:25:09","modified_gmt":"2025-12-01T16:25:09","slug":"pieni-festivaali-o-fest-nousi-vastustamaan-ison-levy-yhtion-valtaa-kulttuuri","status":"publish","type":"post","link":"https:\/\/www.europesays.com\/fi\/104985\/","title":{"rendered":"Pieni festivaali \u00d6 Fest nousi vastustamaan ison levy-yhti\u00f6n valtaa | Kulttuuri"},"content":{"rendered":"<p class=\"aw-1gybjub aw-5vja16 kEtdKx kmuxyA yle__article__paragraph\">\u00d6 Festill\u00e4 ei n\u00e4hd\u00e4 ensi kes\u00e4n\u00e4 Warner Music Liven artisteja, koska j\u00e4rjest\u00e4jien mukaan kansainv\u00e4linen yritys pystyy vaikuttamaan liikaa festivaalien esiintyjiin.<\/p>\n<p><img decoding=\"async\" alt=\"Festivaaliyleis\u00f6\u00e4 k\u00e4det pystyss\u00e4.\" src=\"https:\/\/www.europesays.com\/fi\/wp-content\/uploads\/2025\/12\/39-1562440692db1e5e2485.jpeg\" class=\"aw-1l9m598 hKVVvP\"\/><\/p>\n<p>Avaa kuvien katselu<\/p>\n<p>\u00d6 Festin yleis\u00f6\u00e4 kes\u00e4lt\u00e4 2025. Kuva: Marko Nevanper\u00e4 \/ \u00d6 Fest<\/p>\n<p class=\"aw-1gybjub aw-1p7kakr kEtdKx cEmitX yle__article__paragraph\">\u00d6 Fest ilmoitti maanantaina <a class=\"aw-iao6s4 iHOxEa yle__article__link\" href=\"https:\/\/www.instagram.com\/p\/DRtuDSqiMpw\/?img_index=1\" role=\"link\" rel=\"nofollow noopener\" target=\"_blank\">Instagram-tilill\u00e4\u00e4n<\/a>, ett\u00e4 festivaalilla ei ensi kes\u00e4n\u00e4 n\u00e4hd\u00e4 Warner Music Liven artisteja. Syyn\u00e4 on se, ett\u00e4 Warner Music Live vastaa jatkossa Nelonen Median festareiden ohjelmasuunnittelusta. Tapahtumia on yli 10 eri puolilla Suomea. \u00d6 Festin mukaan t\u00e4llainen vallan keskittyminen yh\u00e4 harvemmille toimijoille uhkaa yksipuolistaa musiikkialaa.<\/p>\n<p class=\"aw-1gybjub aw-1p7kakr kEtdKx cEmitX yle__article__paragraph\">Kuusi kertaa j\u00e4rjestetty \u00d6 Fest j\u00e4rjestet\u00e4\u00e4n kes\u00e4isin paikassa, josta ei kerrota k\u00e4vij\u00f6ille etuk\u00e4teen. L\u00e4hinn\u00e4 vaihtoehtoisia esiintyji\u00e4 esittelev\u00e4 tapahtuma ker\u00e4si viime kes\u00e4n\u00e4 kahden p\u00e4iv\u00e4n aikana 1 200 k\u00e4vij\u00e4\u00e4.<\/p>\n<p class=\"aw-1gybjub aw-1p7kakr kEtdKx cEmitX yle__article__paragraph\">Festivaalin johtaja <strong class=\"aw-ak79eh KyCXm yle__article__strong\">Matias van Houtum<\/strong> sanoo, ett\u00e4 vaikka heid\u00e4n tapahtumassaan ei ole ollut useita Warner Music Liven artisteja, he kokevat velvollisuudekseen nostaa asiaa keskusteluun. Moni alalla ei uskalla puhua asiasta, mutta pieni festivaali voi sen tehd\u00e4.<\/p>\n<p class=\"aw-1gybjub aw-1p7kakr kEtdKx cEmitX yle__article__paragraph\">Van Houtumin mielest\u00e4 on ongelmallista, ett\u00e4 Warner Musicin kaltainen iso levy-yhti\u00f6 pystyy k\u00e4ytt\u00e4m\u00e4\u00e4n valtaa, mitk\u00e4 artistit p\u00e4\u00e4sev\u00e4t esiintym\u00e4\u00e4n festivaaleilla. Pelkona on, ett\u00e4 uudet nousevat artistit j\u00e4\u00e4v\u00e4t varjoon ja kes\u00e4festarien ohjelmat tasap\u00e4istyv\u00e4t entisest\u00e4\u00e4n.<\/p>\n<p class=\"aw-1gybjub aw-1p7kakr kEtdKx cEmitX yle__article__paragraph\">\u2013 On tosi paljon nuoria taitavia artisteja, jotka eiv\u00e4t ehk\u00e4 tee sit\u00e4 kaikista suosituinta musiikkia, joka soi radioissa, mutta jotka ansaitsevat meid\u00e4n mielest\u00e4 kuitenkin esiintymismahdollisuuden.<\/p>\n<p>Warner vakuuttaa, ettei omia artisteja suosita<\/p>\n<p class=\"aw-1gybjub aw-1p7kakr kEtdKx cEmitX yle__article__paragraph\">Marraskuussa k\u00e4vi ilmi, ett\u00e4 Maustetytt\u00f6jen kaksi ensi kes\u00e4n keikkaa peruttiin Suomipop-festivaaleilta. Yhtyett\u00e4 edustavan L\u00f6rdag-levy-yhti\u00f6n taiteellisen johtajan <strong class=\"aw-ak79eh KyCXm yle__article__strong\">Aki Roukalan<\/strong> mukaan keikat peruttiin s\u00e4\u00e4st\u00f6syist\u00e4.<\/p>\n<p class=\"aw-1gybjub aw-1p7kakr kEtdKx cEmitX yle__article__paragraph\">Nelonen Median liiketoimintajohtaja <strong class=\"aw-ak79eh KyCXm yle__article__strong\">Kari Laakso<\/strong> kertoi Ylelle, ett\u00e4 uudessa toimintamallissa tapahtumien kohderyhmi\u00e4 arvioidaan uudelleen. T\u00e4m\u00e4n vuoksi joitakin varauksia perutaan ja uusia buukkauksia tehd\u00e4\u00e4n.<\/p>\n<p class=\"aw-1gybjub aw-1p7kakr kEtdKx cEmitX yle__article__paragraph\">Laakson mukaan Warner Music Liven artistien osuus ei ole muutosten my\u00f6t\u00e4 kasvanut. Warner Music Finlandin toimitusjohtajan <strong class=\"aw-ak79eh KyCXm yle__article__strong\">Ramona Forsstr\u00f6min<\/strong> mukaan Nelonen Median festareille on lis\u00e4tty enemm\u00e4n Warnerin ulkopuolisia artisteja kuin niit\u00e4 on peruttu.<\/p>\n<p class=\"aw-1gybjub aw-1p7kakr kEtdKx cEmitX yle__article__paragraph\">\u00d6 Festin van Houtumin mielest\u00e4 alalla toimivien olisi hy\u00f6dyllist\u00e4 pohtia, miten musiikkialan valta-asemat vaikuttavat tapahtumiin.<\/p>\n<p class=\"aw-1gybjub aw-1p7kakr kEtdKx cEmitX yle__article__paragraph\">\u2013 Festivaalien promoottorien kannattaa antaa mahdollisuus pienemmillekin artisteille ja luoda monipuolisia, mielenkiintoisia, ohjelmistoja.<\/p>\n<p><script async src=\"\/\/www.instagram.com\/embed.js\"><\/script><\/p>\n","protected":false},"excerpt":{"rendered":"\u00d6 Festill\u00e4 ei n\u00e4hd\u00e4 ensi kes\u00e4n\u00e4 Warner Music Liven artisteja, koska j\u00e4rjest\u00e4jien mukaan kansainv\u00e4linen yritys pystyy vaikuttamaan liikaa&hellip;\n","protected":false},"author":2,"featured_media":104986,"comment_status":"","ping_status":"","sticky":false,"template":"","format":"standard","meta":{"footnotes":""},"categories":[130],"tags":[137,970,33,31,30,108,19835,47,32,1667,109,18739],"class_list":{"0":"post-104985","1":"post","2":"type-post","3":"status-publish","4":"format-standard","5":"has-post-thumbnail","7":"category-viihde","8":"tag-entertainment","9":"tag-festivaalit","10":"tag-fi","11":"tag-finland","12":"tag-finnish","13":"tag-kulttuuri","14":"tag-levy-yhtiot","15":"tag-musiikki","16":"tag-suomi","17":"tag-tapahtumat","18":"tag-viihde","19":"tag-warner-music-finland"},"share_on_mastodon":{"url":"https:\/\/pubeurope.com\/@fi\/115645246746637009","error":""},"_links":{"self":[{"href":"https:\/\/www.europesays.com\/fi\/wp-json\/wp\/v2\/posts\/104985","targetHints":{"allow":["GET"]}}],"collection":[{"href":"https:\/\/www.europesays.com\/fi\/wp-json\/wp\/v2\/posts"}],"about":[{"href":"https:\/\/www.europesays.com\/fi\/wp-json\/wp\/v2\/types\/post"}],"author":[{"embeddable":true,"href":"https:\/\/www.europesays.com\/fi\/wp-json\/wp\/v2\/users\/2"}],"replies":[{"embeddable":true,"href":"https:\/\/www.europesays.com\/fi\/wp-json\/wp\/v2\/comments?post=104985"}],"version-history":[{"count":0,"href":"https:\/\/www.europesays.com\/fi\/wp-json\/wp\/v2\/posts\/104985\/revisions"}],"wp:featuredmedia":[{"embeddable":true,"href":"https:\/\/www.europesays.com\/fi\/wp-json\/wp\/v2\/media\/104986"}],"wp:attachment":[{"href":"https:\/\/www.europesays.com\/fi\/wp-json\/wp\/v2\/media?parent=104985"}],"wp:term":[{"taxonomy":"category","embeddable":true,"href":"https:\/\/www.europesays.com\/fi\/wp-json\/wp\/v2\/categories?post=104985"},{"taxonomy":"post_tag","embeddable":true,"href":"https:\/\/www.europesays.com\/fi\/wp-json\/wp\/v2\/tags?post=104985"}],"curies":[{"name":"wp","href":"https:\/\/api.w.org\/{rel}","templated":true}]}}