{"id":104989,"date":"2025-12-01T16:29:09","date_gmt":"2025-12-01T16:29:09","guid":{"rendered":"https:\/\/www.europesays.com\/fi\/104989\/"},"modified":"2025-12-01T16:29:09","modified_gmt":"2025-12-01T16:29:09","slug":"kreml-vahvisti-putinin-ja-witkoffin-tapaamisen","status":"publish","type":"post","link":"https:\/\/www.europesays.com\/fi\/104989\/","title":{"rendered":"Kreml vahvisti Putinin ja Witkoffin tapaamisen"},"content":{"rendered":"<p><strong class=\"typography-bold\">Yhdysvaltojen erityisl\u00e4hettil\u00e4s matkustaa t\u00e4n\u00e4\u00e4n maanantaina Moskovaan.<\/strong><\/p>\n<p>Kreml vahvistaa, ett\u00e4 presidentti <strong class=\"typography-bold\">Vladimir Putin<\/strong><strong class=\"typography-bold\"> <\/strong>keskustelee Yhdysvaltojen erityisl\u00e4hettil\u00e4\u00e4n <strong class=\"typography-bold\">Steve Witkoffin<\/strong> kanssa huomenna iltap\u00e4iv\u00e4ll\u00e4.<\/p>\n<p>Kremlin tiedottajan <strong class=\"typography-bold\">Dmitri Peskovin<\/strong> mukaan kaksikko keskustelee &#8221;p\u00e4iv\u00e4n j\u00e4lkipuoliskolla&#8221;.<\/p>\n<p>Aiemmin yhdysvaltalainen virkamiesl\u00e4hde kertoi, ett\u00e4 Witkoff matkustaa Moskovaan t\u00e4n\u00e4\u00e4n.\u00a0<\/p>\n<p>Yhdysvaltain presidentti <strong class=\"typography-bold\">Donald Trump<\/strong> <a class=\"underline\" data-testid=\"internal-link\" role=\"link\" data-sentry-element=\"Link\" data-sentry-component=\"InternalLink\" data-sentry-source-file=\"InternalLink.tsx\" href=\"https:\/\/www.mtvuutiset.fi\/artikkeli\/trump-ukraina-neuvotteluista-uskon-etta-meilla-on-hyvat-mahdollisuudet-paasta-sopimukseen\/9263474\" rel=\"nofollow noopener\" target=\"_blank\">kertoi <\/a>aiemmin suhtautuvansa optimisesti siihen, ett\u00e4 sopimus sodan lopettamiseksi Ukrainassa on mahdollista saada aikaan.<\/p>\n<p><strong class=\"typography-bold\">Lue my\u00f6s: <\/strong><a class=\"underline\" data-testid=\"internal-link\" role=\"link\" data-sentry-element=\"Link\" data-sentry-component=\"InternalLink\" data-sentry-source-file=\"InternalLink.tsx\" href=\"https:\/\/www.mtvuutiset.fi\/artikkeli\/trump-ukraina-neuvotteluista-uskon-etta-meilla-on-hyvat-mahdollisuudet-paasta-sopimukseen\/9263474\" rel=\"nofollow noopener\" target=\"_blank\"><strong class=\"typography-bold\">Trump Ukraina-neuvotteluista: Hyv\u00e4t mahdollisuudet p\u00e4\u00e4st\u00e4 sopimukseen<\/strong><\/a><strong class=\"typography-bold\">Witkoff tapasi Ukrainan neuvottelijan<\/strong><\/p>\n<p>Steve Witkoff tapasi t\u00e4n\u00e4\u00e4n j\u00e4lleen Ukrainan p\u00e4\u00e4neuvottelijan <strong class=\"typography-bold\">Rustem Umjerovin<\/strong>, kertovat uutistoimisto AFP:n viranomaisl\u00e4hteet.<\/p>\n","protected":false},"excerpt":{"rendered":"Yhdysvaltojen erityisl\u00e4hettil\u00e4s matkustaa t\u00e4n\u00e4\u00e4n maanantaina Moskovaan. Kreml vahvistaa, ett\u00e4 presidentti Vladimir Putin keskustelee Yhdysvaltojen erityisl\u00e4hettil\u00e4\u00e4n Steve Witkoffin kanssa&hellip;\n","protected":false},"author":2,"featured_media":104990,"comment_status":"","ping_status":"","sticky":false,"template":"","format":"standard","meta":{"footnotes":""},"categories":[14],"tags":[22,23,26,27,33,31,30,17,24,25,28,29,15,18,21,32,19,20,56,16,59,60,61],"class_list":{"0":"post-104989","1":"post","2":"type-post","3":"status-publish","4":"format-standard","5":"has-post-thumbnail","7":"category-ulkomaat","8":"tag-breaking-news","9":"tag-breakingnews","10":"tag-featured-news","11":"tag-featurednews","12":"tag-fi","13":"tag-finland","14":"tag-finnish","15":"tag-headlines","16":"tag-latest-news","17":"tag-latestnews","18":"tag-main-news","19":"tag-mainnews","20":"tag-news","21":"tag-otsikot","22":"tag-paauutiset","23":"tag-suomi","24":"tag-top-stories","25":"tag-topstories","26":"tag-ulkomaat","27":"tag-uutiset","28":"tag-world","29":"tag-world-news","30":"tag-worldnews"},"share_on_mastodon":{"url":"https:\/\/pubeurope.com\/@fi\/115645262454219400","error":""},"_links":{"self":[{"href":"https:\/\/www.europesays.com\/fi\/wp-json\/wp\/v2\/posts\/104989","targetHints":{"allow":["GET"]}}],"collection":[{"href":"https:\/\/www.europesays.com\/fi\/wp-json\/wp\/v2\/posts"}],"about":[{"href":"https:\/\/www.europesays.com\/fi\/wp-json\/wp\/v2\/types\/post"}],"author":[{"embeddable":true,"href":"https:\/\/www.europesays.com\/fi\/wp-json\/wp\/v2\/users\/2"}],"replies":[{"embeddable":true,"href":"https:\/\/www.europesays.com\/fi\/wp-json\/wp\/v2\/comments?post=104989"}],"version-history":[{"count":0,"href":"https:\/\/www.europesays.com\/fi\/wp-json\/wp\/v2\/posts\/104989\/revisions"}],"wp:featuredmedia":[{"embeddable":true,"href":"https:\/\/www.europesays.com\/fi\/wp-json\/wp\/v2\/media\/104990"}],"wp:attachment":[{"href":"https:\/\/www.europesays.com\/fi\/wp-json\/wp\/v2\/media?parent=104989"}],"wp:term":[{"taxonomy":"category","embeddable":true,"href":"https:\/\/www.europesays.com\/fi\/wp-json\/wp\/v2\/categories?post=104989"},{"taxonomy":"post_tag","embeddable":true,"href":"https:\/\/www.europesays.com\/fi\/wp-json\/wp\/v2\/tags?post=104989"}],"curies":[{"name":"wp","href":"https:\/\/api.w.org\/{rel}","templated":true}]}}