{"id":104997,"date":"2025-12-01T16:43:09","date_gmt":"2025-12-01T16:43:09","guid":{"rendered":"https:\/\/www.europesays.com\/fi\/104997\/"},"modified":"2025-12-01T16:43:09","modified_gmt":"2025-12-01T16:43:09","slug":"sinkkumarkkinoille-vapautunut-suvi-hartlin-ei-voi-enaa-sietaa-pikkujouluja","status":"publish","type":"post","link":"https:\/\/www.europesays.com\/fi\/104997\/","title":{"rendered":"Sinkkumarkkinoille vapautunut Suvi Hartlin ei voi en\u00e4\u00e4 siet\u00e4\u00e4 pikkujouluja."},"content":{"rendered":"<p>            Adobe Stock &amp; Matti Matikainen\n        <\/p>\n<p class=\"subtitle \">Hehke\u00e4 radiojuontaja puhuu suunsa puhtaaksi.<\/p>\n<p class=\"article-content article-content-width !bg-background\">Kalenterikuukausi on k\u00e4\u00e4ntynyt joulukuun puolelle, ja pikkujoulukausi hehkuu kuumimmillaan.<\/p>\n<p class=\"article-content article-content-width !bg-background\">My\u00f6s Radio Novan iltap\u00e4iv\u00e4juontaja , 44, aikoo laskeutua pikkujouluhumuun. Tosin vain valikoidussa seurassa.<\/p>\n<p class=\"article-content article-content-width !bg-background\">\u2013 Meill\u00e4 on tulossa firman eli Bauer Median pikkujoulut, Suvi paljastaa Seiskalle TTK-finaalin punaisella matolla.<\/p>\n<p class=\"article-content article-content-width !bg-background\">\u2013 Ne kekkerit menev\u00e4t kenties pieness\u00e4 humussa, mutta mit\u00e4\u00e4n muita pikkujouluja ei ole n\u00e4k\u00f6piiriss\u00e4.<\/p>\n<p>        <a itemprop=\"url\" href=\"https:\/\/www.seiska.fi\/kotimaa\/kastanja-rauhala-kommentoi-villeja-suhdehuhuja\/2002595\" rel=\"nofollow noopener\" target=\"_blank\"><\/p>\n<p>\nKastanja Rauhala Seiskalle:\n<\/p>\n<p class=\"section-date\">\n        <strong class=\"article-section\" data-section=\"kotimaa\"><br \/>\n            kotimaa<br \/>\n        <\/strong><br \/>\n        26.11. 06:00\n    <\/p>\n<p>Kastanja Rauhala kommentoi villej\u00e4 suhdehuhuja\n    <\/p>\n<p itemprop=\"description\" class=\"subtitle \">\n    Tulikuuman TTK-t\u00e4hden seurael\u00e4m\u00e4 kiinnostaa valtavasti kansalaisia.\n<\/p>\n<p>        <\/a><\/p>\n<p>\u201dEn todellakaan\u201d<\/p>\n<p class=\"article-content article-content-width !bg-background\">Eik\u00e4 Suvi oikeastaan pikkujouluja kaipaakaan. H\u00e4n sanoo suoraan nauttivansa siit\u00e4, ett\u00e4 saa juhlia firman bileiss\u00e4 suljettujen ovien takana.<\/p>\n<p class=\"article-content article-content-width !bg-background\">\u2013 Me ollaan ihan omissa oloissa ja tiloissa. En todellakaan jaksaisi l\u00e4hte\u00e4 mihink\u00e4\u00e4n baariin, h\u00e4n hym\u00e4ht\u00e4\u00e4.<\/p>\n<p class=\"article-content article-content-width !bg-background\">\u2013 Jotenkin tuntuu, ett\u00e4 m\u00e4 oon v\u00e4h\u00e4n liian\u2026 En m\u00e4 tied\u00e4. V\u00e4synyt siihen.<\/p>\n<p>        <a itemprop=\"url\" href=\"https:\/\/www.seiska.fi\/katso\/jorma-uotiselta-suorat-sanat-johannes-holopaisen-ttk-voitosta\/2003756\" rel=\"nofollow noopener\" target=\"_blank\"><\/p>\n<p>\nJorma Uotinen\n<\/p>\n<p class=\"section-date\">\n        <strong class=\"article-section\" data-section=\"katso\"><br \/>\n            katso<br \/>\n        <\/strong><br \/>\n        25.11. 17:15\n    <\/p>\n<p>Jorma Uotiselta suorat sanat Johannes Holopaisen TTK-voitosta\n    <\/p>\n<p itemprop=\"description\" class=\"subtitle \">\n    \u2013 M\u00e4 en jaksa, tuohtunut Jorma Uotinen tilitt\u00e4\u00e4 Katsolle.\n<\/p>\n<p>        <\/a><\/p>\n<p>Kurkkuaan my\u00f6ten t\u00e4ynn\u00e4<\/p>\n<p class=\"article-content article-content-width !bg-background\">Y\u00f6kerhokulttuuri on vuosien saatossa muuttunut, eiv\u00e4tk\u00e4 kansalaiset l\u00e4tr\u00e4\u00e4 en\u00e4\u00e4 entiseen malliin.<\/p>\n<p class=\"article-content article-content-width !bg-background\">My\u00f6sk\u00e4\u00e4n Suvia ei saisi kirveell\u00e4k\u00e4\u00e4n jonottamaan mihink\u00e4\u00e4n baariin tai y\u00f6kerhoon \u2013 oli k\u00e4ynniss\u00e4 pikkujoulusesonki tai ei.<\/p>\n<p class=\"article-content article-content-width !bg-background\">\u2013 Ei kiinnosta yht\u00e4\u00e4n jonotella! Vett\u00e4 sataa kuin aisaa, niin mit\u00e4 hittoa m\u00e4 siell\u00e4 seison?<\/p>\n<p>        <a itemprop=\"url\" href=\"https:\/\/www.seiska.fi\/kotimaa\/ernest-lawsonilla-koskettava-hetki-ttk-kulisseissa\/2002173\" rel=\"nofollow noopener\" target=\"_blank\"><\/p>\n<p>\nT\u00e4t\u00e4 ei n\u00e4hty tv:ss\u00e4\n<\/p>\n<p class=\"section-date\">\n        <strong class=\"article-section\" data-section=\"kotimaa\"><br \/>\n            kotimaa<br \/>\n        <\/strong><br \/>\n        25.11. 16:00\n    <\/p>\n<p>Ernest Lawsonilla koskettava hetki TTK-kulisseissa\n    <\/p>\n<p itemprop=\"description\" class=\"subtitle \">\n    Ernest Lawson varasti show\u2019n, vaikka tv-katsojat eiv\u00e4t sit\u00e4 n\u00e4hneetk\u00e4\u00e4n.\n<\/p>\n<p>        <\/a><\/p>\n<p>Vapautui sinkkumarkkinoille<\/p>\n<p class=\"article-content article-content-width !bg-background\">Suvi vapautui viime kev\u00e4\u00e4n\u00e4 sinkkumarkkinoille. H\u00e4n paljasti tuolloin eronneensa suhteesta, josta kertoi syksyll\u00e4 2023.<\/p>\n<p class=\"article-content article-content-width !bg-background\">Ennen sit\u00e4 Suvi seurusteli Nelonen Median musiikkip\u00e4\u00e4llikk\u00f6  kanssa. H\u00e4nell\u00e4 on aiemmasta liitostaan tyt\u00e4r.<\/p>\n<p class=\"article-content article-content-width !bg-background\">Suvin seurael\u00e4m\u00e4 kiinnostaa valtavasti veronmaksajia. Asiasta mainitseminen saa h\u00e4net spontaaniin nauruun.<\/p>\n<p class=\"article-content article-content-width !bg-background\">\u2013 Kyll\u00e4 se tietty v\u00e4h\u00e4n hassulta tuntuu. En m\u00e4 oikein osaa sanoa, h\u00e4n hym\u00e4ht\u00e4\u00e4 hymyiss\u00e4 suin.<\/p>\n<p>        <a itemprop=\"url\" href=\"https:\/\/www.seiska.fi\/kotimaa\/suomen-kuumin-sinkkuaiti-suvi-hartlinin-kuvat-allistyttavat-deittisovelluksessa\/1951316\" rel=\"nofollow noopener\" target=\"_blank\"><\/p>\n<p>\nSuomen kuumin sinkku\u00e4iti?\n<\/p>\n<p class=\"section-date\">\n        <strong class=\"article-section\" data-section=\"kotimaa\"><br \/>\n            kotimaa<br \/>\n        <\/strong><br \/>\n        3.10. 17:30\n    <\/p>\n<p>Suomen kuumin sinkku\u00e4iti? Suvi Hartlinin kuvat \u00e4llistytt\u00e4v\u00e4t deittisovelluksessa\n    <\/p>\n<p itemprop=\"description\" class=\"subtitle \">\n    Kuvankaunis radiojuontaja vie sinkkumiekkosilta jalat alta.\n<\/p>\n<p>        <\/a><\/p>\n<p>                <img decoding=\"async\" src=\"https:\/\/www.europesays.com\/fi\/wp-content\/uploads\/2025\/12\/2008499.webp\" width=\"576\" height=\"720\" alt=\"Suvi Hartlin loksautti leuat TTK-finaalissa, jossa antoi my\u00f6s pikkujouluhaastattelun Seiskalle.\" loading=\"lazy\" \/>            <\/p>\n<p>\n            Suvi Hartlin loksautti leuat TTK-finaalissa, jossa antoi my\u00f6s pikkujouluhaastattelun Seiskalle.<br \/>\n            Matti Matikainen\n        <\/p>\n","protected":false},"excerpt":{"rendered":"Adobe Stock &amp; Matti Matikainen Hehke\u00e4 radiojuontaja puhuu suunsa puhtaaksi. Kalenterikuukausi on k\u00e4\u00e4ntynyt joulukuun puolelle, ja pikkujoulukausi hehkuu&hellip;\n","protected":false},"author":2,"featured_media":104998,"comment_status":"","ping_status":"","sticky":false,"template":"","format":"standard","meta":{"footnotes":""},"categories":[136],"tags":[7484,407,137,33,31,30,408,6048,13946,3229,3228,8193,14810,651,32,3232,3099,6344,19837,109],"class_list":{"0":"post-104997","1":"post","2":"type-post","3":"status-publish","4":"format-standard","5":"has-post-thumbnail","7":"category-julkkikset","8":"tag-bauer-media","9":"tag-celebrities","10":"tag-entertainment","11":"tag-fi","12":"tag-finland","13":"tag-finnish","14":"tag-julkkikset","15":"tag-juontaja","16":"tag-pikkujoulut","17":"tag-radio-nova","18":"tag-radiojuontaja","19":"tag-sinkku","20":"tag-sinkkukaunotar","21":"tag-suhteet","22":"tag-suomi","23":"tag-suvi-hartlin","24":"tag-ttk","25":"tag-ttk-2025","26":"tag-ttk-finaali","27":"tag-viihde"},"share_on_mastodon":{"url":"https:\/\/pubeurope.com\/@fi\/115645317465927186","error":""},"_links":{"self":[{"href":"https:\/\/www.europesays.com\/fi\/wp-json\/wp\/v2\/posts\/104997","targetHints":{"allow":["GET"]}}],"collection":[{"href":"https:\/\/www.europesays.com\/fi\/wp-json\/wp\/v2\/posts"}],"about":[{"href":"https:\/\/www.europesays.com\/fi\/wp-json\/wp\/v2\/types\/post"}],"author":[{"embeddable":true,"href":"https:\/\/www.europesays.com\/fi\/wp-json\/wp\/v2\/users\/2"}],"replies":[{"embeddable":true,"href":"https:\/\/www.europesays.com\/fi\/wp-json\/wp\/v2\/comments?post=104997"}],"version-history":[{"count":0,"href":"https:\/\/www.europesays.com\/fi\/wp-json\/wp\/v2\/posts\/104997\/revisions"}],"wp:featuredmedia":[{"embeddable":true,"href":"https:\/\/www.europesays.com\/fi\/wp-json\/wp\/v2\/media\/104998"}],"wp:attachment":[{"href":"https:\/\/www.europesays.com\/fi\/wp-json\/wp\/v2\/media?parent=104997"}],"wp:term":[{"taxonomy":"category","embeddable":true,"href":"https:\/\/www.europesays.com\/fi\/wp-json\/wp\/v2\/categories?post=104997"},{"taxonomy":"post_tag","embeddable":true,"href":"https:\/\/www.europesays.com\/fi\/wp-json\/wp\/v2\/tags?post=104997"}],"curies":[{"name":"wp","href":"https:\/\/api.w.org\/{rel}","templated":true}]}}