{"id":104999,"date":"2025-12-01T16:48:11","date_gmt":"2025-12-01T16:48:11","guid":{"rendered":"https:\/\/www.europesays.com\/fi\/104999\/"},"modified":"2025-12-01T16:48:11","modified_gmt":"2025-12-01T16:48:11","slug":"nyt-suoratoistossa-eeppinen-kauhuleffa-pitaa-jannityksen-lahes-koko-ajan-tapissa","status":"publish","type":"post","link":"https:\/\/www.europesays.com\/fi\/104999\/","title":{"rendered":"Nyt suoratoistossa: Eeppinen kauhuleffa \u2013 &#8221;Pit\u00e4\u00e4 j\u00e4nnityksen l\u00e4hes koko ajan tapissa&#8221;"},"content":{"rendered":"<p>World War Z (2013) on lis\u00e4tty SkyShowtimen valikoimaan.<\/p>\n<p><strong>Marc Fosterin<\/strong> ohjaama ja <strong>Max Brooksin<\/strong> Sukupolvi Z: Zombisodan aikakirjat -kirjaan perustuvan kauhutoimintaelokuvan p\u00e4\u00e4osassa n\u00e4hd\u00e4\u00e4n <strong>Brad Pitt<\/strong>. World War Z kertoo YK:n ty\u00f6ntekij\u00e4st\u00e4, joka saa t\u00e4rke\u00e4n teht\u00e4v\u00e4n l\u00f6yt\u00e4\u00e4 parannuskeino, kun virus muuttaa suuren osan maailmasta verenhimoisiksi zombeiksi.<\/p>\n<p>Elokuvan <a href=\"https:\/\/www.rottentomatoes.com\/m\/world-war-z\" rel=\"noreferrer noopener nofollow\" target=\"_blank\">Rotten Tomatoes -prosentti<\/a> on 67. <a href=\"https:\/\/www.episodi.fi\/elokuvat\/world-war-z\/\" rel=\"noreferrer noopener nofollow\" target=\"_blank\">Episodin arviossa<\/a> World War Z sai nelj\u00e4 t\u00e4hte\u00e4.<\/p>\n<p>\u201dYksinkertaisen juonen korvaa tuoliin naulitseva toteutus, joka pit\u00e4\u00e4 j\u00e4nnityksen l\u00e4hes koko ajan tapissa. Elokuvan tekemiseen on palanut rahaa, mutta jokainen taala n\u00e4kyy valkokankaalla. Maailmanlopun tunnelma ei h\u00e4vi\u00e4 vatsanpohjasta suvantovaiheidenkaan aikana\u201d, kirjoitettiin arviossa.<\/p>\n<p>Katso traileri alta.<\/p>\n<p><img loading=\"lazy\" decoding=\"async\" alt=\"YouTube video\" width=\"480\" height=\"360\" data-pin-nopin=\"true\" nopin=\"nopin\" class=\"perfmatters-lazy\" src=\"https:\/\/www.europesays.com\/fi\/wp-content\/uploads\/2025\/12\/1764607691_192_hqdefault.jpg\"\/><\/p>\n<p>Lue my\u00f6s: <a href=\"https:\/\/www.episodi.fi\/uutiskirje\/?uutiskirjemainos=tekstilinkkimainos\" title=\"Tilaa Episodin uutiskirje ja voit voittaa leffalippuja! Nappaa tv-vinkit suoraan s\u00e4hk\u00f6postiin t\u00e4st\u00e4.\" class=\"underline-custom !font-montserrat !font-bold !underline-offset-4 !decoration-4 !decoration-episodi-blue !text-md\" rel=\"nofollow noopener\" target=\"_blank\">Tilaa Episodin uutiskirje ja voit voittaa leffalippuja! Nappaa katseluvinkit suoraan s\u00e4hk\u00f6postiin t\u00e4st\u00e4.<\/a><\/p>\n","protected":false},"excerpt":{"rendered":"World War Z (2013) on lis\u00e4tty SkyShowtimen valikoimaan. Marc Fosterin ohjaama ja Max Brooksin Sukupolvi Z: Zombisodan aikakirjat&hellip;\n","protected":false},"author":2,"featured_media":105000,"comment_status":"","ping_status":"","sticky":false,"template":"","format":"standard","meta":{"footnotes":""},"categories":[131],"tags":[155,137,33,173,31,30,172,341,32,109],"class_list":{"0":"post-104999","1":"post","2":"type-post","3":"status-publish","4":"format-standard","5":"has-post-thumbnail","7":"category-elokuvat","8":"tag-elokuvat","9":"tag-entertainment","10":"tag-fi","11":"tag-film","12":"tag-finland","13":"tag-finnish","14":"tag-movies","15":"tag-skyshowtime","16":"tag-suomi","17":"tag-viihde"},"share_on_mastodon":{"url":"https:\/\/pubeurope.com\/@fi\/115645337237237135","error":""},"_links":{"self":[{"href":"https:\/\/www.europesays.com\/fi\/wp-json\/wp\/v2\/posts\/104999","targetHints":{"allow":["GET"]}}],"collection":[{"href":"https:\/\/www.europesays.com\/fi\/wp-json\/wp\/v2\/posts"}],"about":[{"href":"https:\/\/www.europesays.com\/fi\/wp-json\/wp\/v2\/types\/post"}],"author":[{"embeddable":true,"href":"https:\/\/www.europesays.com\/fi\/wp-json\/wp\/v2\/users\/2"}],"replies":[{"embeddable":true,"href":"https:\/\/www.europesays.com\/fi\/wp-json\/wp\/v2\/comments?post=104999"}],"version-history":[{"count":0,"href":"https:\/\/www.europesays.com\/fi\/wp-json\/wp\/v2\/posts\/104999\/revisions"}],"wp:featuredmedia":[{"embeddable":true,"href":"https:\/\/www.europesays.com\/fi\/wp-json\/wp\/v2\/media\/105000"}],"wp:attachment":[{"href":"https:\/\/www.europesays.com\/fi\/wp-json\/wp\/v2\/media?parent=104999"}],"wp:term":[{"taxonomy":"category","embeddable":true,"href":"https:\/\/www.europesays.com\/fi\/wp-json\/wp\/v2\/categories?post=104999"},{"taxonomy":"post_tag","embeddable":true,"href":"https:\/\/www.europesays.com\/fi\/wp-json\/wp\/v2\/tags?post=104999"}],"curies":[{"name":"wp","href":"https:\/\/api.w.org\/{rel}","templated":true}]}}