{"id":105003,"date":"2025-12-01T16:51:11","date_gmt":"2025-12-01T16:51:11","guid":{"rendered":"https:\/\/www.europesays.com\/fi\/105003\/"},"modified":"2025-12-01T16:51:11","modified_gmt":"2025-12-01T16:51:11","slug":"miisa-grekovin-sisko-kuoli-syksylla-ikava-on-mittaamattoman-suuri","status":"publish","type":"post","link":"https:\/\/www.europesays.com\/fi\/105003\/","title":{"rendered":"Miisa Grekovin sisko kuoli syksyll\u00e4: \u201dIk\u00e4v\u00e4 on mittaamattoman suuri\u201d"},"content":{"rendered":"<p>Miisa Grekov julkaisi koskettavan videon. <\/p>\n<p><img decoding=\"async\" class=\"image image-show image-preview\" src=\"https:\/\/www.europesays.com\/fi\/wp-content\/uploads\/2025\/12\/c854b96fb0495a7146dea5ed1bd0fc311131086ba375ad203057c2909dbe335d.jpg\" alt=\"\"\/><img decoding=\"async\" class=\"image image-show\" src=\"https:\/\/www.europesays.com\/fi\/wp-content\/uploads\/2025\/12\/1764607871_997_c854b96fb0495a7146dea5ed1bd0fc311131086ba375ad203057c2909dbe335d.jpg\" alt=\"\"\/><\/p>\n<p>Miisa Grekov on suosittu tubettaja. H\u00e4n on my\u00f6s juontanut Muodin huipulle -ohjelmaa  Timo Korhonen \/ AOP<\/p>\n<p class=\"paragraph\">Tubettaja <a href=\"https:\/\/www.iltalehti.fi\/henkilot\/Miisa Grekov\" class=\"article-link-person-page\" rel=\"nofollow noopener\" target=\"_blank\">Miisa Grekovin<\/a> sisko nukkui pois <a href=\"https:\/\/www.iltalehti.fi\/viihdeuutiset\/20b36404-5deb-4b7a-a825-4e03f610c68f\" rel=\"nofollow noopener\" target=\"_blank\">lokakuun alussa<\/a>. Sosiaalisesta mediasta l\u00e4hes kaksi kuukautta taukoa pit\u00e4nyt Grekov kertoo maanantaina julkaisemallaan <a href=\"https:\/\/www.youtube.com\/watch?v=L0tlAxmmOSg\" rel=\"noopener nofollow\" target=\"_blank\">Youtube-videolla<\/a> surustaan.<\/p>\n<p class=\"paragraph\">\u2013 J\u00e4tit valtavan tyhj\u00e4n aukon maailmaan l\u00e4htiess\u00e4si. Rakas sisko, ik\u00e4v\u00e4 on mittaamattoman suuri, mmiisas-nime\u00e4 k\u00e4ytt\u00e4v\u00e4 Grekov sanoo videolla.<\/p>\n<p class=\"paragraph\">\u2013 Suru tuntuu murskaavalta, mutta yrit\u00e4n muistaa, ett\u00e4 se on vain rakkautta sinua kohtaan, jolla ei ole paikkaa mihin menn\u00e4.<\/p>\n<p class=\"paragraph\">Grekov sanoo videolla, ett\u00e4 ehk\u00e4 jonain p\u00e4iv\u00e4n\u00e4 suru muuttuu kevyemm\u00e4ksi kantaa.<\/p>\n<p class=\"paragraph\">Samalla Grekov kiitt\u00e4\u00e4 saamastaan tuesta.<\/p>\n<p class=\"paragraph\">\u2013 Teid\u00e4n viestinne, teid\u00e4n kommenttinne ovat olleet ihan uskomattoman ihania. Kiitos, kun olette. Se oikeasti aidosti auttaa mua tosi paljon.<\/p>\n<p class=\"paragraph\">Grekov uskoo paluun sosiaalisen mediaan auttavan p\u00e4\u00e4sem\u00e4\u00e4n eteenp\u00e4in.<\/p>\n<p class=\"paragraph\">\u2013 T\u00e4m\u00e4 on minun intohimoni ja saan tosi paljon merkityksellisyyden tunnetta siit\u00e4, ett\u00e4 min\u00e4 saan tuottaa teille sis\u00e4lt\u00f6\u00e4.<\/p>\n<p class=\"paragraph\">Grekov kertoi lokakuussa rakkaan siskonsa kuolleen yll\u00e4tt\u00e4en.<\/p>\n<p class=\"paragraph\">Grekov puhui siskostaan Youtube-videollaan kaksi vuotta sitten. H\u00e4n kertoi isosiskonsa olevan kehitysvammainen.<\/p>\n<p class=\"paragraph\">\u2013 Vaikka on erityinen sisarus, minulle h\u00e4n on ihan tavallinen sisarus. Olen tottunut siihen ja minulle ei ole muusta tietoa.<\/p>\n<p class=\"paragraph\">\u2013 Siskoni on maailman paras ja rakkain. En n\u00e4e h\u00e4nt\u00e4 kehitysvammansa kautta, vaan minulle h\u00e4n on siskoni. Toivoisin, ett\u00e4 ihmiset n\u00e4kisiv\u00e4t kehitysvammaiset enemm\u00e4n ihmisin\u00e4 ja uskaltaisivat kohdata ja l\u00e4hesty\u00e4 heit\u00e4, koska heit\u00e4 kohtaan on paljon asenteita ja ennakkoluuloja, Grekov toivoi tuolloin.<\/p>\n","protected":false},"excerpt":{"rendered":"Miisa Grekov julkaisi koskettavan videon. Miisa Grekov on suosittu tubettaja. H\u00e4n on my\u00f6s juontanut Muodin huipulle -ohjelmaa Timo&hellip;\n","protected":false},"author":2,"featured_media":105004,"comment_status":"","ping_status":"","sticky":false,"template":"","format":"standard","meta":{"footnotes":""},"categories":[130],"tags":[35,4492,137,33,31,30,101,148,147,151,32,109],"class_list":{"0":"post-105003","1":"post","2":"type-post","3":"status-publish","4":"format-standard","5":"has-post-thumbnail","7":"category-viihde","8":"tag-24h","9":"tag-digimedia","10":"tag-entertainment","11":"tag-fi","12":"tag-finland","13":"tag-finnish","14":"tag-ihmissuhteet","15":"tag-internet","16":"tag-internet-palvelut","17":"tag-sosiaalinen-media-ja-verkostoituminen","18":"tag-suomi","19":"tag-viihde"},"share_on_mastodon":{"url":"https:\/\/pubeurope.com\/@fi\/115645349038277920","error":""},"_links":{"self":[{"href":"https:\/\/www.europesays.com\/fi\/wp-json\/wp\/v2\/posts\/105003","targetHints":{"allow":["GET"]}}],"collection":[{"href":"https:\/\/www.europesays.com\/fi\/wp-json\/wp\/v2\/posts"}],"about":[{"href":"https:\/\/www.europesays.com\/fi\/wp-json\/wp\/v2\/types\/post"}],"author":[{"embeddable":true,"href":"https:\/\/www.europesays.com\/fi\/wp-json\/wp\/v2\/users\/2"}],"replies":[{"embeddable":true,"href":"https:\/\/www.europesays.com\/fi\/wp-json\/wp\/v2\/comments?post=105003"}],"version-history":[{"count":0,"href":"https:\/\/www.europesays.com\/fi\/wp-json\/wp\/v2\/posts\/105003\/revisions"}],"wp:featuredmedia":[{"embeddable":true,"href":"https:\/\/www.europesays.com\/fi\/wp-json\/wp\/v2\/media\/105004"}],"wp:attachment":[{"href":"https:\/\/www.europesays.com\/fi\/wp-json\/wp\/v2\/media?parent=105003"}],"wp:term":[{"taxonomy":"category","embeddable":true,"href":"https:\/\/www.europesays.com\/fi\/wp-json\/wp\/v2\/categories?post=105003"},{"taxonomy":"post_tag","embeddable":true,"href":"https:\/\/www.europesays.com\/fi\/wp-json\/wp\/v2\/tags?post=105003"}],"curies":[{"name":"wp","href":"https:\/\/api.w.org\/{rel}","templated":true}]}}