{"id":105007,"date":"2025-12-01T16:54:11","date_gmt":"2025-12-01T16:54:11","guid":{"rendered":"https:\/\/www.europesays.com\/fi\/105007\/"},"modified":"2025-12-01T16:54:11","modified_gmt":"2025-12-01T16:54:11","slug":"atea-jatkaa-velora-verkkokauppa-plus-puitesopimuksen-toimittajana-uutena-valikoimassa-pilvi-ja-kapasiteettipalvelut","status":"publish","type":"post","link":"https:\/\/www.europesays.com\/fi\/105007\/","title":{"rendered":"Atea jatkaa Velora Verkkokauppa plus -puitesopimuksen toimittajana \u2013 uutena valikoimassa pilvi- ja kapasiteettipalvelut"},"content":{"rendered":"<p><strong><\/p>\n<p>Yhteishankintayksikk\u00f6 Velora Oy on valinnut Atea Finland Oy:n Velora Verkkokauppa plus -puitesopimuksen toimittajaksi my\u00f6s seuraaville vuosille. Kaksivuotisen ja kaksi optiovuotta sis\u00e4lt\u00e4v\u00e4n sopimuskauden kokonaisarvo on enint\u00e4\u00e4n 250 miljoonaa euroa.<\/p>\n<p><\/strong><\/p>\n<p>Velora Verkkokauppa plus on hyvinvointialueiden ja seurakuntien k\u00e4ytt\u00f6\u00f6n yhteishankintana kilpailutettu joustava ja kustannustehokas hankintakanava ICT-laitteille, -ohjelmistoille ja -palveluille. Asiakkaiden toiveesta valikoimaan on uudelle sopimuskaudelle lis\u00e4tty muun muassa pilvi- ja kapasiteettipalveluita sek\u00e4 turvallisen viestinn\u00e4n palvelut.<\/p>\n<p>Kilpailutuksessa keskeist\u00e4 oli kilpailukykyisen hinnan s\u00e4ilytt\u00e4minen laajalle tuote- ja palveluvalikoimalle koko hankintakauden ajan sek\u00e4 tuotteiden ja palveluiden monipuolisuus. Atean toimittamassa ratkaisussa hinnoittelu perustuu laitetoimittajien ja tukkureiden v\u00e4lill\u00e4 toteutettavaan reaaliaikaiseen kilpailuun sek\u00e4 jatkuviin kilpailutuksiin.\u00a0<\/p>\n<p>Yhteishankintayksikk\u00f6 Velora Oy teki p\u00e4\u00e4t\u00f6ksen puitesopimuksen toimittajasta 20.11.2025. Uusi Verkkokauppa plus -puitesopimuskausi alkaa 1.1.2026.<\/p>\n<p>\u201dVeloran ja Atean yhteisty\u00f6 on alkanut jo Tiera Verkkokaupasta vuonna 2015. Yhteisty\u00f6 on tuonut meille syv\u00e4llisen ymm\u00e4rryksen julkishallinnon tietotekniikkatarpeista. Olemme kulkeneet yht\u00e4 matkaa hyvinvointialueiden kanssa vuoden 2021 alusta saakka, joten osaamme tarjota niiden tarpeisiin soveltuvia ratkaisuja sek\u00e4 tehokkaita logistiikka- ja elinkaaripalveluita. Uudella sopimuskaudella p\u00e4\u00e4semme n\u00e4ytt\u00e4m\u00e4\u00e4n kyvykkyytemme my\u00f6s pilvi- ja kapasiteettipalveluiden sek\u00e4 turvallisen viestinn\u00e4n palveluiden edullisena ja luotettavana toimittajana\u201d, Atea Finland Oy:n toimitusjohtaja <strong>Juha Sihvonen<\/strong> kertoo.<\/p>\n","protected":false},"excerpt":{"rendered":"Yhteishankintayksikk\u00f6 Velora Oy on valinnut Atea Finland Oy:n Velora Verkkokauppa plus -puitesopimuksen toimittajaksi my\u00f6s seuraaville vuosille. Kaksivuotisen ja&hellip;\n","protected":false},"author":2,"featured_media":105008,"comment_status":"","ping_status":"","sticky":false,"template":"","format":"standard","meta":{"footnotes":""},"categories":[76],"tags":[79,77,33,31,30,32,78],"class_list":{"0":"post-105007","1":"post","2":"type-post","3":"status-publish","4":"format-standard","5":"has-post-thumbnail","7":"category-talous","8":"tag-business","9":"tag-economy","10":"tag-fi","11":"tag-finland","12":"tag-finnish","13":"tag-suomi","14":"tag-talous"},"share_on_mastodon":{"url":"https:\/\/pubeurope.com\/@fi\/115645361487809657","error":""},"_links":{"self":[{"href":"https:\/\/www.europesays.com\/fi\/wp-json\/wp\/v2\/posts\/105007","targetHints":{"allow":["GET"]}}],"collection":[{"href":"https:\/\/www.europesays.com\/fi\/wp-json\/wp\/v2\/posts"}],"about":[{"href":"https:\/\/www.europesays.com\/fi\/wp-json\/wp\/v2\/types\/post"}],"author":[{"embeddable":true,"href":"https:\/\/www.europesays.com\/fi\/wp-json\/wp\/v2\/users\/2"}],"replies":[{"embeddable":true,"href":"https:\/\/www.europesays.com\/fi\/wp-json\/wp\/v2\/comments?post=105007"}],"version-history":[{"count":0,"href":"https:\/\/www.europesays.com\/fi\/wp-json\/wp\/v2\/posts\/105007\/revisions"}],"wp:featuredmedia":[{"embeddable":true,"href":"https:\/\/www.europesays.com\/fi\/wp-json\/wp\/v2\/media\/105008"}],"wp:attachment":[{"href":"https:\/\/www.europesays.com\/fi\/wp-json\/wp\/v2\/media?parent=105007"}],"wp:term":[{"taxonomy":"category","embeddable":true,"href":"https:\/\/www.europesays.com\/fi\/wp-json\/wp\/v2\/categories?post=105007"},{"taxonomy":"post_tag","embeddable":true,"href":"https:\/\/www.europesays.com\/fi\/wp-json\/wp\/v2\/tags?post=105007"}],"curies":[{"name":"wp","href":"https:\/\/api.w.org\/{rel}","templated":true}]}}