{"id":105009,"date":"2025-12-01T16:55:10","date_gmt":"2025-12-01T16:55:10","guid":{"rendered":"https:\/\/www.europesays.com\/fi\/105009\/"},"modified":"2025-12-01T16:55:10","modified_gmt":"2025-12-01T16:55:10","slug":"puolustusministeri-pete-hegsethin-epaillaan-antaneen-kaskyn-murhaan-tai-sotarikokseen-karibialla","status":"publish","type":"post","link":"https:\/\/www.europesays.com\/fi\/105009\/","title":{"rendered":"Puolustusministeri Pete Hegsethin ep\u00e4ill\u00e4\u00e4n antaneen k\u00e4skyn murhaan tai sotarikokseen Karibialla"},"content":{"rendered":"<p>Yhdysvallat|Suomalaisten oikeusoppineiden mukaan Yhdysvaltain toimet Karibialla ovat yksiselitteisesti kansainv\u00e4lisen oikeuden vastaisia.<\/p>\n<p>Lue tiivistelm\u00e4<\/p>\n<p>Tiivistelm\u00e4 on teko\u00e4lyn tekem\u00e4 ja ihmisen tarkistama.<\/p>\n<p class=\"article-body mb-nof-24 px-nof-16 sndp-summary-bullet-point-font\">Yhdysvaltain kongressi tutkii puolustusministeri Pete Hegsethin antamaa k\u00e4sky\u00e4 iskusta, jonka nojalla droonilla surmattiin kaksi merih\u00e4t\u00e4\u00e4n joutunutta ihmist\u00e4 Karibialla syyskuussa.<\/p>\n<p class=\"article-body mb-nof-24 px-nof-16 sndp-summary-bullet-point-font\">Suomalaisten oikeusoppineiden mukaan Yhdysvaltain toimet Karibialla ovat yksiselitteisesti kansainv\u00e4lisen oikeuden vastaisia.<\/p>\n<p class=\"article-body mb-nof-24 px-nof-16 sndp-summary-bullet-point-font\">Presidentti Trump sanoi, ettei h\u00e4n olisi halunnut toista iskua, joka johti kahden merih\u00e4d\u00e4ss\u00e4 olleen ihmisen kuolemaan.<\/p>\n<p class=\"article-body mb-nof-24 px-nof-16\">Kongressin molemmat kamarit <a class=\"article-genericlink\" href=\"https:\/\/www.washingtonpost.com\/national-security\/2025\/11\/29\/hegseth-caribbean-strikes-kill-order-reaction\/\" rel=\"nofollow noopener\" target=\"_blank\">ovat k\u00e4ynnist\u00e4m\u00e4ss\u00e4 tutkinnat<\/a>, joissa selvitet\u00e4\u00e4n Yhdysvaltain asevoimien iskujen laillisuutta ep\u00e4iltyj\u00e4 huumeiden salakuljettajia vastaan Karibianmerell\u00e4.<\/p>\n<p class=\"article-body mb-nof-24 px-nof-16\">Erityisen \u00e4\u00e4nek\u00e4s kohu on noussut The Washington Post -lehden (WP) viime perjantaina julkaisemasta <a class=\"article-genericlink\" href=\"https:\/\/www.washingtonpost.com\/national-security\/2025\/11\/28\/hegseth-kill-them-all-survivors-boat-strike\/\" rel=\"nofollow noopener\" target=\"_blank\">uutisesta<\/a>, jonka mukaan puolustusministeri <a class=\"article-personlink\" href=\"https:\/\/www.hs.fi\/haku\/?query=Pete%20Hegseth\" rel=\"nofollow noopener\" target=\"_blank\">Pete Hegseth <\/a>olisi syyskuun alussa antanut k\u00e4skyn, jonka nojalla surmattiin kaksi merih\u00e4t\u00e4\u00e4n joutunutta ihmist\u00e4 ohjusiskulla.<\/p>\n<p class=\"article-body mb-nof-24 px-nof-16\">\u201dK\u00e4sky kuului, tappakaa kaikki\u201d, yksi lehden monista l\u00e4hteist\u00e4 oli kertonut.<\/p>\n<p class=\"article-body mb-nof-24 px-nof-16\">WP:n mukaan asevoimien ohjusisku oli ensin tuhonnut saarivaltio Trinidad ja Tobagon l\u00e4hist\u00f6ll\u00e4 aluksen, jossa oli yksitoista ihmist\u00e4. Iskusta v\u00e4litettiin komentokeskukseen droonilla kuvattua reaaliaikaista videokuvaa useiden minuuttien ajan.<\/p>\n<p class=\"article-body mb-nof-24 px-nof-16\">Kun savu h\u00e4lveni alkuper\u00e4isen iskun j\u00e4ljilt\u00e4, kahden ihmisen n\u00e4htiin tarrautuneen palavan hylyn kappaleisiin. WP:n l\u00e4hteiden mukaan Hegsethin k\u00e4sky\u00e4 noudattaneet sotilaat olivat tehneet uuden iskun, jolla tapettiin kyseiset ilmeisen puolustuskyvytt\u00f6m\u00e4t ihmiset.<\/p>\n<p class=\"article-body mb-nof-24 px-nof-16\">Kongressin j\u00e4senet molemmista p\u00e4\u00e4puolueista ovat kommentoineet, ett\u00e4 kyseinen isku saattaa t\u00e4ytt\u00e4\u00e4 sotarikoksen tunnusmerkit, The New York Times -lehti<a class=\"article-genericlink\" href=\"https:\/\/www.nytimes.com\/2025\/11\/30\/us\/politics\/trump-boat-strikes-war-crime.html\" rel=\"nofollow noopener\" target=\"_blank\"> kertoo<\/a>.<\/p>\n<p><img decoding=\"async\" src=\"https:\/\/www.europesays.com\/fi\/wp-content\/uploads\/2025\/12\/1764608109_256_468.jpg\" alt=\"Yhdysvaltain puolustusministeri Pete Hegseth seisoi presidentti Donald Trumpin muotokuvan edess\u00e4 Valkoisessa talossa viime viikon tiistaina.\" class=\"_Img_1rerz_1\" style=\"aspect-ratio:1.408657373440939\" loading=\"eager\"\/><\/p>\n<p class=\"article-picture-caption\">Yhdysvaltain puolustusministeri Pete Hegseth seisoi presidentti Donald Trumpin muotokuvan edess\u00e4 Valkoisessa talossa viime viikon tiistaina. Kuva:\u00a0Jonathan Ernst \/ Reuters<\/p>\n<p class=\"article-body mb-nof-24 px-nof-16\">Suomalaiset oikeusoppineet pit\u00e4v\u00e4t yksiselitteisen\u00e4, ett\u00e4 Yhdysvaltain asevoimien toiminta Karibialla on kansainv\u00e4lisen oikeuden vastaista ilman ett\u00e4 tarkennetaan katsetta yksitt\u00e4iseen iskuun merih\u00e4d\u00e4ss\u00e4 olleita ihmisi\u00e4 vastaan.<\/p>\n<p class=\"article-body mb-nof-24 px-nof-16\">\u201dT\u00e4m\u00e4n saattaa jopa tulkita olevan valtioterrorismia ja n\u00e4m\u00e4 ovat joka tapauksessa selkeit\u00e4 sotarikoksia ja henkirikoksia. Se on ihan kiistatonta, siin\u00e4 tulee koko kansainv\u00e4lisen ja kansallisen oikeuden s\u00e4\u00e4nt\u00f6arsenaali vastaan\u201d, sanoo Helsingin yliopiston oikeushistorian emeritusprofessori <a class=\"article-personlink\" href=\"https:\/\/www.hs.fi\/haku\/?query=Jukka%20Kekkonen\" rel=\"nofollow noopener\" target=\"_blank\">Jukka Kekkonen<\/a>.<\/p>\n<p class=\"article-body mb-nof-24 px-nof-16\">Kekkosen mukaan Yhdysvaltain tulisi toimia niin, ett\u00e4 jos se ep\u00e4ilee joitakin ihmisi\u00e4 salakuljetuksesta, n\u00e4m\u00e4 ihmiset tulisi pid\u00e4tt\u00e4\u00e4 ja panna oikeuden eteen.<\/p>\n<p class=\"article-body mb-nof-24 px-nof-16\">\u201dJa siit\u00e4kin tulee kysymyksi\u00e4, tiettyj\u00e4 rajoituksia, ett\u00e4 mill\u00e4 merialueilla liikutaan. Joka tapauksessa t\u00e4llaiseen rikolliseen valtiojohtoiseen toimintaan kiinnitet\u00e4\u00e4n ihan liian v\u00e4h\u00e4n huomiota.\u201d<\/p>\n<p><img decoding=\"async\" src=\"https:\/\/www.europesays.com\/fi\/wp-content\/uploads\/2025\/12\/1764608109_300_320.jpg\" alt=\"Oikeushistorian emeritusprofessori Jukka Kekkonen.\" class=\"_Img_1rerz_1\" style=\"aspect-ratio:0.6666666666666666\" loading=\"eager\"\/><\/p>\n<p class=\"article-picture-caption\">Oikeushistorian emeritusprofessori Jukka Kekkonen. Kuva:\u00a0Tiiu Hyyryl\u00e4inen \/ HS<\/p>\n<p class=\"article-body mb-nof-24 px-nof-16\">Trumpin hallinto on perustellut kaksi kuukautta jatkuneita, kymmeni\u00e4 ihmishenki\u00e4 vaatineita ja my\u00f6s Tyynellemerelle laajennettuja iskuja huumeiden salakuljetuksesta ep\u00e4iltyj\u00e4 vastaan siten, ett\u00e4 kyseess\u00e4 olisi \u201daseellinen konflikti\u201d, jossa Yhdysvallat taistelee \u201dhuumeterrorismia\u201d harjoittavia \u201dlaittomia taistelijoita\u201d vastaan\u201d.<\/p>\n<p class=\"article-body mb-nof-24 px-nof-16\">Kansainv\u00e4lisen oikeuden emeritusprofessori ja akateemikko <a class=\"article-personlink\" href=\"https:\/\/www.hs.fi\/haku\/?query=Martti%20Koskenniemi\" rel=\"nofollow noopener\" target=\"_blank\">Martti Koskenniemi<\/a> sanoo, etteiv\u00e4t mitk\u00e4\u00e4n Yhdysvaltain perustelut asevoimien toimille Karibialla kest\u00e4 p\u00e4iv\u00e4nvaloa.<\/p>\n<p class=\"article-body mb-nof-24 px-nof-16\">\u201dKyseess\u00e4 ei ole aseellinen konflikti Yhdysvaltain ja kenenk\u00e4\u00e4n v\u00e4lill\u00e4. T\u00e4mm\u00f6ist\u00e4 ep\u00e4ilty\u00e4 huumerikollisuutta ei voi pit\u00e4\u00e4 aseellisena konfliktina, ei sen paremmin kansainv\u00e4lisen\u00e4 kuin kansainv\u00e4list\u00e4 luonnetta vailla olevana aseellisena konfliktina.\u201d<\/p>\n<p class=\"article-body mb-nof-24 px-nof-16\">Koskenniemen mukaan Yhdysvalloilla on oikeus ryhty\u00e4 poliisitoimiin.<\/p>\n<p class=\"article-body mb-nof-24 px-nof-16\">\u201dMutta poliisitoimena ei kvalifioidu se, ett\u00e4 suoralta k\u00e4delt\u00e4 surmataan ja k\u00e4sket\u00e4\u00e4n surmattavaksi n\u00e4m\u00e4 henkil\u00f6t ilman mit\u00e4\u00e4n tutkintaa. Mist\u00e4p\u00e4in tahansa t\u00e4t\u00e4 katsoo, olipa kyse aseellisesta konfliktista, ei-kansainv\u00e4lisest\u00e4 aseellisesta konfliktista, poliisitoiminnasta tai rikoksen selvitt\u00e4misest\u00e4, niin t\u00e4ss\u00e4 on kysymys murhasta\u201d, Koskenniemi sanoo.<\/p>\n<p><img decoding=\"async\" src=\"https:\/\/www.europesays.com\/fi\/wp-content\/uploads\/2025\/12\/1764608110_307_468.jpg\" alt=\"Kansainv\u00e4lisen oikeuden emeritusprofessori ja akateemikko Martti Koskenniemi.\" class=\"_Img_1rerz_1\" style=\"aspect-ratio:1.5\" loading=\"eager\"\/><\/p>\n<p class=\"article-picture-caption\">Kansainv\u00e4lisen oikeuden emeritusprofessori ja akateemikko Martti Koskenniemi. Kuva:\u00a0Juha Salminen \/ HS<\/p>\n<p class=\"article-body mb-nof-24 px-nof-16\">Kekkonen ja Koskenniemi pit\u00e4v\u00e4t itsest\u00e4\u00e4n selv\u00e4n\u00e4, ettei merih\u00e4t\u00e4\u00e4n joutuneiden ihmisten surmaaminen ole oikeutettua, vaikka Yhdysvaltain toimet onnistuttaisiin jollain ilveell\u00e4 selitt\u00e4m\u00e4\u00e4n lailliseksi sodank\u00e4ynniksi.<\/p>\n<p class=\"article-body mb-nof-24 px-nof-16\">\u201dSeh\u00e4n on ihan kaikkien oikeudellisten ja eettisten perusnormien vastaista. Kun tapetaan avuttomassa tilanteessa oleva ihminen, niin seh\u00e4n on halveksittavaa\u201d, sanoo Kekkonen.<\/p>\n<p class=\"article-body mb-nof-24 px-nof-16\">Koskenniemen mukaan vuonna 1949 tehdyn, merisodank\u00e4ynti\u00e4 koskevan Geneven toisen sopimuksen mukaan sotatoimia ei saa kohdistaa ihmisiin, jotka ovat haavoittuneita, sairaita tai haaksirikossa. H\u00e4nen mukaansa t\u00e4m\u00e4 on kuitenkin sivuseikka, koska Yhdysvaltain nykytoimet Karibialla eiv\u00e4t kuulu milt\u00e4\u00e4n osin Geneven sopimusten alaisuuteen.<\/p>\n<p class=\"article-body mb-nof-24 px-nof-16\">Koskenniemen mukaan Yhdysvaltain hallituksen asennetta oikeudellisiin kysymyksiin Karibianmeren operaatioista alleviivasi se, kun varapresidentti <a class=\"article-personlink\" href=\"https:\/\/www.hs.fi\/haku\/?query=J.D.%20Vance\" rel=\"nofollow noopener\" target=\"_blank\">J.D. Vance<\/a> <a class=\"article-genericlink\" href=\"https:\/\/www.politico.com\/news\/2025\/09\/06\/vance-drug-strike-venezuela-00548816?lctg=6898ef458702f674bc10946e\" rel=\"nofollow noopener\" target=\"_blank\">kommentoi <\/a>taannoin, ett\u00e4 \u201dI don\u2019t give a shit\u201d (en piittaa paskan vertaa), jos joku pit\u00e4\u00e4 toimia sotarikoksina.<\/p>\n<p class=\"article-body mb-nof-24 px-nof-16\">Trump <a class=\"article-genericlink\" href=\"https:\/\/truthsocial.com\/@realDonaldTrump\/posts\/115136798909755892\" rel=\"nofollow noopener\" target=\"_blank\">julkaisi<\/a> syyskuun alussa nyt kohua aiheuttavasta iskusta kuvatun videon, mutta ei sit\u00e4 osaa, jossa n\u00e4kyisi kahden merih\u00e4t\u00e4\u00e4n joutuneen ihmisen surmaaminen. Trump <a class=\"article-genericlink\" href=\"https:\/\/youtu.be\/mSMcTTiRam8?si=MVzHHvjyN8uO89ZR\" rel=\"nofollow noopener\" target=\"_blank\">totesi<\/a> sunnuntaina virkakoneessaan toimittajille, ettei h\u00e4n tied\u00e4 iskujen yksityiskohdista, mutta ett\u00e4 h\u00e4n haluaa tapahtumista selvyyden.<\/p>\n<p class=\"article-body mb-nof-24 px-nof-16\">\u201dMin\u00e4 en olisi halunnut sit\u00e4, en sit\u00e4 toista iskua\u201d, h\u00e4n sanoi.<\/p>\n<p class=\"article-body mb-nof-24 px-nof-16\">Trumpin mukaan ministeri Pete Hegseth oli kuitenkin kertonut h\u00e4nelle, ett\u00e4 \u201dh\u00e4n ei antanut k\u00e4sky\u00e4 niiden kahden miehen tappamiseen\u201d.<\/p>\n<p class=\"article-body mb-nof-24 px-nof-16\">\u201dH\u00e4n sanoi, ettei h\u00e4n tehnyt sit\u00e4\u201d, Trump totesi.<\/p>\n<p class=\"article-body mb-nof-24 px-nof-16\">Hegseth <a class=\"article-genericlink\" href=\"https:\/\/x.com\/SecWar\/status\/1994552598142038358?s=20\" rel=\"nofollow\">sanoi<\/a> X-viestiss\u00e4\u00e4n lauantaina, ett\u00e4 Washington Post olisi julkaissut \u201dv\u00e4\u00e4ristellyn\u201d ja \u201dhalventavan\u201d uutisen \u201dsotureistamme, jotka taistelevat kotimaamme puolustamiseksi\u201d.<\/p>\n<p class=\"article-body mb-nof-24 px-nof-16\">\u201dNykyiset operaatiomme Karibialla ovat laillisia sek\u00e4 Yhdysvaltain ett\u00e4 kansainv\u00e4lisen lain nojalla, ja kaikki toimet noudattavat aseellisen konfliktin lakeja \u2013 ja niiden hyv\u00e4ksynn\u00e4st\u00e4 ovat vastanneet parhaat sotilas- ja siviiliasianajajat kaikissa komentoketjujen osissa.\u201d<\/p>\n","protected":false},"excerpt":{"rendered":"Yhdysvallat|Suomalaisten oikeusoppineiden mukaan Yhdysvaltain toimet Karibialla ovat yksiselitteisesti kansainv\u00e4lisen oikeuden vastaisia. Lue tiivistelm\u00e4 Tiivistelm\u00e4 on teko\u00e4lyn tekem\u00e4 ja&hellip;\n","protected":false},"author":2,"featured_media":105010,"comment_status":"","ping_status":"","sticky":false,"template":"","format":"standard","meta":{"footnotes":""},"categories":[14],"tags":[22,23,26,27,33,31,30,17,46,24,25,28,29,15,18,21,32,19,20,56,16,59,60,61],"class_list":{"0":"post-105009","1":"post","2":"type-post","3":"status-publish","4":"format-standard","5":"has-post-thumbnail","7":"category-ulkomaat","8":"tag-breaking-news","9":"tag-breakingnews","10":"tag-featured-news","11":"tag-featurednews","12":"tag-fi","13":"tag-finland","14":"tag-finnish","15":"tag-headlines","16":"tag-helsingin-sanomat","17":"tag-latest-news","18":"tag-latestnews","19":"tag-main-news","20":"tag-mainnews","21":"tag-news","22":"tag-otsikot","23":"tag-paauutiset","24":"tag-suomi","25":"tag-top-stories","26":"tag-topstories","27":"tag-ulkomaat","28":"tag-uutiset","29":"tag-world","30":"tag-world-news","31":"tag-worldnews"},"share_on_mastodon":{"url":"https:\/\/pubeurope.com\/@fi\/115645364894855286","error":""},"_links":{"self":[{"href":"https:\/\/www.europesays.com\/fi\/wp-json\/wp\/v2\/posts\/105009","targetHints":{"allow":["GET"]}}],"collection":[{"href":"https:\/\/www.europesays.com\/fi\/wp-json\/wp\/v2\/posts"}],"about":[{"href":"https:\/\/www.europesays.com\/fi\/wp-json\/wp\/v2\/types\/post"}],"author":[{"embeddable":true,"href":"https:\/\/www.europesays.com\/fi\/wp-json\/wp\/v2\/users\/2"}],"replies":[{"embeddable":true,"href":"https:\/\/www.europesays.com\/fi\/wp-json\/wp\/v2\/comments?post=105009"}],"version-history":[{"count":0,"href":"https:\/\/www.europesays.com\/fi\/wp-json\/wp\/v2\/posts\/105009\/revisions"}],"wp:featuredmedia":[{"embeddable":true,"href":"https:\/\/www.europesays.com\/fi\/wp-json\/wp\/v2\/media\/105010"}],"wp:attachment":[{"href":"https:\/\/www.europesays.com\/fi\/wp-json\/wp\/v2\/media?parent=105009"}],"wp:term":[{"taxonomy":"category","embeddable":true,"href":"https:\/\/www.europesays.com\/fi\/wp-json\/wp\/v2\/categories?post=105009"},{"taxonomy":"post_tag","embeddable":true,"href":"https:\/\/www.europesays.com\/fi\/wp-json\/wp\/v2\/tags?post=105009"}],"curies":[{"name":"wp","href":"https:\/\/api.w.org\/{rel}","templated":true}]}}