{"id":105011,"date":"2025-12-01T16:56:13","date_gmt":"2025-12-01T16:56:13","guid":{"rendered":"https:\/\/www.europesays.com\/fi\/105011\/"},"modified":"2025-12-01T16:56:13","modified_gmt":"2025-12-01T16:56:13","slug":"tuntuiko-marraskuu-tavallistakin-synkemmalta-se-oli-lastenleikkia-ennatysvuoteen-verrattuna","status":"publish","type":"post","link":"https:\/\/www.europesays.com\/fi\/105011\/","title":{"rendered":"Tuntuiko marraskuu tavallistakin synkemm\u00e4lt\u00e4? Se oli lastenleikki\u00e4 enn\u00e4tysvuoteen verrattuna"},"content":{"rendered":"<p>S\u00e4\u00e4|Ilmatieteen laitokselta kerrotaan, ett\u00e4 Helsinki-Vantaan havaintoaseman tilastojen mukaan synkin marraskuu oli vuosikymmeni\u00e4 sitten.<\/p>\n<p>Lue tiivistelm\u00e4<\/p>\n<p>Tiivistelm\u00e4 on teko\u00e4lyn tekem\u00e4 ja ihmisen tarkistama.<\/p>\n<p class=\"article-body mb-nof-24 px-nof-16 sndp-summary-bullet-point-font\">Marraskuu ei ollut niin synkk\u00e4 kuin saattoi luulla \u2013 aurinko paistoi Helsinki-Vantaalla noin 30 tuntia, kun pitk\u00e4n ajan keskiarvo on 34 tuntia.<\/p>\n<p class=\"article-body mb-nof-24 px-nof-16 sndp-summary-bullet-point-font\">Ilmatieteen laitoksen meteorologi Pauli Jokinen kertoo, ett\u00e4 synkin marraskuu oli Helsinki-Vantaalla vuonna 1974. Silloin aurinko paistoi vain 5,4 tuntia.<\/p>\n<p class=\"article-body mb-nof-24 px-nof-16 sndp-summary-bullet-point-font\">Jokinen toteaa, ett\u00e4 ilmastonmuutoksen vuoksi lumi tulee Suomen etel\u00e4- ja keskiosissa nyky\u00e4\u00e4n my\u00f6hemmin.<\/p>\n<p class=\"article-body mb-nof-24 px-nof-16\">Marraskuu tuntuu helposti lannistavan synk\u00e4lt\u00e4. Tilastojen mukaan t\u00e4m\u00e4 marraskuu oli kuitenkin lastenleikki\u00e4 enn\u00e4tysharmaaseen vuoteen verrattuna.<\/p>\n<p class=\"article-body mb-nof-24 px-nof-16\">Ilmatieteen laitoksen meteorologi <a class=\"article-personlink\" href=\"https:\/\/www.hs.fi\/haku\/?query=Pauli%20Jokinen\" rel=\"nofollow noopener\" target=\"_blank\">Pauli Jokinen<\/a> kertoo, ett\u00e4 vertailukelpoista aineistoa on esimerkiksi Helsinki-Vantaan havaintoasemalta. T\u00e4ss\u00e4 marraskuussa aurinko paistoi Helsinki-Vantaalla noin 30 tuntia. Pitk\u00e4n ajan keskiarvo on Jokisen mukaan 34 tuntia.<\/p>\n<p><img decoding=\"async\" src=\"https:\/\/images.sanoma-sndp.fi\/8901c32fbaf5c43b5a5ef9359783fce1.svg\" alt=\"\" class=\"_Img_1rerz_1\" style=\"aspect-ratio:0.8466666666666667\" loading=\"eager\"\/><\/p>\n<p class=\"article-body mb-nof-24 px-nof-16\">Kaikista harmain marraskuu oli Helsinki-Vantaalla vuosikymmeni\u00e4 sitten.<\/p>\n<p class=\"article-body mb-nof-24 px-nof-16\">\u201dPienin arvo ollut vuonna 1974, jolloin aurinko paistoi 5,4 tuntia marraskuussa\u201d, Jokinen kertoo.<\/p>\n<p class=\"article-body mb-nof-24 px-nof-16\">Helsinki-Vantaalta on tilastoja vuodesta 1961 alkaen.<\/p>\n<p class=\"article-body mb-nof-24 px-nof-16\">Ilmatieteen laitos tiedotti marraskuun s\u00e4\u00e4tilastoista maanantaina. Ilmatieteen laitoksen mukaan auringon\u00adpaiste\u00adtuntien m\u00e4\u00e4r\u00e4 oli marraskuussa Pohjois-Lappia lukuun ottamatta \u201denimm\u00e4kseen tavanomainen\u201d.<\/p>\n<p class=\"article-body mb-nof-24 px-nof-16\">Ilmatieteen laitoksen mukaan t\u00e4m\u00e4 syksy oli useilla havaintoasemilla mittaushistorian toiseksi l\u00e4mpimin.<\/p>\n<p class=\"article-body mb-nof-24 px-nof-16\">Tiedotteessa kerrotaan, ett\u00e4 marraskuussa keskil\u00e4mp\u00f6tila oli Lapissa tavanomaista kylmempi, mutta muualla Suomessa keskil\u00e4mp\u00f6tila oli 1\u20133 astetta tavanomaista korkeampi.<\/p>\n<p class=\"article-body mb-nof-24 px-nof-16\">Ilmatieteen laitoksen mukaan marraskuussa satoi vett\u00e4 etel\u00e4ss\u00e4 ja aivan pohjoisessa tavanomaista v\u00e4hemm\u00e4n.<\/p>\n<p class=\"article-body mb-nof-24 px-nof-16\">Lunta saatiin marraskuun aikana etel\u00e4ss\u00e4kin. Helsingiss\u00e4 Kumpulan havaintoasemalla <a class=\"article-genericlink\" href=\"https:\/\/www.hs.fi\/helsinki\/art-2000011638846.html\" rel=\"nofollow noopener\" target=\"_blank\">tehtiin<\/a> kahden sentin lumihavainto marraskuussa. Ilmatieteen laitos merkitsee ensi\u00adlumen tilastoihin, kun havaintoasemalla mitataan aamukahdeksalta v\u00e4hint\u00e4\u00e4n yhden senttimetrin paksuinen lumikerros.<\/p>\n<p class=\"article-body mb-nof-24 px-nof-16\">Jokinen sanoo, ett\u00e4 ensilumen tulo on my\u00f6hentynyt Suomen etel\u00e4- ja keskiosassa.<\/p>\n<p class=\"article-body mb-nof-24 px-nof-16\">\u201dLumi tulee my\u00f6hemmin, ja se sulaa aikaisemmin pois.\u201d<\/p>\n<p class=\"article-body mb-nof-24 px-nof-16\">Asia n\u00e4kyy Jokisen mukaan tilastoista. H\u00e4n sanoo, ett\u00e4 taustalla on ilmastonmuutos.<\/p>\n<p class=\"article-body mb-nof-24 px-nof-16\">\u201dSe selitt\u00e4\u00e4, mink\u00e4 takia lumisuus alku- ja loppup\u00e4\u00e4st\u00e4 v\u00e4henee.\u201d<\/p>\n","protected":false},"excerpt":{"rendered":"S\u00e4\u00e4|Ilmatieteen laitokselta kerrotaan, ett\u00e4 Helsinki-Vantaan havaintoaseman tilastojen mukaan synkin marraskuu oli vuosikymmeni\u00e4 sitten. Lue tiivistelm\u00e4 Tiivistelm\u00e4 on teko\u00e4lyn&hellip;\n","protected":false},"author":2,"featured_media":105012,"comment_status":"","ping_status":"","sticky":false,"template":"","format":"standard","meta":{"footnotes":""},"categories":[12],"tags":[22,23,26,27,33,31,30,17,46,24,25,28,29,15,18,21,32,19,20,16],"class_list":{"0":"post-105011","1":"post","2":"type-post","3":"status-publish","4":"format-standard","5":"has-post-thumbnail","7":"category-suomi","8":"tag-breaking-news","9":"tag-breakingnews","10":"tag-featured-news","11":"tag-featurednews","12":"tag-fi","13":"tag-finland","14":"tag-finnish","15":"tag-headlines","16":"tag-helsingin-sanomat","17":"tag-latest-news","18":"tag-latestnews","19":"tag-main-news","20":"tag-mainnews","21":"tag-news","22":"tag-otsikot","23":"tag-paauutiset","24":"tag-suomi","25":"tag-top-stories","26":"tag-topstories","27":"tag-uutiset"},"share_on_mastodon":{"url":"https:\/\/pubeurope.com\/@fi\/115645368631344045","error":""},"_links":{"self":[{"href":"https:\/\/www.europesays.com\/fi\/wp-json\/wp\/v2\/posts\/105011","targetHints":{"allow":["GET"]}}],"collection":[{"href":"https:\/\/www.europesays.com\/fi\/wp-json\/wp\/v2\/posts"}],"about":[{"href":"https:\/\/www.europesays.com\/fi\/wp-json\/wp\/v2\/types\/post"}],"author":[{"embeddable":true,"href":"https:\/\/www.europesays.com\/fi\/wp-json\/wp\/v2\/users\/2"}],"replies":[{"embeddable":true,"href":"https:\/\/www.europesays.com\/fi\/wp-json\/wp\/v2\/comments?post=105011"}],"version-history":[{"count":0,"href":"https:\/\/www.europesays.com\/fi\/wp-json\/wp\/v2\/posts\/105011\/revisions"}],"wp:featuredmedia":[{"embeddable":true,"href":"https:\/\/www.europesays.com\/fi\/wp-json\/wp\/v2\/media\/105012"}],"wp:attachment":[{"href":"https:\/\/www.europesays.com\/fi\/wp-json\/wp\/v2\/media?parent=105011"}],"wp:term":[{"taxonomy":"category","embeddable":true,"href":"https:\/\/www.europesays.com\/fi\/wp-json\/wp\/v2\/categories?post=105011"},{"taxonomy":"post_tag","embeddable":true,"href":"https:\/\/www.europesays.com\/fi\/wp-json\/wp\/v2\/tags?post=105011"}],"curies":[{"name":"wp","href":"https:\/\/api.w.org\/{rel}","templated":true}]}}