{"id":105017,"date":"2025-12-01T17:16:09","date_gmt":"2025-12-01T17:16:09","guid":{"rendered":"https:\/\/www.europesays.com\/fi\/105017\/"},"modified":"2025-12-01T17:16:09","modified_gmt":"2025-12-01T17:16:09","slug":"il-seuraa-susijengilta-yllatys-avauksessa-kivikova-haaste-espoossa-iltalehti","status":"publish","type":"post","link":"https:\/\/www.europesays.com\/fi\/105017\/","title":{"rendered":"IL seuraa: Susijengilt\u00e4 yll\u00e4tys avauksessa \u2013 Kivikova haaste Espoossa &#8211; Iltalehti"},"content":{"rendered":"<ol>\n<li><a href=\"https:\/\/news.google.com\/rss\/articles\/CBMifkFVX3lxTFBDSndlNHJjeUxZRWh0T2JmX0ZWUEFMNXF2QTlwUXlHMERDVHM4VHd4LVdLcmVlYXBpcEdUSTBPTlhpbkJJcHRBTTN6c0FsUTVJWm1fZWtqSzMwZi1iWHZEWFBCRDladUZCVjVSLWxqcWcyUzlOOHMzUV8wT1FvUQ?oc=5\" target=\"_blank\" rel=\"nofollow noopener\">IL seuraa: Susijengilt\u00e4 yll\u00e4tys avauksessa \u2013 Kivikova haaste Espoossa<\/a>&nbsp;&nbsp;Iltalehti<\/li>\n<li><a href=\"https:\/\/news.google.com\/rss\/articles\/CBMiQkFVX3lxTE0yWUxOVFRzSzBWUWRJYjlPQnZXRWptY0ZMYzN3eUVlOGU0VFJweThDOEZyaXpVWUd5bjdQU0IyX0c0Zw?oc=5\" target=\"_blank\" rel=\"nofollow noopener\">Kuka on Susijengin paras pistemies Ranskaa vastaan? \u00c4\u00e4nest\u00e4 ja voit voittaa Susijengin t-paidan<\/a>&nbsp;&nbsp;Yle<\/li>\n<li><a href=\"https:\/\/news.google.com\/rss\/articles\/CBMipgFBVV95cUxNYUNvQVpiR29MWnY3LU81dUVXVWpoMjJuTF84dVFwaDNIaUJLZGd3eXhaNTM0WklpZ0dGTHdPdzBubW5xbm9jbnpkdHYwb0szOUhUdTFfUVRRekhWLVRNZ0lLMTlBVTZJMEhHWXFBQ2JrdG5OSURQczl3aXhDY2FzVHhQd2FyNnNDNDBMeElRSGVrQjRYcDBVN2x5ME5mbF9XUVJhdmlB?oc=5\" target=\"_blank\" rel=\"nofollow noopener\">Susijengin ja Ranskan kokoonpanot vahvistettu maanantain otteluun<\/a>&nbsp;&nbsp;Basket<\/li>\n<li><a href=\"https:\/\/news.google.com\/rss\/articles\/CBMiQkFVX3lxTFBtdVNLRnZmRkhBTkZnNmFBU2g4NW9Dd1gxbTAySWFlTE9neU9ZWFJOeTFTMDZ1LXNncnBwWEJaQ0hOdw?oc=5\" target=\"_blank\" rel=\"nofollow noopener\">Susijengi haastaa Ranskan Espoossa \u2013 Yle Urheilu seuraa MM-karsintaa<\/a>&nbsp;&nbsp;Yle<\/li>\n<li><a href=\"https:\/\/news.google.com\/rss\/articles\/CBMiQkFVX3lxTE5xUF9yVVNMdnBqZ2hwWGxzS2tfV21kV1pjaEMtaDYyS2R5TzVPMnJULUlnbEU2cVJoUlpWdXpYUFM2UQ?oc=5\" target=\"_blank\" rel=\"nofollow noopener\">T\u00e4ydellisest\u00e4 kes\u00e4lomasta Suomessa kovat kehut Ranskan t\u00e4hdelt\u00e4 \u2013 Susijengin pelaajalla my\u00f6s salainen panos<\/a>&nbsp;&nbsp;Yle<\/li>\n<\/ol>\n","protected":false},"excerpt":{"rendered":"IL seuraa: Susijengilt\u00e4 yll\u00e4tys avauksessa \u2013 Kivikova haaste Espoossa&nbsp;&nbsp;Iltalehti Kuka on Susijengin paras pistemies Ranskaa vastaan? \u00c4\u00e4nest\u00e4 ja&hellip;\n","protected":false},"author":2,"featured_media":105018,"comment_status":"","ping_status":"","sticky":false,"template":"","format":"standard","meta":{"footnotes":""},"categories":[158],"tags":[35,33,31,30,43,42,41,159,44,32,160,161],"class_list":{"0":"post-105017","1":"post","2":"type-post","3":"status-publish","4":"format-standard","5":"has-post-thumbnail","7":"category-urheilu","8":"tag-24h","9":"tag-fi","10":"tag-finland","11":"tag-finnish","12":"tag-jalkapallo","13":"tag-jalkapalloon-perustuvat-lajit","14":"tag-liikunta-ja-urheilu","15":"tag-sports","16":"tag-suomen-jalkapallo","17":"tag-suomi","18":"tag-urheilu","19":"tag-urheilutapahtumat"},"share_on_mastodon":{"url":"https:\/\/pubeurope.com\/@fi\/115645447191785783","error":""},"_links":{"self":[{"href":"https:\/\/www.europesays.com\/fi\/wp-json\/wp\/v2\/posts\/105017","targetHints":{"allow":["GET"]}}],"collection":[{"href":"https:\/\/www.europesays.com\/fi\/wp-json\/wp\/v2\/posts"}],"about":[{"href":"https:\/\/www.europesays.com\/fi\/wp-json\/wp\/v2\/types\/post"}],"author":[{"embeddable":true,"href":"https:\/\/www.europesays.com\/fi\/wp-json\/wp\/v2\/users\/2"}],"replies":[{"embeddable":true,"href":"https:\/\/www.europesays.com\/fi\/wp-json\/wp\/v2\/comments?post=105017"}],"version-history":[{"count":0,"href":"https:\/\/www.europesays.com\/fi\/wp-json\/wp\/v2\/posts\/105017\/revisions"}],"wp:featuredmedia":[{"embeddable":true,"href":"https:\/\/www.europesays.com\/fi\/wp-json\/wp\/v2\/media\/105018"}],"wp:attachment":[{"href":"https:\/\/www.europesays.com\/fi\/wp-json\/wp\/v2\/media?parent=105017"}],"wp:term":[{"taxonomy":"category","embeddable":true,"href":"https:\/\/www.europesays.com\/fi\/wp-json\/wp\/v2\/categories?post=105017"},{"taxonomy":"post_tag","embeddable":true,"href":"https:\/\/www.europesays.com\/fi\/wp-json\/wp\/v2\/tags?post=105017"}],"curies":[{"name":"wp","href":"https:\/\/api.w.org\/{rel}","templated":true}]}}