{"id":105023,"date":"2025-12-01T17:21:09","date_gmt":"2025-12-01T17:21:09","guid":{"rendered":"https:\/\/www.europesays.com\/fi\/105023\/"},"modified":"2025-12-01T17:21:09","modified_gmt":"2025-12-01T17:21:09","slug":"venajan-varjolaivastossa-rajahti-jalleen","status":"publish","type":"post","link":"https:\/\/www.europesays.com\/fi\/105023\/","title":{"rendered":"Ven\u00e4j\u00e4n varjolaivastossa r\u00e4j\u00e4hti j\u00e4lleen"},"content":{"rendered":"<p>Ven\u00e4j\u00e4n varjolaivastoon linkitetyss\u00e4 \u00f6ljytankkerissa r\u00e4j\u00e4hti. <\/p>\n<p><img decoding=\"async\" class=\"image image-show image-preview\" src=\"https:\/\/www.europesays.com\/fi\/wp-content\/uploads\/2025\/12\/5c54ad6bf42c68387a679ac36634f94a5561f5c4788fc8c8fe732fcc3f395578.jpg\" alt=\"\"\/><img decoding=\"async\" class=\"image image-show\" src=\"https:\/\/www.europesays.com\/fi\/wp-content\/uploads\/2025\/12\/1764609669_237_5c54ad6bf42c68387a679ac36634f94a5561f5c4788fc8c8fe732fcc3f395578.jpg\" alt=\"\"\/><\/p>\n<p>Panaman lipun alla seilaava Mersin kuvattiin Istanbulissa Turkissa 13. elokuuta 2025. Yoruk Isik, REUTERS <\/p>\n<p class=\"paragraph\">Dieseli\u00e4 kuljettanut \u00f6ljytankkeri vaurioitui r\u00e4j\u00e4hdysten seurauksena l\u00e4hell\u00e4 Senegalin p\u00e4\u00e4kaupunki Dakaria, kertoo uutistoimisto <a href=\"https:\/\/www.bloomberg.com\/news\/articles\/2025-12-01\/oil-tanker-mersin-suffered-explosions-off-senegal-manager-says\" rel=\"noopener nofollow\" target=\"_blank\">Bloomberg<\/a>. Kyseess\u00e4 on jo kolmas Ven\u00e4j\u00e4\u00e4n linkittyv\u00e4 alus, joka vahingoittuu vain muutaman p\u00e4iv\u00e4n sis\u00e4\u00e4n.<\/p>\n<p class=\"paragraph\">Mersin-\u00f6ljytankkerista vastaava Besiktas Shipping kertoo r\u00e4j\u00e4hdyksist\u00e4 <a href=\"https:\/\/www.besiktasshipping.com\/statement-about-m-t-mersin\/\" target=\"_blank\" rel=\"noopener nofollow\">tiedotteessa<\/a>.<\/p>\n<p class=\"paragraph\">\u2013 Tapahtui nelj\u00e4 ulkoista r\u00e4j\u00e4hdyst\u00e4, mink\u00e4 seurauksena merivett\u00e4 virtasi konehuoneeseen, yhti\u00f6 kertoo.<\/p>\n<p class=\"paragraph\">Yhti\u00f6n mukaan tilanne saatiin heti hallintaan, eik\u00e4 tapauksesta koitunut vahinkoa henkil\u00f6st\u00f6lle. Saastumista ei yhti\u00f6n mukaan my\u00f6sk\u00e4\u00e4n tapahtunut.<\/p>\n<p class=\"paragraph\">Aiemmin l\u00e4hde kertoi Ukrainan tiedustelupalvelu SBU:n iskeneen <a href=\"https:\/\/www.iltalehti.fi\/ulkomaat\/0e5a971d-c231-4175-be09-d5ed41c0af30\" rel=\"nofollow noopener\" target=\"_blank\">meridrooneilla<\/a> kahteen Ven\u00e4j\u00e4n varjolaivaston alukseen Mustallamerell\u00e4. Kukaan ei ole viel\u00e4 ottanut vastuuta muista vastaavista r\u00e4j\u00e4hdyksist\u00e4.<\/p>\n<p class=\"paragraph\">Laiva-analytiikkayhti\u00f6 Kplerin mukaan Mersin oli vieraillut Ven\u00e4j\u00e4n satamissa useasti kuluneen vuoden aikana, Bloomberg kertoo.<\/p>\n<p class=\"paragraph\">Uutistoimisto <a href=\"https:\/\/www.reuters.com\/sustainability\/climate-energy\/senegal-rushes-avert-oil-spill-after-turkish-tanker-incident-off-dakar-2025-11-30\/\" rel=\"noopener nofollow\" target=\"_blank\">Reuters<\/a> kertoi aiemmin Mersiniin liittyen, ett\u00e4 viranomaiset ty\u00f6skentelev\u00e4t kovasti est\u00e4\u00e4kseen \u00f6ljyvuodon. Vesi virtasi konehuoneeseen marraskuun 27. ja 28. p\u00e4iv\u00e4n v\u00e4lisen\u00e4 y\u00f6n\u00e4. Laiva seilasi Panaman lipun alla.<\/p>\n<p>R\u00e4j\u00e4hdykset sattuivat Senegalin p\u00e4\u00e4kaupunki Dakarin l\u00e4hist\u00f6ll\u00e4. Kuvituskuva Dakarin satamasta.  EPA\/AOP<\/p>\n","protected":false},"excerpt":{"rendered":"Ven\u00e4j\u00e4n varjolaivastoon linkitetyss\u00e4 \u00f6ljytankkerissa r\u00e4j\u00e4hti. Panaman lipun alla seilaava Mersin kuvattiin Istanbulissa Turkissa 13. elokuuta 2025. Yoruk Isik,&hellip;\n","protected":false},"author":2,"featured_media":105024,"comment_status":"","ping_status":"","sticky":false,"template":"","format":"standard","meta":{"footnotes":""},"categories":[14],"tags":[35,22,23,26,27,33,31,30,17,2187,24,25,121,28,29,15,120,18,21,32,19,20,56,16,2569,2568,59,60,61],"class_list":{"0":"post-105023","1":"post","2":"type-post","3":"status-publish","4":"format-standard","5":"has-post-thumbnail","7":"category-ulkomaat","8":"tag-24h","9":"tag-breaking-news","10":"tag-breakingnews","11":"tag-featured-news","12":"tag-featurednews","13":"tag-fi","14":"tag-finland","15":"tag-finnish","16":"tag-headlines","17":"tag-kulkuneuvot","18":"tag-latest-news","19":"tag-latestnews","20":"tag-liikenne-ja-kuljetus","21":"tag-main-news","22":"tag-mainnews","23":"tag-news","24":"tag-onnettomuustapaus","25":"tag-otsikot","26":"tag-paauutiset","27":"tag-suomi","28":"tag-top-stories","29":"tag-topstories","30":"tag-ulkomaat","31":"tag-uutiset","32":"tag-vesikulkuneuvot","33":"tag-vesiliikenne","34":"tag-world","35":"tag-world-news","36":"tag-worldnews"},"share_on_mastodon":{"url":"https:\/\/pubeurope.com\/@fi\/115645467009087103","error":""},"_links":{"self":[{"href":"https:\/\/www.europesays.com\/fi\/wp-json\/wp\/v2\/posts\/105023","targetHints":{"allow":["GET"]}}],"collection":[{"href":"https:\/\/www.europesays.com\/fi\/wp-json\/wp\/v2\/posts"}],"about":[{"href":"https:\/\/www.europesays.com\/fi\/wp-json\/wp\/v2\/types\/post"}],"author":[{"embeddable":true,"href":"https:\/\/www.europesays.com\/fi\/wp-json\/wp\/v2\/users\/2"}],"replies":[{"embeddable":true,"href":"https:\/\/www.europesays.com\/fi\/wp-json\/wp\/v2\/comments?post=105023"}],"version-history":[{"count":0,"href":"https:\/\/www.europesays.com\/fi\/wp-json\/wp\/v2\/posts\/105023\/revisions"}],"wp:featuredmedia":[{"embeddable":true,"href":"https:\/\/www.europesays.com\/fi\/wp-json\/wp\/v2\/media\/105024"}],"wp:attachment":[{"href":"https:\/\/www.europesays.com\/fi\/wp-json\/wp\/v2\/media?parent=105023"}],"wp:term":[{"taxonomy":"category","embeddable":true,"href":"https:\/\/www.europesays.com\/fi\/wp-json\/wp\/v2\/categories?post=105023"},{"taxonomy":"post_tag","embeddable":true,"href":"https:\/\/www.europesays.com\/fi\/wp-json\/wp\/v2\/tags?post=105023"}],"curies":[{"name":"wp","href":"https:\/\/api.w.org\/{rel}","templated":true}]}}