{"id":105027,"date":"2025-12-01T17:35:11","date_gmt":"2025-12-01T17:35:11","guid":{"rendered":"https:\/\/www.europesays.com\/fi\/105027\/"},"modified":"2025-12-01T17:35:11","modified_gmt":"2025-12-01T17:35:11","slug":"amanda-harkimo-sairastui-syntymapaivanaan","status":"publish","type":"post","link":"https:\/\/www.europesays.com\/fi\/105027\/","title":{"rendered":"Amanda Harkimo sairastui syntym\u00e4p\u00e4iv\u00e4n\u00e4\u00e4n"},"content":{"rendered":"<p>Dj <strong>Amanda Harkimo <\/strong>t\u00e4ytti eilen 35 vuotta. H\u00e4n kertoo sometarinoissaan olleen edellisen kerran sairaana ennen sotaa. H\u00e4nen ik\u00e4v\u00e4kseen h\u00e4n oli nyt syntym\u00e4p\u00e4iv\u00e4n\u00e4\u00e4n sairaana.<\/p>\n<p>Lue my\u00f6s: <a href=\"https:\/\/www.como.fi\/uutiset\/amanda-harkimolta-koskettava-julkaisu-lepaa-rauhassa\/\" title=\"Amanda Harkimolta koskettava julkaisu \u2013 \u201dLep\u00e4\u00e4 rauhassa\u201d\" class=\"underline-custom !font-montserrat !font-bold !underline-offset-4 !decoration-4 !decoration-red-600 !text-md\" rel=\"nofollow noopener\" target=\"_blank\">Amanda Harkimolta koskettava julkaisu \u2013 \u201dLep\u00e4\u00e4 rauhassa\u201d<\/a><\/p>\n<p>\u2013 Olin viimeksi kipee ennen ku alko sota. Her\u00e4sin t\u00e4h\u00e4 35v el\u00e4m\u00e4\u00e4n kipeen\u00e4. Huoh. Ihan hirveet. Kiitos onnitteluista tho, kirjoitti Amanda eilen.<\/p>\n<p>Amanda makaa julkaisemassaan videossa sairaana s\u00e4ngyss\u00e4. H\u00e4nen set\u00e4ns\u00e4 <strong>Hjallis Harkimo<\/strong> oli pelastanut p\u00e4iv\u00e4n.<\/p>\n<p>\u2013 Ihan m\u00e4ls\u00e4\u00e4 etten p\u00e4\u00e4se sy\u00f6m\u00e4\u00e4n omaa syntt\u00e4rikakkua. Viel\u00e4 jotenkin niin otettu, kun on ollut \u201dastetta vaikeampi\u201d vuosi, ett\u00e4 Hjallis on niin syd\u00e4mellinen, ett\u00e4 olisi j\u00e4rjest\u00e4nyt minulle t\u00e4llaiset pienet syntt\u00e4rikekkerit, kertoo Amanda set\u00e4ns\u00e4 ihanasta teosta.<\/p>\n<p>Lue my\u00f6s: <a href=\"https:\/\/www.como.fi\/uutiset\/amanda-harkimo-julkaisi-lapsuuskuvia-kumpi-on-oliver\/\" title=\"Amanda Harkimo julkaisi lapsuuskuvia \u2013 kumpi on Oliver?\" class=\"underline-custom !font-montserrat !font-bold !underline-offset-4 !decoration-4 !decoration-red-600 !text-md\" rel=\"nofollow noopener\" target=\"_blank\">Amanda Harkimo julkaisi lapsuuskuvia \u2013 kumpi on Oliver?<\/a><\/p>\n<p>Amandalle oli my\u00f6s soitettu set\u00e4ns\u00e4 luota.<\/p>\n<p>\u2013 Ja siis maailman s\u00f6p\u00f6in puhelu, kun pikkuveli l\u00e4hti sinne ja he yhdess\u00e4 soittivat minulle ja sain puhaltaa kynttil\u00e4t ja liven\u00e4 ne kynttil\u00e4t sammui, kirjoittaa syntym\u00e4p\u00e4iv\u00e4sankari.<\/p>\n<p>Lue my\u00f6s: <a href=\"https:\/\/www.como.fi\/uutiset\/amanda-harkimon-outo-video-hammentaa-somessa-kahnaustilanne-yokerhossa\/\" title=\"Amanda Harkimon outo video h\u00e4mment\u00e4\u00e4 somessa \u2013 kahnaustilanne y\u00f6kerhossa\" class=\"underline-custom !font-montserrat !font-bold !underline-offset-4 !decoration-4 !decoration-red-600 !text-md\" rel=\"nofollow noopener\" target=\"_blank\">Amanda Harkimon outo video h\u00e4mment\u00e4\u00e4 somessa \u2013 kahnaustilanne y\u00f6kerhossa<\/a><\/p>\n<p>Videossa n\u00e4kyy t\u00e4ytekakku, joka olisi odottanut Amandaa Hjalliksen luona.<\/p>\n<p>Jos upotus ei n\u00e4y, avaa se auki <a href=\"https:\/\/www.instagram.com\/p\/DRr9C1pjOo-\/?utm_source=ig_web_copy_link&amp;igsh=MzRlODBiNWFlZA==\" target=\"_blank\" rel=\"noreferrer noopener nofollow\">t\u00e4st\u00e4<\/a>.<\/p>\n<p>Lue my\u00f6s: <a href=\"https:\/\/www.como.fi\/tilaa-comon-uutiskirje\/\" title=\"Tilaa Comon uutiskirje ja tied\u00e4t mist\u00e4 kahvitauolla puhutaan! Nappaa kotimaan tv-vinkit ja puheenaiheet suoraan s\u00e4hk\u00f6postiin t\u00e4st\u00e4.\" class=\"underline-custom !font-montserrat !font-bold !underline-offset-4 !decoration-4 !decoration-red-600 !text-md\" rel=\"nofollow noopener\" target=\"_blank\">Tilaa Comon uutiskirje ja tied\u00e4t mist\u00e4 kahvitauolla puhutaan! Nappaa kotimaan tv-vinkit ja puheenaiheet suoraan s\u00e4hk\u00f6postiin t\u00e4st\u00e4.<\/a><\/p>\n<p>\t\t\t<script async src=\"\/\/www.instagram.com\/embed.js\"><\/script><\/p>\n","protected":false},"excerpt":{"rendered":"Dj Amanda Harkimo t\u00e4ytti eilen 35 vuotta. H\u00e4n kertoo sometarinoissaan olleen edellisen kerran sairaana ennen sotaa. H\u00e4nen ik\u00e4v\u00e4kseen&hellip;\n","protected":false},"author":2,"featured_media":105028,"comment_status":"","ping_status":"","sticky":false,"template":"","format":"standard","meta":{"footnotes":""},"categories":[136],"tags":[2174,407,137,33,31,30,2175,408,32,109],"class_list":{"0":"post-105027","1":"post","2":"type-post","3":"status-publish","4":"format-standard","5":"has-post-thumbnail","7":"category-julkkikset","8":"tag-amanda-harkimo","9":"tag-celebrities","10":"tag-entertainment","11":"tag-fi","12":"tag-finland","13":"tag-finnish","14":"tag-hjallis-harkimo","15":"tag-julkkikset","16":"tag-suomi","17":"tag-viihde"},"share_on_mastodon":{"url":"https:\/\/pubeurope.com\/@fi\/115645521820486266","error":""},"_links":{"self":[{"href":"https:\/\/www.europesays.com\/fi\/wp-json\/wp\/v2\/posts\/105027","targetHints":{"allow":["GET"]}}],"collection":[{"href":"https:\/\/www.europesays.com\/fi\/wp-json\/wp\/v2\/posts"}],"about":[{"href":"https:\/\/www.europesays.com\/fi\/wp-json\/wp\/v2\/types\/post"}],"author":[{"embeddable":true,"href":"https:\/\/www.europesays.com\/fi\/wp-json\/wp\/v2\/users\/2"}],"replies":[{"embeddable":true,"href":"https:\/\/www.europesays.com\/fi\/wp-json\/wp\/v2\/comments?post=105027"}],"version-history":[{"count":0,"href":"https:\/\/www.europesays.com\/fi\/wp-json\/wp\/v2\/posts\/105027\/revisions"}],"wp:featuredmedia":[{"embeddable":true,"href":"https:\/\/www.europesays.com\/fi\/wp-json\/wp\/v2\/media\/105028"}],"wp:attachment":[{"href":"https:\/\/www.europesays.com\/fi\/wp-json\/wp\/v2\/media?parent=105027"}],"wp:term":[{"taxonomy":"category","embeddable":true,"href":"https:\/\/www.europesays.com\/fi\/wp-json\/wp\/v2\/categories?post=105027"},{"taxonomy":"post_tag","embeddable":true,"href":"https:\/\/www.europesays.com\/fi\/wp-json\/wp\/v2\/tags?post=105027"}],"curies":[{"name":"wp","href":"https:\/\/api.w.org\/{rel}","templated":true}]}}