{"id":105039,"date":"2025-12-01T17:47:08","date_gmt":"2025-12-01T17:47:08","guid":{"rendered":"https:\/\/www.europesays.com\/fi\/105039\/"},"modified":"2025-12-01T17:47:08","modified_gmt":"2025-12-01T17:47:08","slug":"usa-ulkona-naton-kriittisesta-kokouksesta","status":"publish","type":"post","link":"https:\/\/www.europesays.com\/fi\/105039\/","title":{"rendered":"USA ulkona Naton kriittisest\u00e4 kokouksesta"},"content":{"rendered":"<p>Yhdysvaltain ulkoministeri Marco Rubio ei osallistu keskiviikkona Naton ulkoministerikokoukseen puolustusliiton p\u00e4\u00e4majassa Brysseliss\u00e4.<\/p>\n<p><img decoding=\"async\" class=\"image image-show image-preview\" src=\"https:\/\/www.europesays.com\/fi\/wp-content\/uploads\/2025\/12\/8996a18c4f7fe37f86dbf462605c770ed22134da41fa83656b9bb39828937dc9.jpg\" alt=\"\"\/><img decoding=\"async\" class=\"image image-show\" src=\"https:\/\/www.europesays.com\/fi\/wp-content\/uploads\/2025\/12\/1764611228_359_8996a18c4f7fe37f86dbf462605c770ed22134da41fa83656b9bb39828937dc9.jpg\" alt=\"\"\/><\/p>\n<p>Yhdysvaltain ulkoministeri Marco Rubio (vas.) j\u00e4\u00e4 pois Naton ulkoministerikokouksesta, mik\u00e4 kiihdytt\u00e4\u00e4 spekulaatioita siit\u00e4, onko presidentti Donald Trumpin (oik.) hallinto sitoutunut puolustusliitto Natoon. Francis Chung &#8211; Pool via CNP<\/p>\n<p class=\"paragraph\">Kansainv\u00e4liset ulko- ja turvallisuuspolitiikan l\u00e4hteet kertovat Iltalehdelle, ett\u00e4 Yhdysvaltain ulkoministeri <strong>Marco Rubio<\/strong> ei osallistu keskiviikkona Naton viralliseen ulkoministerikokoukseen.<\/p>\n<p class=\"paragraph\">Nato-maiden ulkoministerit kokoontuvat puolustusliiton p\u00e4\u00e4majassa Brysseliss\u00e4.<\/p>\n<p class=\"paragraph\">Keskiviikkoista Nato-kokousta on pidetty ennakkoarvioissa kriittisen\u00e4, koska toissa viikolla julkisuuteen vuodettu ven\u00e4l\u00e4isten ja amerikkalaisten luonnostelema 28-kohtainen Ukrainan rauhansuunnitelma sis\u00e4lsi Natoa koskeneita vaatimuksia.<\/p>\n<p class=\"paragraph\">Eurooppalaiset Nato-maat, Suomi mukaan lukien, ovat ilmoittaneet, ett\u00e4 ne eiv\u00e4t hyv\u00e4ksy muutoksia Naton s\u00e4\u00e4nt\u00f6ihin, esimerkiksi avoimien ovien politiikan lopettamista Ven\u00e4j\u00e4n kanssa teht\u00e4v\u00e4ll\u00e4 sopimuksella.<\/p>\n<p class=\"paragraph\">Amerikkalaiset, ukrainalaiset ja eurooppalaiset ovat sittemmin muokanneet sopimusluonnosta.<\/p>\n<p>Yhten\u00e4isyys rakoilee<\/p>\n<p class=\"paragraph\">L\u00e4hteiden mukaan Rubion odotettiin silti korostavan Naton ministerikokouksessa puolustusliiton yhten\u00e4isyytt\u00e4. Nyt n\u00e4in ei tapahdu, mik\u00e4 hy\u00f6dytt\u00e4\u00e4 Ven\u00e4j\u00e4\u00e4.<\/p>\n<p class=\"paragraph\">Ulko- ja turvallisuuspolitiikan l\u00e4hteet eiv\u00e4t muista, milloin Yhdysvallat olisi j\u00e4\u00e4nyt pois Naton virallisesta ministerikokouksesta.<\/p>\n<p class=\"paragraph\">Sit\u00e4 pidet\u00e4\u00e4n USA:n kohdalla pois j\u00e4\u00e4misen\u00e4, ett\u00e4 maan ulkoministeri ei saavu paikan p\u00e4\u00e4lle Naton p\u00e4\u00e4majaan.<\/p>\n<p class=\"paragraph\">Spekulaatio Rubion j\u00e4\u00e4misest\u00e4 pois alkoi kansainv\u00e4lisess\u00e4 mediassa viime viikolla, mutta ensiuutisissa pidettiin mahdollisena, ett\u00e4 Rubio lopulta saapuisi Brysseliin keskiviikkona aamulla.<\/p>\n<p class=\"paragraph\">L\u00e4hteiden mukaan n\u00e4in ei ole tapahtumassa, eli Rubio ei osallistu kokoukseen.<\/p>\n<p>Vaikea kokous<\/p>\n<p class=\"paragraph\">Ministerikokouksesta on tulossa vaikea ja ilmapiirilt\u00e4\u00e4n huono.<\/p>\n<p class=\"paragraph\">USA:n hallinnon ratkaisu kiihdytt\u00e4\u00e4 spekulaatiota siit\u00e4, onko Yhdysvaltain presidentti <strong>Donald Trump<\/strong> sittenk\u00e4\u00e4n sitoutunut puolustusliitto Natoon.<\/p>\n<p class=\"paragraph\">Naton hollantilainen p\u00e4\u00e4sihteeri <strong>Mark Rutte<\/strong> joutuu selittelem\u00e4\u00e4n USA:n ratkaisua parhaan taitonsa mukaan.<\/p>\n<p class=\"paragraph\">L\u00e4hteiden mukaan on todenn\u00e4k\u00f6ist\u00e4, ett\u00e4 Rutten lausunnot eiv\u00e4t vakuuta sen enemp\u00e4\u00e4 paikalle saapuvia kirjeenvaihtajia kuin Nato-maiden ulkoministereit\u00e4.<\/p>\n<p class=\"paragraph\">Suomea edustaa kokouksessa ulkoministeri <strong>Elina Valtonen<\/strong> (kok), joka matkustaa Brysseliin.<\/p>\n<p class=\"paragraph\">Naton poliittinen yhten\u00e4isyys vaikuttaa horjuvan, koska eurooppalaisten liittolaisten mielest\u00e4 USA:n olisi juuri t\u00e4ss\u00e4 ministerikokouksessa pit\u00e4nyt osoittaa vahvaa Nato-johtajuutta.<\/p>\n<p class=\"paragraph\">Sen sijaan otsikoihin nousevat ulkoministeri Rubion poissaolo ja sen seurauksena ep\u00e4ily Trumpin sitoutumisesta puolustusliittoon.<\/p>\n<p class=\"paragraph\">Yhdysvallat ei my\u00f6sk\u00e4\u00e4n osallistunut G20-maiden kokoukseen Etel\u00e4-Afrikassa.<\/p>\n","protected":false},"excerpt":{"rendered":"Yhdysvaltain ulkoministeri Marco Rubio ei osallistu keskiviikkona Naton ulkoministerikokoukseen puolustusliiton p\u00e4\u00e4majassa Brysseliss\u00e4. Yhdysvaltain ulkoministeri Marco Rubio (vas.) j\u00e4\u00e4&hellip;\n","protected":false},"author":2,"featured_media":105040,"comment_status":"","ping_status":"","sticky":false,"template":"","format":"standard","meta":{"footnotes":""},"categories":[14],"tags":[35,22,23,26,27,33,31,30,17,24,25,28,29,15,18,21,142,637,144,32,19,20,56,4385,16,638,59,60,61],"class_list":{"0":"post-105039","1":"post","2":"type-post","3":"status-publish","4":"format-standard","5":"has-post-thumbnail","7":"category-ulkomaat","8":"tag-24h","9":"tag-breaking-news","10":"tag-breakingnews","11":"tag-featured-news","12":"tag-featurednews","13":"tag-fi","14":"tag-finland","15":"tag-finnish","16":"tag-headlines","17":"tag-latest-news","18":"tag-latestnews","19":"tag-main-news","20":"tag-mainnews","21":"tag-news","22":"tag-otsikot","23":"tag-paauutiset","24":"tag-poliitikot","25":"tag-politiikka","26":"tag-presidentti","27":"tag-suomi","28":"tag-top-stories","29":"tag-topstories","30":"tag-ulkomaat","31":"tag-ulkopolitiikka-ja-kansainvalinen-politiikka","32":"tag-uutiset","33":"tag-valtiovalta","34":"tag-world","35":"tag-world-news","36":"tag-worldnews"},"share_on_mastodon":{"url":"https:\/\/pubeurope.com\/@fi\/115645569227862456","error":""},"_links":{"self":[{"href":"https:\/\/www.europesays.com\/fi\/wp-json\/wp\/v2\/posts\/105039","targetHints":{"allow":["GET"]}}],"collection":[{"href":"https:\/\/www.europesays.com\/fi\/wp-json\/wp\/v2\/posts"}],"about":[{"href":"https:\/\/www.europesays.com\/fi\/wp-json\/wp\/v2\/types\/post"}],"author":[{"embeddable":true,"href":"https:\/\/www.europesays.com\/fi\/wp-json\/wp\/v2\/users\/2"}],"replies":[{"embeddable":true,"href":"https:\/\/www.europesays.com\/fi\/wp-json\/wp\/v2\/comments?post=105039"}],"version-history":[{"count":0,"href":"https:\/\/www.europesays.com\/fi\/wp-json\/wp\/v2\/posts\/105039\/revisions"}],"wp:featuredmedia":[{"embeddable":true,"href":"https:\/\/www.europesays.com\/fi\/wp-json\/wp\/v2\/media\/105040"}],"wp:attachment":[{"href":"https:\/\/www.europesays.com\/fi\/wp-json\/wp\/v2\/media?parent=105039"}],"wp:term":[{"taxonomy":"category","embeddable":true,"href":"https:\/\/www.europesays.com\/fi\/wp-json\/wp\/v2\/categories?post=105039"},{"taxonomy":"post_tag","embeddable":true,"href":"https:\/\/www.europesays.com\/fi\/wp-json\/wp\/v2\/tags?post=105039"}],"curies":[{"name":"wp","href":"https:\/\/api.w.org\/{rel}","templated":true}]}}