{"id":105041,"date":"2025-12-01T17:48:09","date_gmt":"2025-12-01T17:48:09","guid":{"rendered":"https:\/\/www.europesays.com\/fi\/105041\/"},"modified":"2025-12-01T17:48:09","modified_gmt":"2025-12-01T17:48:09","slug":"toimittajalta-essayahin-susijahtilaki-on-taysi-susi-luokatonta-valmistelua-ei-voi-hyvaksya","status":"publish","type":"post","link":"https:\/\/www.europesays.com\/fi\/105041\/","title":{"rendered":"Toimittajalta |\u00a0Essayahin susijahtilaki on t\u00e4ysi susi \u2013 luokatonta valmistelua ei voi hyv\u00e4ksy\u00e4"},"content":{"rendered":"<p>\n\t\t\t\tKehno s\u00e4\u00e4ntely voi vain pahentaa ongelmaa, jonka taltuttamiseen se on tarkoitettu, toimittaja Pekka Pohjolainen kirjoittaa\n\t\t\t<\/p>\n<p>\t\t\t\t\t\t\t\t\tSudet<\/p>\n<p>Lains\u00e4\u00e4d\u00e4nn\u00f6n arviointineuvosto julkaisi perjantaina suorastaan h\u00e4tk\u00e4hdytt\u00e4v\u00e4n lausunnon hallituksen esityksest\u00e4, jolla susi muutetaan mets\u00e4stett\u00e4v\u00e4ksi lajiksi.<\/p>\n<p>Kerrataanpa viel\u00e4 olennaisin.<\/p>\n<p>Hallituksen lainvalmistelun laatua valvovan neuvoston mukaan vaikutusarviointi on j\u00e4tetty tekem\u00e4tt\u00e4, eik\u00e4 esitysluonnoksen perusteella saa k\u00e4sityst\u00e4 nykytilasta. Siit\u00e4 ei k\u00e4y ilmi, kuinka paljon Suomessa on susia, mill\u00e4 alueilla ne aiheuttavat eniten ongelmia tai millaisia vahinkoja sudet ovat aiheuttaneet.<\/p>\n<p>Esitysluonnoksessa j\u00e4i kunnolla selvitt\u00e4m\u00e4tt\u00e4, ketk\u00e4 tai mitk\u00e4 tahot erityisesti hy\u00f6tyisiv\u00e4t ehdotetuista muutoksista, ja millaisia arjen vaikutuksia esityksell\u00e4 olisi ihmisille, jotka asuvat alueilla, joilla esiintyy paljon susia.<\/p>\n<p>Esitys j\u00e4tt\u00e4\u00e4 ep\u00e4selv\u00e4ksi, miss\u00e4 m\u00e4\u00e4rin susien mets\u00e4st\u00e4minen lis\u00e4\u00e4ntyisi. Edes suuntaa antavaa arviota siit\u00e4, kuinka paljon susia jatkossa voitaisiin kaataa vuosittain, ei l\u00f6ydy. Esityksess\u00e4 ei ole k\u00e4sitelty my\u00f6sk\u00e4\u00e4n sit\u00e4, millaisia vaikutuksia sudenmets\u00e4stykseen ehdotetuilla muutoksilla on susikannan elinvoimaisuuteen ja suotuisaan suojelutasoon.<\/p>\n<p>Eik\u00e4 siin\u00e4 kaikki. Arviointineuvosto joutui antamaan lausuntonsa maa- ja mets\u00e4talousministeri\u00f6n sijasta poikkeuksellisesti suoraan eduskunnan maa- ja mets\u00e4talousvaliokunnalle. N\u00e4in k\u00e4vi siksi, ett\u00e4 esitys kiikutettiin eduskunnalle, ennen kuin arviointineuvosto ehti lausua asiasta.<\/p>\n<p>Arviointineuvoston mukaan hallituksen esitysluonnoksen puutteet ovat niin merkitt\u00e4vi\u00e4, ettei se t\u00e4yt\u00e4 lainvalmistelun vaikutusarviointiohjeen vaatimuksia.<\/p>\n<p>Hallituksen esityksen pohjalta ei pysty muodostamaan riitt\u00e4v\u00e4\u00e4 ja perusteltua k\u00e4sityst\u00e4 esityksest\u00e4, eik\u00e4 sen taloudellisista ja yhteiskunnallisista vaikutuksista, arviointineuvosto n\u00e4ki.<\/p>\n<p>Yksinkertaisesti luokatonta ty\u00f6t\u00e4, rouva ministeri.<\/p>\n<p>Kaikki arviointineuvoston per\u00e4\u00e4m\u00e4 tieto olisi luultavasti l\u00f6ytynyt helposti Luonnonvarakeskuksesta, jos ministeri\u00f6n oma osaaminen olisi loppunut kesken. Kuvio tuoksahtaa silt\u00e4, ett\u00e4 tutkittu tieto sivuutettiin, koska se ei olisi tukenut esityst\u00e4 ja jahdin tarvetta.<\/p>\n<p>Toinen syy l\u00f6ytyy luultavasti puhtaasta v\u00e4linpit\u00e4m\u00e4tt\u00f6myydest\u00e4, kun tutkittu tieto ei edes kiinnosta susiasioissa reippaasti tunnepohjalta vet\u00e4v\u00e4\u00e4 eduskuntaa. Edesmennyt entinen vihreiden kansanedustaja ja \u201dSusi-Pulliaisena\u201d tunnettu el\u00e4intieteen professori <strong>Erkki Pulliainen<\/strong> veistelikin joskus, ett\u00e4 \u201deduskunta on t\u00e4ynn\u00e4ns\u00e4 nykyisin merkitt\u00e4vi\u00e4 susi- ja suurpetoasiantuntijoita\u201d.<\/p>\n<p>Niin n\u00e4ytt\u00e4\u00e4 tosin olevan EU-komissiossakin. Suden suojelua kun alettiin heikent\u00e4\u00e4, kun susi s\u00f6i komission nykyisen puheenjohtajan <strong>Ursula von der Leyenin<\/strong> perheen ponin Saksassa joitakin vuosia sitten.<\/p>\n<p>Eduskunnassa ministeri Essayahin susiesityst\u00e4 ovat tohtineet arvostella ja vastustaa vain vihre\u00e4t ja vasemmistoliitto. Suurin oppositiopuolue SDP n\u00e4ki jostakin syyst\u00e4 t\u00e4rke\u00e4ksi kirjata sudenmets\u00e4styksen jopa varjobudjettiinsa.<\/p>\n<p>Kun susijahdeilla on eduskunnassa laaja tuki, ja esityst\u00e4 on odotettu suorastaan vesi kielell\u00e4, n\u00e4inkin holtittomasti voi menetell\u00e4.<\/p>\n<p>Olipa koko susikysymyksest\u00e4 mit\u00e4 mielt\u00e4 tahansa, luokatonta lainvalmistelua ei voi hyv\u00e4ksy\u00e4 eik\u00e4 puolustella mill\u00e4\u00e4n. Sellainen kun voi johtaa erilaisiin juridisiin sotkuihin, julkisten resurssien tuhlaamiseen ja kansalaisten oikeusturvan heikentymiseen. Luottamus hallintoon ja lains\u00e4\u00e4t\u00e4jiink\u00e4\u00e4n ei ainakaan kohene.<\/p>\n<p>Niinkin voi k\u00e4yd\u00e4, ett\u00e4 kehno s\u00e4\u00e4ntely vain pahentaa ongelmaa, jonka taltuttamiseen se on tarkoitettu.<\/p>\n<p>Edellisell\u00e4 kerralla poliittisissa susijahdeissa ammuttiin liuta laumoja koossa pit\u00e4vi\u00e4 alfanaaraita. Seurauksena ihmisten pihoille alkoi jolkotella entist\u00e4 enemm\u00e4n yksin\u00e4isi\u00e4 n\u00e4lk\u00e4isi\u00e4 susia etsim\u00e4\u00e4n kissoja ja m\u00e4yr\u00e4koiria ja ties mit\u00e4 lintulaudan l\u00e4skinpaloja sy\u00f6t\u00e4v\u00e4kseen.<\/p>\n","protected":false},"excerpt":{"rendered":"Kehno s\u00e4\u00e4ntely voi vain pahentaa ongelmaa, jonka taltuttamiseen se on tarkoitettu, toimittaja Pekka Pohjolainen kirjoittaa Sudet Lains\u00e4\u00e4d\u00e4nn\u00f6n arviointineuvosto&hellip;\n","protected":false},"author":2,"featured_media":105042,"comment_status":"","ping_status":"","sticky":false,"template":"","format":"standard","meta":{"footnotes":""},"categories":[12],"tags":[22,23,26,27,33,31,30,17,24,25,28,29,15,18,21,32,19,20,16],"class_list":{"0":"post-105041","1":"post","2":"type-post","3":"status-publish","4":"format-standard","5":"has-post-thumbnail","7":"category-suomi","8":"tag-breaking-news","9":"tag-breakingnews","10":"tag-featured-news","11":"tag-featurednews","12":"tag-fi","13":"tag-finland","14":"tag-finnish","15":"tag-headlines","16":"tag-latest-news","17":"tag-latestnews","18":"tag-main-news","19":"tag-mainnews","20":"tag-news","21":"tag-otsikot","22":"tag-paauutiset","23":"tag-suomi","24":"tag-top-stories","25":"tag-topstories","26":"tag-uutiset"},"share_on_mastodon":{"url":"https:\/\/pubeurope.com\/@fi\/115645573055569914","error":""},"_links":{"self":[{"href":"https:\/\/www.europesays.com\/fi\/wp-json\/wp\/v2\/posts\/105041","targetHints":{"allow":["GET"]}}],"collection":[{"href":"https:\/\/www.europesays.com\/fi\/wp-json\/wp\/v2\/posts"}],"about":[{"href":"https:\/\/www.europesays.com\/fi\/wp-json\/wp\/v2\/types\/post"}],"author":[{"embeddable":true,"href":"https:\/\/www.europesays.com\/fi\/wp-json\/wp\/v2\/users\/2"}],"replies":[{"embeddable":true,"href":"https:\/\/www.europesays.com\/fi\/wp-json\/wp\/v2\/comments?post=105041"}],"version-history":[{"count":0,"href":"https:\/\/www.europesays.com\/fi\/wp-json\/wp\/v2\/posts\/105041\/revisions"}],"wp:featuredmedia":[{"embeddable":true,"href":"https:\/\/www.europesays.com\/fi\/wp-json\/wp\/v2\/media\/105042"}],"wp:attachment":[{"href":"https:\/\/www.europesays.com\/fi\/wp-json\/wp\/v2\/media?parent=105041"}],"wp:term":[{"taxonomy":"category","embeddable":true,"href":"https:\/\/www.europesays.com\/fi\/wp-json\/wp\/v2\/categories?post=105041"},{"taxonomy":"post_tag","embeddable":true,"href":"https:\/\/www.europesays.com\/fi\/wp-json\/wp\/v2\/tags?post=105041"}],"curies":[{"name":"wp","href":"https:\/\/api.w.org\/{rel}","templated":true}]}}