{"id":105043,"date":"2025-12-01T17:49:09","date_gmt":"2025-12-01T17:49:09","guid":{"rendered":"https:\/\/www.europesays.com\/fi\/105043\/"},"modified":"2025-12-01T17:49:09","modified_gmt":"2025-12-01T17:49:09","slug":"mita-lukasenkalle-tapahtui-hurjia-huhuja","status":"publish","type":"post","link":"https:\/\/www.europesays.com\/fi\/105043\/","title":{"rendered":"Mit\u00e4 Luka\u0161enkalle tapahtui? Hurjia huhuja"},"content":{"rendered":"<p>Luka\u0161enkan entinen kulttuuriministeri ihmettelee, mihin presidentti oikein katosi.<\/p>\n<p><img decoding=\"async\" class=\"image image-show image-preview\" src=\"https:\/\/www.europesays.com\/fi\/wp-content\/uploads\/2025\/12\/1fcec6d563812b38c98352a83a92e9e1dd6628239890ba1649105adba3cac7ed.jpg\" alt=\"\"\/><img decoding=\"async\" class=\"image image-show\" src=\"https:\/\/www.europesays.com\/fi\/wp-content\/uploads\/2025\/12\/1764611349_732_1fcec6d563812b38c98352a83a92e9e1dd6628239890ba1649105adba3cac7ed.jpg\" alt=\"\"\/><\/p>\n<p>Aljaksandr Luka\u0161enka on t\u00e4ll\u00e4 hetkell\u00e4 Omanissa. EPA \/ AOP<\/p>\n<p class=\"paragraph\">Euroopan viimeiseksi diktaattoriksikin kutsuttu Valko-Ven\u00e4j\u00e4n presidentti <a href=\"https:\/\/www.iltalehti.fi\/henkilot\/Aljaksandr Luka\u0161enka\" class=\"article-link-person-page\" rel=\"nofollow noopener\" target=\"_blank\">Aljaksandr Luka\u0161enka<\/a> v\u00e4itetysti katosi. Luka\u0161enkaa ei n\u00e4hty julkisuudessa sen j\u00e4lkeen, kun h\u00e4n saapui viime perjantaina Arabian niemimaalla sijaitsevaan Omaniin.<\/p>\n<p class=\"paragraph\">Asiaan kiinnitti huomiota Valko-Ven\u00e4j\u00e4n entinen kulttuuriministeri <a href=\"https:\/\/www.iltalehti.fi\/henkilot\/Pavel Latushko\" class=\"article-link-person-page\" rel=\"nofollow noopener\" target=\"_blank\">Pavel Latu\u0161ka<\/a> sosiaalisessa mediassa.<\/p>\n<p class=\"paragraph\">Latu\u0161ka sanoi X:ss\u00e4, ettei Luka\u0161enkasta n\u00e4hty j\u00e4lke\u00e4k\u00e4\u00e4n sen j\u00e4lkeen, kun h\u00e4n saapui Omanin p\u00e4\u00e4kaupunkiin Masqatiin viime viikolla.<\/p>\n<p class=\"paragraph\">\u2013 Kolmantena p\u00e4iv\u00e4n\u00e4 per\u00e4kk\u00e4in ei ole virallista tietoa, mit\u00e4 diktaattorille kuuluu. Omanin p\u00e4\u00e4kaupungissa Masqatissa pidetyn tapaamisp\u00f6yt\u00e4kirjan mukaan voidaan varmasti todeta, ett\u00e4 diktaattorin vierailu maahan ei ole ollut valtiollinen eik\u00e4 virallinen vierailu, Latu\u0161ka kommentoi sunnuntaina.<\/p>\n<p class=\"paragraph\">Aiemmin Luka\u0161enkan kanssa hyviss\u00e4 v\u00e4leiss\u00e4 ollut Latu\u0161ka sanoi, ett\u00e4 presidentin matka saattaa liitty\u00e4 h\u00e4nen henkil\u00f6kohtaisten varojensa sijoitteluun ulkomaille.<\/p>\n<p class=\"paragraph\">Oppositiovaikuttajan mukaan toinen mahdollinen selitys Luka\u0161enkan katoamiselle on my\u00f6s presidentin heikentynyt terveydentila, josta <a href=\"https:\/\/www.iltalehti.fi\/ulkomaat\/fbc72be0-7211-49cd-a92c-37be228211b1\" rel=\"nofollow noopener\" target=\"_blank\">on uutisoitu<\/a> runsaasti.<\/p>\n<p class=\"paragraph\">Valko-Ven\u00e4j\u00e4n valtiollinen uutistoimisto Belta kuitenkin kertoi maanantaina, ett\u00e4 Luka\u0161enka tapasi Omanin sulttaanin <a href=\"https:\/\/www.iltalehti.fi\/henkilot\/Haitham bin Tariq Al Said\" class=\"article-link-person-page\" rel=\"nofollow noopener\" target=\"_blank\">Haitham bin Tariq Al Saidin<\/a>.<\/p>\n<p class=\"paragraph\">Julkaisun mukaan tapaaminen oli \u201dpoikkeuksellinen\u201d, sill\u00e4 sulttaani vastaanotti Luka\u0161enkan palatsin sijaan kotonaan.<\/p>\n","protected":false},"excerpt":{"rendered":"Luka\u0161enkan entinen kulttuuriministeri ihmettelee, mihin presidentti oikein katosi. Aljaksandr Luka\u0161enka on t\u00e4ll\u00e4 hetkell\u00e4 Omanissa. EPA \/ AOP Euroopan&hellip;\n","protected":false},"author":2,"featured_media":105044,"comment_status":"","ping_status":"","sticky":false,"template":"","format":"standard","meta":{"footnotes":""},"categories":[5],"tags":[35,22,23,26,27,33,31,30,17,24,25,28,29,15,18,21,142,639,637,32,19,20,16,638,4645],"class_list":{"0":"post-105043","1":"post","2":"type-post","3":"status-publish","4":"format-standard","5":"has-post-thumbnail","7":"category-otsikot","8":"tag-24h","9":"tag-breaking-news","10":"tag-breakingnews","11":"tag-featured-news","12":"tag-featurednews","13":"tag-fi","14":"tag-finland","15":"tag-finnish","16":"tag-headlines","17":"tag-latest-news","18":"tag-latestnews","19":"tag-main-news","20":"tag-mainnews","21":"tag-news","22":"tag-otsikot","23":"tag-paauutiset","24":"tag-poliitikot","25":"tag-poliittiset-johtajat","26":"tag-politiikka","27":"tag-suomi","28":"tag-top-stories","29":"tag-topstories","30":"tag-uutiset","31":"tag-valtiovalta","32":"tag-viranomaiset"},"share_on_mastodon":{"url":"https:\/\/pubeurope.com\/@fi\/115645576915263651","error":""},"_links":{"self":[{"href":"https:\/\/www.europesays.com\/fi\/wp-json\/wp\/v2\/posts\/105043","targetHints":{"allow":["GET"]}}],"collection":[{"href":"https:\/\/www.europesays.com\/fi\/wp-json\/wp\/v2\/posts"}],"about":[{"href":"https:\/\/www.europesays.com\/fi\/wp-json\/wp\/v2\/types\/post"}],"author":[{"embeddable":true,"href":"https:\/\/www.europesays.com\/fi\/wp-json\/wp\/v2\/users\/2"}],"replies":[{"embeddable":true,"href":"https:\/\/www.europesays.com\/fi\/wp-json\/wp\/v2\/comments?post=105043"}],"version-history":[{"count":0,"href":"https:\/\/www.europesays.com\/fi\/wp-json\/wp\/v2\/posts\/105043\/revisions"}],"wp:featuredmedia":[{"embeddable":true,"href":"https:\/\/www.europesays.com\/fi\/wp-json\/wp\/v2\/media\/105044"}],"wp:attachment":[{"href":"https:\/\/www.europesays.com\/fi\/wp-json\/wp\/v2\/media?parent=105043"}],"wp:term":[{"taxonomy":"category","embeddable":true,"href":"https:\/\/www.europesays.com\/fi\/wp-json\/wp\/v2\/categories?post=105043"},{"taxonomy":"post_tag","embeddable":true,"href":"https:\/\/www.europesays.com\/fi\/wp-json\/wp\/v2\/tags?post=105043"}],"curies":[{"name":"wp","href":"https:\/\/api.w.org\/{rel}","templated":true}]}}