{"id":105061,"date":"2025-12-01T18:15:14","date_gmt":"2025-12-01T18:15:14","guid":{"rendered":"https:\/\/www.europesays.com\/fi\/105061\/"},"modified":"2025-12-01T18:15:14","modified_gmt":"2025-12-01T18:15:14","slug":"sally-leskinen-palkkansa-alentamisen-uutisoinnista-harmittaa-etta-se-meni-erikseen-julkisuuteen-paikalliset","status":"publish","type":"post","link":"https:\/\/www.europesays.com\/fi\/105061\/","title":{"rendered":"Sally Leskinen palkkansa alentamisen uutisoinnista: \u201cHarmittaa, ett\u00e4 se meni erikseen julkisuuteen\u201d | Paikalliset"},"content":{"rendered":"<p>Hyvinvointialuejohtaja Sally Leskinen alentaa vapaaehtoisesti palkkaansa tuhannella eurolla kuukaudessa. Hyvinvointialueen taloudelliselle kurimukselle ei n\u00e4y loppua.<\/p>\n<p>Hyvinvointialuejohtaja <strong>Sally Leskinen<\/strong> kertoo Etel\u00e4-Saimaalle harmistuneensa erillisest\u00e4 uutisoinnista, joka liittyy h\u00e4nen palkkaansa.<\/p>\n<p>Ilta-Sanomat <a href=\"https:\/\/www.is.fi\/kotimaa\/art-2000011655270.html\" rel=\"nofollow noopener\" target=\"_blank\">uutisoi<\/a> viime viikolla, ett\u00e4 Leskinen alentaa vapaaehtoisesti kuukausipalkkaansa tuhannella eurolla.<\/p>\n<p>\u2013\u2009Harmittaa, ett\u00e4 se tuolla lailla erikseen meni julkisuuteen, Leskinen sanoo.<\/p>\n<p>Leskisen kuukausipalkka on t\u00e4ll\u00e4 hetkell\u00e4 hieman yli 16\u2009000 euroa. Lis\u00e4ksi h\u00e4nell\u00e4 on autoetu ja puhelinetu, jotka v\u00e4hennet\u00e4\u00e4n palkasta.<\/p>\n","protected":false},"excerpt":{"rendered":"Hyvinvointialuejohtaja Sally Leskinen alentaa vapaaehtoisesti palkkaansa tuhannella eurolla kuukaudessa. Hyvinvointialueen taloudelliselle kurimukselle ei n\u00e4y loppua. Hyvinvointialuejohtaja Sally Leskinen&hellip;\n","protected":false},"author":2,"featured_media":105062,"comment_status":"","ping_status":"","sticky":false,"template":"","format":"standard","meta":{"footnotes":""},"categories":[5],"tags":[22,23,26,27,33,31,30,17,104,2644,24,25,28,29,15,18,21,2645,2375,32,19,20,939,2371,860,16],"class_list":{"0":"post-105061","1":"post","2":"type-post","3":"status-publish","4":"format-standard","5":"has-post-thumbnail","7":"category-otsikot","8":"tag-breaking-news","9":"tag-breakingnews","10":"tag-featured-news","11":"tag-featurednews","12":"tag-fi","13":"tag-finland","14":"tag-finnish","15":"tag-headlines","16":"tag-helsinki","17":"tag-kotitalouksien-tulot-ja-rahankaytto","18":"tag-latest-news","19":"tag-latestnews","20":"tag-main-news","21":"tag-mainnews","22":"tag-news","23":"tag-otsikot","24":"tag-paauutiset","25":"tag-palkka-ja-tyosuhde-edut","26":"tag-saimaa-jarvi","27":"tag-suomi","28":"tag-top-stories","29":"tag-topstories","30":"tag-tyo","31":"tag-tyo-ja-raha","32":"tag-tyoelama","33":"tag-uutiset"},"share_on_mastodon":{"url":"https:\/\/pubeurope.com\/@fi\/115645679069021520","error":""},"_links":{"self":[{"href":"https:\/\/www.europesays.com\/fi\/wp-json\/wp\/v2\/posts\/105061","targetHints":{"allow":["GET"]}}],"collection":[{"href":"https:\/\/www.europesays.com\/fi\/wp-json\/wp\/v2\/posts"}],"about":[{"href":"https:\/\/www.europesays.com\/fi\/wp-json\/wp\/v2\/types\/post"}],"author":[{"embeddable":true,"href":"https:\/\/www.europesays.com\/fi\/wp-json\/wp\/v2\/users\/2"}],"replies":[{"embeddable":true,"href":"https:\/\/www.europesays.com\/fi\/wp-json\/wp\/v2\/comments?post=105061"}],"version-history":[{"count":0,"href":"https:\/\/www.europesays.com\/fi\/wp-json\/wp\/v2\/posts\/105061\/revisions"}],"wp:featuredmedia":[{"embeddable":true,"href":"https:\/\/www.europesays.com\/fi\/wp-json\/wp\/v2\/media\/105062"}],"wp:attachment":[{"href":"https:\/\/www.europesays.com\/fi\/wp-json\/wp\/v2\/media?parent=105061"}],"wp:term":[{"taxonomy":"category","embeddable":true,"href":"https:\/\/www.europesays.com\/fi\/wp-json\/wp\/v2\/categories?post=105061"},{"taxonomy":"post_tag","embeddable":true,"href":"https:\/\/www.europesays.com\/fi\/wp-json\/wp\/v2\/tags?post=105061"}],"curies":[{"name":"wp","href":"https:\/\/api.w.org\/{rel}","templated":true}]}}