{"id":105063,"date":"2025-12-01T18:27:09","date_gmt":"2025-12-01T18:27:09","guid":{"rendered":"https:\/\/www.europesays.com\/fi\/105063\/"},"modified":"2025-12-01T18:27:09","modified_gmt":"2025-12-01T18:27:09","slug":"mika-ilmen-pestasi-ice-cagen-tahtiottelijan","status":"publish","type":"post","link":"https:\/\/www.europesays.com\/fi\/105063\/","title":{"rendered":"Mika Ilm\u00e9n pestasi Ice Cagen t\u00e4htiottelijan"},"content":{"rendered":"<p>IFC kertoi uudesta v\u00e4rv\u00e4yksest\u00e4\u00e4n.<\/p>\n<p>Magamed Gadiev haluaa UFC:hen.<\/p>\n<p class=\"article-body mb-nof-24 px-nof-16\">Mika Ilm\u00e9nin uusi kamppailuorganisaatio Immun Fight Club kertoi maanantaina pestanneensa <a class=\"article-personlink\" href=\"https:\/\/www.is.fi\/haku\/?query=Magamed%20Gadievin\" rel=\"nofollow noopener\" target=\"_blank\">Magamed Gadievin<\/a>. Gadiev on allekirjoittanut sopimuksen kuusier\u00e4isest\u00e4 nyrkkeilyottelusta, joka k\u00e4yd\u00e4\u00e4n ensi maaliskuussa tapahtuman ensi-illassa.<\/p>\n<p class=\"article-body mb-nof-24 px-nof-16\">Hiljattain Ateenassa thainyrkkeilyn EM-hopeaa saavuttanut, toukokuussa alle 23-vuotiaiden MM-kultaa voittanut Gadiev on Suomen tunnetuimpia kamppailijoita. H\u00e4n on ollut yksi Ice Cage -promootion profiilinimist\u00e4.<\/p>\n<p class=\"article-body mb-nof-24 px-nof-16\">Viime toukokuussa Ice Cagessa itsekin otellut, <a class=\"article-personlink\" href=\"https:\/\/www.is.fi\/haku\/?query=Stagalalle\" rel=\"nofollow noopener\" target=\"_blank\">Stagalalle <\/a>(<a class=\"article-personlink\" href=\"https:\/\/www.is.fi\/haku\/?query=Alexander%20Krigsman\" rel=\"nofollow noopener\" target=\"_blank\">Alexander Krigsman<\/a>, ent. <a class=\"article-personlink\" href=\"https:\/\/www.is.fi\/haku\/?query=Joni%20Takala\" rel=\"nofollow noopener\" target=\"_blank\">Joni Takala<\/a>) nopean tyrm\u00e4ystappion k\u00e4rsinyt Ilm\u00e9n on viime kuukausina kritisoinut julkisuudessa kritisoinut suomalaisia kamppailupromootioita.<\/p>\n<p class=\"article-body mb-nof-24 px-nof-16\">Entinen ammattirikollinen kertoi omasta tapahtumastaan marraskuussa. IFC on kiinnitt\u00e4nyt ottelijoikseen my\u00f6s suomalaiset huippuottelijat <a class=\"article-personlink\" href=\"https:\/\/www.is.fi\/haku\/?query=Omar%20Tugarevin\" rel=\"nofollow noopener\" target=\"_blank\">Omar Tugarevin<\/a> ja <a class=\"article-personlink\" href=\"https:\/\/www.is.fi\/haku\/?query=Omran%20Chaabanin\" rel=\"nofollow noopener\" target=\"_blank\">Omran Chaabanin<\/a>.<\/p>\n","protected":false},"excerpt":{"rendered":"IFC kertoi uudesta v\u00e4rv\u00e4yksest\u00e4\u00e4n. Magamed Gadiev haluaa UFC:hen. Mika Ilm\u00e9nin uusi kamppailuorganisaatio Immun Fight Club kertoi maanantaina pestanneensa&hellip;\n","protected":false},"author":2,"featured_media":47031,"comment_status":"","ping_status":"","sticky":false,"template":"","format":"standard","meta":{"footnotes":""},"categories":[136],"tags":[407,137,33,31,30,34,408,32,109],"class_list":{"0":"post-105063","1":"post","2":"type-post","3":"status-publish","4":"format-standard","5":"has-post-thumbnail","7":"category-julkkikset","8":"tag-celebrities","9":"tag-entertainment","10":"tag-fi","11":"tag-finland","12":"tag-finnish","13":"tag-ilta-sanomat","14":"tag-julkkikset","15":"tag-suomi","16":"tag-viihde"},"share_on_mastodon":{"url":"https:\/\/pubeurope.com\/@fi\/115645726240085566","error":""},"_links":{"self":[{"href":"https:\/\/www.europesays.com\/fi\/wp-json\/wp\/v2\/posts\/105063","targetHints":{"allow":["GET"]}}],"collection":[{"href":"https:\/\/www.europesays.com\/fi\/wp-json\/wp\/v2\/posts"}],"about":[{"href":"https:\/\/www.europesays.com\/fi\/wp-json\/wp\/v2\/types\/post"}],"author":[{"embeddable":true,"href":"https:\/\/www.europesays.com\/fi\/wp-json\/wp\/v2\/users\/2"}],"replies":[{"embeddable":true,"href":"https:\/\/www.europesays.com\/fi\/wp-json\/wp\/v2\/comments?post=105063"}],"version-history":[{"count":0,"href":"https:\/\/www.europesays.com\/fi\/wp-json\/wp\/v2\/posts\/105063\/revisions"}],"wp:featuredmedia":[{"embeddable":true,"href":"https:\/\/www.europesays.com\/fi\/wp-json\/wp\/v2\/media\/47031"}],"wp:attachment":[{"href":"https:\/\/www.europesays.com\/fi\/wp-json\/wp\/v2\/media?parent=105063"}],"wp:term":[{"taxonomy":"category","embeddable":true,"href":"https:\/\/www.europesays.com\/fi\/wp-json\/wp\/v2\/categories?post=105063"},{"taxonomy":"post_tag","embeddable":true,"href":"https:\/\/www.europesays.com\/fi\/wp-json\/wp\/v2\/tags?post=105063"}],"curies":[{"name":"wp","href":"https:\/\/api.w.org\/{rel}","templated":true}]}}