{"id":105078,"date":"2025-12-01T18:46:47","date_gmt":"2025-12-01T18:46:47","guid":{"rendered":"https:\/\/www.europesays.com\/fi\/105078\/"},"modified":"2025-12-01T18:46:47","modified_gmt":"2025-12-01T18:46:47","slug":"puhetta-tulevaisuudesta-onnellisten-ihmisten-rakennettu-ymparisto-videot","status":"publish","type":"post","link":"https:\/\/www.europesays.com\/fi\/105078\/","title":{"rendered":"Puhetta tulevaisuudesta: Onnellisten ihmisten rakennettu ymp\u00e4rist\u00f6 | Videot"},"content":{"rendered":"<p>Puhetta tulevaisuudesta: Onnellisten ihmisten rakennettu ymp\u00e4rist\u00f6 | Videot | MTV Uutiset<a class=\"sr-only bg-component-bg-color focus:not-sr-only focus:absolute focus:left-0 focus:right-auto focus:top-0 focus:p-200\" href=\"#main\" data-sentry-component=\"SkipToContentLink\" data-sentry-source-file=\"SkipToContentLink.tsx\">Hypp\u00e4\u00e4 p\u00e4\u00e4sis\u00e4lt\u00f6\u00f6n<\/a>Sis\u00e4ll\u00f6t<\/p>\n<ul class=\"flex w-full flex-1 flex-wrap gap-800\">\n<li class=\"block flex-1 flex-nowrap xs:flex-initial\" data-testid=\"site-footer-section-item-component\" data-sentry-component=\"SiteFooterSectionItem\" data-sentry-source-file=\"SiteFooterSectionItem.tsx\">Tomi Einonen<br \/>Vastaava p\u00e4\u00e4toimittaja<\/li>\n<li class=\"block flex-1 flex-nowrap xs:flex-initial\" data-testid=\"site-footer-section-item-component\" data-sentry-component=\"SiteFooterSectionItem\" data-sentry-source-file=\"SiteFooterSectionItem.tsx\">Ilkka Ahtiainen<br \/>Uutisp\u00e4\u00e4toimittaja<\/li>\n<li class=\"block flex-1 flex-nowrap xs:flex-initial\" data-testid=\"site-footer-section-item-component\" data-sentry-component=\"SiteFooterSectionItem\" data-sentry-source-file=\"SiteFooterSectionItem.tsx\">Mona Haapsaari<br \/>Toimitusp\u00e4\u00e4llikk\u00f6<\/li>\n<li class=\"block flex-1 flex-nowrap xs:flex-initial\" data-testid=\"site-footer-section-item-component\" data-sentry-component=\"SiteFooterSectionItem\" data-sentry-source-file=\"SiteFooterSectionItem.tsx\">Teemu Niikko<br \/>Toimitusp\u00e4\u00e4llikk\u00f6, urheilu<\/li>\n<\/ul>\n<p>Liiketoiminta<\/p>\n<ul class=\"flex w-full flex-1 flex-wrap gap-800\">\n<li class=\"block flex-1 flex-nowrap xs:flex-initial\" data-testid=\"site-footer-section-item-component\" data-sentry-component=\"SiteFooterSectionItem\" data-sentry-source-file=\"SiteFooterSectionItem.tsx\">Iina Eloranta<br \/>VP, Channels and Digital Consumption<\/li>\n<\/ul>\n<p>SuomiAreena<\/p>\n<ul class=\"flex w-full flex-1 flex-wrap gap-800\">\n<li class=\"block flex-1 flex-nowrap xs:flex-initial\" data-testid=\"site-footer-section-item-component\" data-sentry-component=\"SiteFooterSectionItem\" data-sentry-source-file=\"SiteFooterSectionItem.tsx\">Jeremias Kontio<br \/>Vastaava tuottaja<\/li>\n<\/ul>\n<p><a class=\"flex flex-col items-center justify-center\" data-testid=\"Etusivu-navigation-bar-item\" role=\"link\" title=\"Etusivu linkki\" data-sentry-element=\"Link\" data-sentry-component=\"InternalLink\" data-sentry-source-file=\"InternalLink.tsx\" href=\"https:\/\/www.mtvuutiset.fi\/\" rel=\"nofollow noopener\" target=\"_blank\">Etusivu<\/a><a class=\"flex flex-col items-center justify-center\" data-testid=\"Videot-navigation-bar-item\" role=\"link\" title=\"Videot linkki\" data-sentry-element=\"Link\" data-sentry-component=\"InternalLink\" data-sentry-source-file=\"InternalLink.tsx\" href=\"https:\/\/www.mtvuutiset.fi\/videot\" rel=\"nofollow noopener\" target=\"_blank\">Videot<\/a><a class=\"flex flex-col items-center justify-center\" data-testid=\"Tuoreimmat-navigation-bar-item\" role=\"link\" title=\"Tuoreimmat linkki\" data-sentry-element=\"Link\" data-sentry-component=\"InternalLink\" data-sentry-source-file=\"InternalLink.tsx\" href=\"https:\/\/www.mtvuutiset.fi\/tuoreimmat\" rel=\"nofollow noopener\" target=\"_blank\">Tuoreimmat<\/a><a class=\"flex flex-col items-center justify-center\" data-testid=\"Luetuimmat-navigation-bar-item\" role=\"link\" title=\"Luetuimmat linkki\" data-sentry-element=\"Link\" data-sentry-component=\"InternalLink\" data-sentry-source-file=\"InternalLink.tsx\" href=\"https:\/\/www.mtvuutiset.fi\/luetuimmat\" rel=\"nofollow noopener\" target=\"_blank\">Luetuimmat<\/a>Odota45:10<img alt=\"Puhetta tulevaisuudesta: Onnellisten ihmisten rakennettu ymp\u00e4rist\u00f6\" data-testid=\"web-player-broker-image\" data-sentry-element=\"Image\" data-sentry-source-file=\"NextImage.tsx\" fetchpriority=\"high\" loading=\"eager\" decoding=\"async\" data-nimg=\"fill\" class=\"transition duration-700 ease-in-out hover:scale-[1.05]\" style=\"position:absolute;height:100%;width:100%;left:0;top:0;right:0;bottom:0;color:transparent;background-size:cover;background-position:50% 50%;background-repeat:no-repeat;background-image:url(&quot;data:image\/svg+xml;base64,Cjxzdmcgd2lkdGg9IjcyMCIgaGVpZ2h0PSI0MDUiIHZlcnNpb249IjEuMSIgeG1sbnM9Imh0dHA6Ly93d3cudzMub3JnLzIwMDAvc3ZnIiB4bWxuczp4bGluaz0iaHR0cDovL3d3dy53My5vcmcvMTk5OS94bGluayI+CiAgPGRlZnM+CiAgICA8bGluZWFyR3JhZGllbnQgaWQ9ImciPgogICAgICA8c3RvcCBzdG9wLWNvbG9yPSIjMEIxODIzIiBvZmZzZXQ9IjIwJSIgLz4KICAgICAgPHN0b3Agc3RvcC1jb2xvcj0iIzFBMjczMiIgb2Zmc2V0PSI1MCUiIC8+CiAgICAgIDxzdG9wIHN0b3AtY29sb3I9IiMwQjE4MjMiIG9mZnNldD0iNzAlIiAvPgogICAgPC9saW5lYXJHcmFkaWVudD4KICA8L2RlZnM+CiAgPHJlY3Qgd2lkdGg9IjcyMCIgaGVpZ2h0PSI0MDUiIGZpbGw9IiMwQjE4MjMiIC8+CiAgPHJlY3QgaWQ9InIiIHdpZHRoPSI3MjAiIGhlaWdodD0iNDA1IiBmaWxsPSJ1cmwoI2cpIiAvPgogIDxhbmltYXRlIHhsaW5rOmhyZWY9IiNyIiBhdHRyaWJ1dGVOYW1lPSJ4IiBmcm9tPSItNzIwIiB0bz0iNzIwIiBkdXI9IjFzIiByZXBlYXRDb3VudD0iaW5kZWZpbml0ZSIgIC8+Cjwvc3ZnPg==&quot;)\"   src=\"https:\/\/www.europesays.com\/fi\/wp-content\/uploads\/2025\/12\/imageproxy.a2d.tv\"\/>Vierit\u00e4 alas ladataksesi lis\u00e4\u00e4 videoita<\/p>\n","protected":false},"excerpt":{"rendered":"Puhetta tulevaisuudesta: Onnellisten ihmisten rakennettu ymp\u00e4rist\u00f6 | Videot | MTV UutisetHypp\u00e4\u00e4 p\u00e4\u00e4sis\u00e4lt\u00f6\u00f6nSis\u00e4ll\u00f6t Tomi EinonenVastaava p\u00e4\u00e4toimittaja Ilkka AhtiainenUutisp\u00e4\u00e4toimittaja Mona&hellip;\n","protected":false},"author":2,"featured_media":105079,"comment_status":"","ping_status":"","sticky":false,"template":"","format":"standard","meta":{"footnotes":""},"categories":[113],"tags":[446,33,31,30,118,32,119,447],"class_list":{"0":"post-105078","1":"post","2":"type-post","3":"status-publish","4":"format-standard","5":"has-post-thumbnail","7":"category-ymparisto","8":"tag-environment","9":"tag-fi","10":"tag-finland","11":"tag-finnish","12":"tag-science","13":"tag-suomi","14":"tag-tiede","15":"tag-ymparisto"},"share_on_mastodon":{"url":"https:\/\/pubeurope.com\/@fi\/115645805097272550","error":""},"_links":{"self":[{"href":"https:\/\/www.europesays.com\/fi\/wp-json\/wp\/v2\/posts\/105078","targetHints":{"allow":["GET"]}}],"collection":[{"href":"https:\/\/www.europesays.com\/fi\/wp-json\/wp\/v2\/posts"}],"about":[{"href":"https:\/\/www.europesays.com\/fi\/wp-json\/wp\/v2\/types\/post"}],"author":[{"embeddable":true,"href":"https:\/\/www.europesays.com\/fi\/wp-json\/wp\/v2\/users\/2"}],"replies":[{"embeddable":true,"href":"https:\/\/www.europesays.com\/fi\/wp-json\/wp\/v2\/comments?post=105078"}],"version-history":[{"count":0,"href":"https:\/\/www.europesays.com\/fi\/wp-json\/wp\/v2\/posts\/105078\/revisions"}],"wp:featuredmedia":[{"embeddable":true,"href":"https:\/\/www.europesays.com\/fi\/wp-json\/wp\/v2\/media\/105079"}],"wp:attachment":[{"href":"https:\/\/www.europesays.com\/fi\/wp-json\/wp\/v2\/media?parent=105078"}],"wp:term":[{"taxonomy":"category","embeddable":true,"href":"https:\/\/www.europesays.com\/fi\/wp-json\/wp\/v2\/categories?post=105078"},{"taxonomy":"post_tag","embeddable":true,"href":"https:\/\/www.europesays.com\/fi\/wp-json\/wp\/v2\/tags?post=105078"}],"curies":[{"name":"wp","href":"https:\/\/api.w.org\/{rel}","templated":true}]}}