{"id":105094,"date":"2025-12-01T19:07:09","date_gmt":"2025-12-01T19:07:09","guid":{"rendered":"https:\/\/www.europesays.com\/fi\/105094\/"},"modified":"2025-12-01T19:07:09","modified_gmt":"2025-12-01T19:07:09","slug":"poliisi-pyytaa-havaintoja-ryostoja-tehneesta-miehesta-voi-liikkua-oulun-keskustassa-ase-mukanaan","status":"publish","type":"post","link":"https:\/\/www.europesays.com\/fi\/105094\/","title":{"rendered":"Poliisi pyyt\u00e4\u00e4 havaintoja ry\u00f6st\u00f6j\u00e4 tehneest\u00e4 miehest\u00e4 \u2013 voi liikkua Oulun keskustassa ase mukanaan"},"content":{"rendered":"<p class=\"article__paragraph\">\n      Oulun poliisi ep\u00e4ilee noin 30-vuotiasta miest\u00e4 ry\u00f6st\u00f6ist\u00e4, joita on tehty Oulussa maanantaina.\n    <\/p>\n<p class=\"article__paragraph\">\n      Poliisi tiedotti maanantaina illalla, ett\u00e4 mies liikkuu mahdollisesti kaupungin keskustassa. H\u00e4nell\u00e4 on hallussaan pistoolimallinen ampuma-ase sek\u00e4 siihen sopivia patruunoita.\n    <\/p>\n<p class=\"article__paragraph\">\n      Ep\u00e4illyt ry\u00f6st\u00f6t on tehty kello viiden j\u00e4lkeen iltap\u00e4iv\u00e4ll\u00e4. Ry\u00f6st\u00f6j\u00e4 on useita.\n    <\/p>\n<p class=\"article__paragraph\">\n      Poliisin Oulun johtokeskuksesta ei avata t\u00e4ss\u00e4 vaiheessa sit\u00e4, miss\u00e4 p\u00e4in kaupunkia ry\u00f6st\u00f6t ovat tapahtuneet.\n    <\/p>\n<p class=\"article__paragraph\">\n      Poliisi selvitt\u00e4\u00e4 tapahtunutta ja pyrkii tavoittamaan rikoksista ep\u00e4illyn miehen. Oulun keskustassa liikkuu operaation vuoksi useita poliisipartioita.\n    <\/p>\n<p class=\"article__paragraph\">\n      Poliisin etsim\u00e4n mies on pukeutunut mustaan takkiin, vihre\u00e4\u00e4n paitaan ja mustiin farkkuihin. P\u00e4\u00e4ss\u00e4\u00e4n h\u00e4nell\u00e4 on tumma hattu, jossa on lyhyt lippa. Mies on noin 175\u2013180 senttimetri\u00e4 pitk\u00e4, ruumiinrakenteeltaan hoikka, ja h\u00e4nell\u00e4 on lyhyt oranssi parta.\n    <\/p>\n<p class=\"article__paragraph\">\n      Poliisilla ei ole tiedossa, ett\u00e4 miehen toiminta olisi aiheuttanut v\u00e4lit\u00f6nt\u00e4 vaaraa ulkopuolisille. Poliisi kehottaa kansalaisia olemaan l\u00e4hestym\u00e4tt\u00e4 miest\u00e4.\n    <\/p>\n<p class=\"article__paragraph\">\n      Akuutit havainnot miehest\u00e4 voi soittaa yleiseen h\u00e4t\u00e4numeroon 112. Muut havainnot ja vihjeet pyydet\u00e4\u00e4n ilmoittamaan Oulun poliisin vihjepuhelimeen numeroon 0295 416 194.\n    <\/p>\n","protected":false},"excerpt":{"rendered":"Oulun poliisi ep\u00e4ilee noin 30-vuotiasta miest\u00e4 ry\u00f6st\u00f6ist\u00e4, joita on tehty Oulussa maanantaina. Poliisi tiedotti maanantaina illalla, ett\u00e4 mies&hellip;\n","protected":false},"author":2,"featured_media":105095,"comment_status":"","ping_status":"","sticky":false,"template":"","format":"standard","meta":{"footnotes":""},"categories":[5],"tags":[22,23,26,27,33,31,30,17,24,25,28,29,15,18,21,32,19,20,16],"class_list":{"0":"post-105094","1":"post","2":"type-post","3":"status-publish","4":"format-standard","5":"has-post-thumbnail","7":"category-otsikot","8":"tag-breaking-news","9":"tag-breakingnews","10":"tag-featured-news","11":"tag-featurednews","12":"tag-fi","13":"tag-finland","14":"tag-finnish","15":"tag-headlines","16":"tag-latest-news","17":"tag-latestnews","18":"tag-main-news","19":"tag-mainnews","20":"tag-news","21":"tag-otsikot","22":"tag-paauutiset","23":"tag-suomi","24":"tag-top-stories","25":"tag-topstories","26":"tag-uutiset"},"share_on_mastodon":{"url":"https:\/\/pubeurope.com\/@fi\/115645883568345831","error":""},"_links":{"self":[{"href":"https:\/\/www.europesays.com\/fi\/wp-json\/wp\/v2\/posts\/105094","targetHints":{"allow":["GET"]}}],"collection":[{"href":"https:\/\/www.europesays.com\/fi\/wp-json\/wp\/v2\/posts"}],"about":[{"href":"https:\/\/www.europesays.com\/fi\/wp-json\/wp\/v2\/types\/post"}],"author":[{"embeddable":true,"href":"https:\/\/www.europesays.com\/fi\/wp-json\/wp\/v2\/users\/2"}],"replies":[{"embeddable":true,"href":"https:\/\/www.europesays.com\/fi\/wp-json\/wp\/v2\/comments?post=105094"}],"version-history":[{"count":0,"href":"https:\/\/www.europesays.com\/fi\/wp-json\/wp\/v2\/posts\/105094\/revisions"}],"wp:featuredmedia":[{"embeddable":true,"href":"https:\/\/www.europesays.com\/fi\/wp-json\/wp\/v2\/media\/105095"}],"wp:attachment":[{"href":"https:\/\/www.europesays.com\/fi\/wp-json\/wp\/v2\/media?parent=105094"}],"wp:term":[{"taxonomy":"category","embeddable":true,"href":"https:\/\/www.europesays.com\/fi\/wp-json\/wp\/v2\/categories?post=105094"},{"taxonomy":"post_tag","embeddable":true,"href":"https:\/\/www.europesays.com\/fi\/wp-json\/wp\/v2\/tags?post=105094"}],"curies":[{"name":"wp","href":"https:\/\/api.w.org\/{rel}","templated":true}]}}