{"id":105104,"date":"2025-12-01T19:27:08","date_gmt":"2025-12-01T19:27:08","guid":{"rendered":"https:\/\/www.europesays.com\/fi\/105104\/"},"modified":"2025-12-01T19:27:08","modified_gmt":"2025-12-01T19:27:08","slug":"televisioarvio-munkkivuoressa-tapahtuu-taas-nuoren-tyton-katoamista-tutkivat-nyt-teinietsivat-aamulehti","status":"publish","type":"post","link":"https:\/\/www.europesays.com\/fi\/105104\/","title":{"rendered":"Televisioarvio | Munkkivuoressa tapahtuu taas, nuoren tyt\u00f6n katoamista tutkivat nyt teinietsiv\u00e4t &#8211; Aamulehti"},"content":{"rendered":"<ol>\n<li><a href=\"https:\/\/news.google.com\/rss\/articles\/CBMiaEFVX3lxTE12U2ZTWEpkdUZsNVVObjJwSTJHTUZPMmhfcF9PUXpsV2xzVld4SHo2MmhCZEd5RmNOSUtJeUtMcUlYNEl3d19zb3J1cFVCM0UzRFN3ZXY3N2QzaWVEZmlPWEdETUFHUS1F?oc=5\" target=\"_blank\" rel=\"nofollow noopener\">Televisioarvio | Munkkivuoressa tapahtuu taas, nuoren tyt\u00f6n katoamista tutkivat nyt teinietsiv\u00e4t<\/a>&nbsp;&nbsp;Aamulehti<\/li>\n<li><a href=\"https:\/\/news.google.com\/rss\/articles\/CBMiZkFVX3lxTE1jdW9OM2Q5VzFzd0xkZGlSZ2hDTm0zeTJqRkJ3U3Fwb2JPVVBmOWVreS1JRjd2VHRaNFBpX0hIZi1BQ2ZpSm5BdDd2MHBmX1hzY2duYzNkb0pJYUFKVnZHN2RvcTN0QQ?oc=5\" target=\"_blank\" rel=\"nofollow noopener\">Ylistetty suomalaissarja Munkkivuori jatkuu uudella mysteerill\u00e4<\/a>&nbsp;&nbsp;Ilta-Sanomat<\/li>\n<li><a href=\"https:\/\/news.google.com\/rss\/articles\/CBMiX0FVX3lxTE5pZ1BCT2dlQTQ1Z3lPajdkSGZtTXlaTGExOWQ3cGpQV3VRVlhhSW1Mb1pHVW5ueWVDcFRla1ZCNVI0VW4tMk4xMUMwVDNJZS1fbFJuRDFZdVIycXBia0Z3?oc=5\" target=\"_blank\" rel=\"nofollow noopener\">Televisioarvio | Mihin katosi Lola? Munkkivuoren l\u00e4himets\u00e4ss\u00e4 ja rappuk\u00e4yt\u00e4viss\u00e4 seikkailevat nyt teinietsiv\u00e4t<\/a>&nbsp;&nbsp;HS.fi<\/li>\n<li><a href=\"https:\/\/news.google.com\/rss\/articles\/CBMiygFBVV95cUxPYXNZbkJxbzBzbDFrT2VSSFhGUVpVQV85ekNESHN0UkM0dGc4QnFBY2JfMHZ4T2NvNl9ia2Z3Wlh1M1c0RjZwSXRRME9QemhSOU5FRHhvSWkzWHZJNEgzR0NtcGpHTGozQVpCbmxzcU9qY3BXMkNUdzZFQ2x4WUcwSzJuWHRoREtmUi0xcWh0VnU3ak1fMnh4Y0tXUlR6WGRGM0gxSm1mTkpabTRlU25qOHJOZ0M5YlNYMDhpZmdCYU93dFRRWXdveC13?oc=5\" target=\"_blank\" rel=\"nofollow noopener\">Vuoden 2022 paras kotimainen tv-sarja jatkuu t\u00e4n\u00e4\u00e4n, eik\u00e4 sen taso ole notkahtanut<\/a>&nbsp;&nbsp;Muropaketti.com<\/li>\n<li><a href=\"https:\/\/news.google.com\/rss\/articles\/CBMilwFBVV95cUxQaS1QMHUwSUVZSW8yQzFDRmZXaW13WS1FTkRrNUc2TU9DTk1DSDQxN2Z3VklnYVNlVXljMjNkbmU0Z0JlTWUyNzdSWTQzSHF6aXJqVUtEeUlod29lZ3pTUlVCVzlnRU1EX2YwRWlvSUxHWHQtcU5jcUFsYnpINlMtcGlVZ0F6b29qcU1LbEI0RGJZeklkaFo0?oc=5\" target=\"_blank\" rel=\"nofollow noopener\">Yksi odotetuimmista kotimaisista sarjoista saa t\u00e4n\u00e4\u00e4n jatkoa<\/a>&nbsp;&nbsp;Episodi.fi<\/li>\n<\/ol>\n","protected":false},"excerpt":{"rendered":"Televisioarvio | Munkkivuoressa tapahtuu taas, nuoren tyt\u00f6n katoamista tutkivat nyt teinietsiv\u00e4t&nbsp;&nbsp;Aamulehti Ylistetty suomalaissarja Munkkivuori jatkuu uudella mysteerill\u00e4&nbsp;&nbsp;Ilta-Sanomat Televisioarvio&hellip;\n","protected":false},"author":2,"featured_media":105105,"comment_status":"","ping_status":"","sticky":false,"template":"","format":"standard","meta":{"footnotes":""},"categories":[130],"tags":[157,137,33,31,30,32,109],"class_list":{"0":"post-105104","1":"post","2":"type-post","3":"status-publish","4":"format-standard","5":"has-post-thumbnail","7":"category-viihde","8":"tag-aamulehti","9":"tag-entertainment","10":"tag-fi","11":"tag-finland","12":"tag-finnish","13":"tag-suomi","14":"tag-viihde"},"share_on_mastodon":{"url":"https:\/\/pubeurope.com\/@fi\/115645962217315870","error":""},"_links":{"self":[{"href":"https:\/\/www.europesays.com\/fi\/wp-json\/wp\/v2\/posts\/105104","targetHints":{"allow":["GET"]}}],"collection":[{"href":"https:\/\/www.europesays.com\/fi\/wp-json\/wp\/v2\/posts"}],"about":[{"href":"https:\/\/www.europesays.com\/fi\/wp-json\/wp\/v2\/types\/post"}],"author":[{"embeddable":true,"href":"https:\/\/www.europesays.com\/fi\/wp-json\/wp\/v2\/users\/2"}],"replies":[{"embeddable":true,"href":"https:\/\/www.europesays.com\/fi\/wp-json\/wp\/v2\/comments?post=105104"}],"version-history":[{"count":0,"href":"https:\/\/www.europesays.com\/fi\/wp-json\/wp\/v2\/posts\/105104\/revisions"}],"wp:featuredmedia":[{"embeddable":true,"href":"https:\/\/www.europesays.com\/fi\/wp-json\/wp\/v2\/media\/105105"}],"wp:attachment":[{"href":"https:\/\/www.europesays.com\/fi\/wp-json\/wp\/v2\/media?parent=105104"}],"wp:term":[{"taxonomy":"category","embeddable":true,"href":"https:\/\/www.europesays.com\/fi\/wp-json\/wp\/v2\/categories?post=105104"},{"taxonomy":"post_tag","embeddable":true,"href":"https:\/\/www.europesays.com\/fi\/wp-json\/wp\/v2\/tags?post=105104"}],"curies":[{"name":"wp","href":"https:\/\/api.w.org\/{rel}","templated":true}]}}