{"id":105108,"date":"2025-12-01T19:31:14","date_gmt":"2025-12-01T19:31:14","guid":{"rendered":"https:\/\/www.europesays.com\/fi\/105108\/"},"modified":"2025-12-01T19:31:14","modified_gmt":"2025-12-01T19:31:14","slug":"natossa-harkitaan-ennaltaehkaisevia-iskuja-venajaa-vastaan-zaharovalla-meni-pata-jumiin","status":"publish","type":"post","link":"https:\/\/www.europesays.com\/fi\/105108\/","title":{"rendered":"Natossa harkitaan ennaltaehk\u00e4isevi\u00e4 iskuja Ven\u00e4j\u00e4\u00e4 vastaan \u2013 Zaharovalla meni pata jumiin"},"content":{"rendered":"<p>Nato-pomon mukaan sotilasliitto harkitsee aggressiivisempaa otetta. <\/p>\n<p><img decoding=\"async\" class=\"image image-show image-preview\" src=\"https:\/\/www.europesays.com\/fi\/wp-content\/uploads\/2025\/12\/d8412cb50a02578664ecac2bbf6b4917f8b37fae575c477dbb42b5c6c9cf45b6.jpg\" alt=\"\"\/><img decoding=\"async\" class=\"image image-show\" src=\"https:\/\/www.europesays.com\/fi\/wp-content\/uploads\/2025\/12\/1764617474_626_d8412cb50a02578664ecac2bbf6b4917f8b37fae575c477dbb42b5c6c9cf45b6.jpg\" alt=\"\"\/><\/p>\n<p>Naton sotilasliiton sotilaskomitean puheenjohtaja amiraali Giuseppe Cavo Dragone kertoo Naton harkitsevan ennaltaehk\u00e4isevien iskujen tekemist\u00e4 Ven\u00e4j\u00e4\u00e4 vastaan.  ZumaWire \/ MVPHOTOS<\/p>\n<p class=\"paragraph\">Nato harkitsee Ven\u00e4j\u00e4\u00e4n kohdistuvia ennaltaehk\u00e4isevi\u00e4 iskuja.<\/p>\n<p class=\"paragraph\">Asiasta kertoo puolustusliiton sotilaskomitean puheenjohtaja amiraali <strong>Giuseppe Cavo Dragone<\/strong> <a href=\"https:\/\/www.ft.com\/content\/dbd93caa-3c62-48bb-9eba-08c25f31ab02?accessToken=zwAGRN_UwmOokdPb2TyqPGJIu9OeugjCXzGrAg.MEYCIQDrdbyY2hGWK4Lod2qA7cZRlQ7QRiEo3sECy8sO2PlcKwIhANv45ZrOXaFQgZUOVwBuAQzMSc2udRcR-B7FgPP_5iNh&amp;sharetype=gift&amp;token=c341969c-8e9c-43eb-b582-5bef85ab6c3b\" target=\"_blank\" rel=\"noopener nofollow\">Financial Timesille<\/a>. H\u00e4nen mukaansa \u201dennaltaehk\u00e4isev\u00e4t iskut\u201d voitaisiin katsoa osaksi puolustusta.<\/p>\n<p class=\"paragraph\">Dragone my\u00f6nt\u00e4\u00e4 kuitenkin, ett\u00e4 t\u00e4m\u00e4nkaltainen toiminta tarkoittaisi merkitt\u00e4v\u00e4\u00e4 muutosta.<\/p>\n<p class=\"paragraph\">\u2013 Se on kauempana perinteisest\u00e4 ajattelutavasta ja toiminnasta.<\/p>\n<p class=\"paragraph\">Dragone kuvailee Ven\u00e4j\u00e4n aggressioiden est\u00e4mist\u00e4 Naton tulikokeeksi, johon liittyvi\u00e4 keinoja pohditaan nyt kuumeisesti.<\/p>\n<p class=\"paragraph\">\u2013 Pelotevaikutuksen saavuttaminen kostoiskun tai ennaltaehk\u00e4isev\u00e4n iskun kautta on asia, jota olemme analysoineet syv\u00e4llisesti.<\/p>\n<p class=\"paragraph\">Ven\u00e4j\u00e4n ulkoministeri\u00f6n <a href=\"https:\/\/www.iltalehti.fi\/henkilot\/Marija Zaharova\" class=\"article-link-person-page\" rel=\"nofollow noopener\" target=\"_blank\">Maria Zaharova<\/a> on jo ehtinyt tuomitsemaan mahdolliset ennaltaehk\u00e4isev\u00e4t iskut \u201d\u00e4\u00e4rimm\u00e4isen vastuuttomaksi askeleeksi, joka osoittaa liittouman valmiuden k\u00e4rjist\u00e4\u00e4 tilannetta.\u201d<\/p>\n<p class=\"paragraph\">\u2013 N\u00e4emme t\u00e4m\u00e4n tarkoitushakuisena yrityksen\u00e4 vesitt\u00e4\u00e4 pyrkimyksi\u00e4 ratkaista Ukrainan kriisi, h\u00e4n sanoo.<\/p>\n<p>Aggressiivisempi ote<\/p>\n<p class=\"paragraph\">Dragone arvioi, ett\u00e4 Nato on ollut t\u00e4h\u00e4n asti reaktiivinen erityisesti kyberasioissa. Nyt sotilasliitto harkitsee kuitenkin aggressiivisempaa ja proaktiivisempaa otetta.<\/p>\n<p class=\"paragraph\">Dragonen mukaan Nato harkitsee tehokkaampia vastareaktioita nimenomaan Ven\u00e4j\u00e4n hybridisodank\u00e4ynnille.<\/p>\n<p class=\"paragraph\">Eurooppaan on kohdistunut monenlaista hybridisodank\u00e4ynti\u00e4 It\u00e4meren kaapelirikosta kyberiskuihin. Osa tapauksista on yhdistetty Ven\u00e4j\u00e4\u00e4n, mutta osassa tapauksista tekij\u00e4st\u00e4 ei ole varmaa tietoa.<\/p>\n<p class=\"paragraph\">Vastareaktio olisi helpoin toteuttaa kyberiskun muodossa, sill\u00e4 monilla Naton j\u00e4senmailla on kyvykkyytt\u00e4 t\u00e4ll\u00e4 saralla. Sen sijaan sabotaasin tai drooneilla teht\u00e4v\u00e4 h\u00e4irint\u00e4 olisi vaikeampaa toteuttaa.<\/p>\n<p class=\"paragraph\">Erityisesti it\u00e4eurooppalaiset valtiot ovat vaatineet Natoa iskem\u00e4\u00e4n takaisin pelk\u00e4n reaktiivisuuden sijaan.<\/p>\n<p class=\"paragraph\">Financial Timesin haastatteleman balttialaisen diplomaatin mukaan reaktiivisuudessa piilee vaaroja:<\/p>\n<p class=\"paragraph\">\u2013 Jos jatkamme vain reaktiivisuutta, annamme Ven\u00e4j\u00e4lle luvan jatkaa yritt\u00e4mist\u00e4 ja satuttamista. N\u00e4in on erityisesti siksi, ett\u00e4 hybridisodank\u00e4ynti on asymmetrist\u00e4 \u2014 se maksaa heille v\u00e4h\u00e4n ja meille paljon. Meid\u00e4n pit\u00e4\u00e4 pyrki\u00e4 olemaan luovempia.<\/p>\n<p>Valtonen: Ei hysteriaa<\/p>\n<p class=\"paragraph\">Dragone tunnustaa, ett\u00e4 Natolla on paljon enemm\u00e4n rajoitteita kuin Ven\u00e4j\u00e4ll\u00e4. T\u00e4ll\u00e4 h\u00e4n viittaa etiikkaan ja lakiin.<\/p>\n<p class=\"paragraph\">\u2013 Se on ongelma. En halua sanoa, ett\u00e4 olemme h\u00e4vi\u00e4j\u00e4n asemassa, mutta meill\u00e4 on vaikeampi asema.<\/p>\n<p>Ulkoministeri Elina Valtosen mukaan Nato pohtii parhaillaan j\u00e4m\u00e4k\u00e4mp\u00e4\u00e4 otetta.  Inka Soveri<\/p>\n<p class=\"paragraph\">Huolta on aiheuttanut muun muassa Helsingin k\u00e4r\u00e4j\u00e4oikeuden p\u00e4\u00e4t\u00f6s j\u00e4tt\u00e4\u00e4 Eagle S -alusta koskevat syytteet tutkimatta.<\/p>\n<p class=\"paragraph\">Merenalaisia kaapeleita katkonutta alusta koskeva tapaus j\u00e4tettiin oikeuden mukaan tutkimatta, sill\u00e4 alus oli ep\u00e4illyn tapahtuman aikaan kansainv\u00e4lisill\u00e4 vesill\u00e4.<\/p>\n<p class=\"paragraph\">Aluksen on ep\u00e4ilty kuuluvan Ven\u00e4j\u00e4n varjolaivastoon.<\/p>\n<p class=\"paragraph\">Financial Timesin haastatteleman Suomen ulkoministerin <a href=\"https:\/\/www.iltalehti.fi\/henkilot\/Elina Valtonen\" class=\"article-link-person-page\" rel=\"nofollow noopener\" target=\"_blank\">Elina Valtosen<\/a> mukaan oikeuden p\u00e4\u00e4t\u00f6s antoi ven\u00e4l\u00e4isille aluksille vapaat k\u00e4det kansainv\u00e4lisill\u00e4 vesill\u00e4.<\/p>\n<p class=\"paragraph\">Valtosen mukaan j\u00e4m\u00e4k\u00e4mm\u00e4n otteen omaksumista pohditaan t\u00e4ll\u00e4 hetkell\u00e4. Aiemmin t\u00e4lle ei Valtosen mukaan ole ollut tarvetta.<\/p>\n<p class=\"paragraph\">\u2013 Meid\u00e4n pit\u00e4\u00e4 ottaa askel taaksep\u00e4in ja analysoida, mit\u00e4 hy\u00f6kk\u00e4\u00e4j\u00e4 haluaa. Meid\u00e4n ei ehk\u00e4 pit\u00e4isi olla hysteerisi\u00e4. Meill\u00e4 on meid\u00e4n oma pelikirja ja meid\u00e4n pit\u00e4\u00e4 luottaa siihen, koska se on melko jykev\u00e4.<\/p>\n","protected":false},"excerpt":{"rendered":"Nato-pomon mukaan sotilasliitto harkitsee aggressiivisempaa otetta. Naton sotilasliiton sotilaskomitean puheenjohtaja amiraali Giuseppe Cavo Dragone kertoo Naton harkitsevan ennaltaehk\u00e4isevien&hellip;\n","protected":false},"author":2,"featured_media":105109,"comment_status":"","ping_status":"","sticky":false,"template":"","format":"standard","meta":{"footnotes":""},"categories":[14],"tags":[35,1144,1274,22,23,26,27,33,31,30,17,1143,24,25,41,28,29,15,18,21,32,1145,19,20,56,16,59,60,61],"class_list":{"0":"post-105108","1":"post","2":"type-post","3":"status-publish","4":"format-standard","5":"has-post-thumbnail","7":"category-ulkomaat","8":"tag-24h","9":"tag-ammattilaisjaakiekko","10":"tag-ammattiurheilu","11":"tag-breaking-news","12":"tag-breakingnews","13":"tag-featured-news","14":"tag-featurednews","15":"tag-fi","16":"tag-finland","17":"tag-finnish","18":"tag-headlines","19":"tag-jaakiekko","20":"tag-latest-news","21":"tag-latestnews","22":"tag-liikunta-ja-urheilu","23":"tag-main-news","24":"tag-mainnews","25":"tag-news","26":"tag-otsikot","27":"tag-paauutiset","28":"tag-suomi","29":"tag-talviurheilu","30":"tag-top-stories","31":"tag-topstories","32":"tag-ulkomaat","33":"tag-uutiset","34":"tag-world","35":"tag-world-news","36":"tag-worldnews"},"share_on_mastodon":{"url":"https:\/\/pubeurope.com\/@fi\/115645978127691418","error":""},"_links":{"self":[{"href":"https:\/\/www.europesays.com\/fi\/wp-json\/wp\/v2\/posts\/105108","targetHints":{"allow":["GET"]}}],"collection":[{"href":"https:\/\/www.europesays.com\/fi\/wp-json\/wp\/v2\/posts"}],"about":[{"href":"https:\/\/www.europesays.com\/fi\/wp-json\/wp\/v2\/types\/post"}],"author":[{"embeddable":true,"href":"https:\/\/www.europesays.com\/fi\/wp-json\/wp\/v2\/users\/2"}],"replies":[{"embeddable":true,"href":"https:\/\/www.europesays.com\/fi\/wp-json\/wp\/v2\/comments?post=105108"}],"version-history":[{"count":0,"href":"https:\/\/www.europesays.com\/fi\/wp-json\/wp\/v2\/posts\/105108\/revisions"}],"wp:featuredmedia":[{"embeddable":true,"href":"https:\/\/www.europesays.com\/fi\/wp-json\/wp\/v2\/media\/105109"}],"wp:attachment":[{"href":"https:\/\/www.europesays.com\/fi\/wp-json\/wp\/v2\/media?parent=105108"}],"wp:term":[{"taxonomy":"category","embeddable":true,"href":"https:\/\/www.europesays.com\/fi\/wp-json\/wp\/v2\/categories?post=105108"},{"taxonomy":"post_tag","embeddable":true,"href":"https:\/\/www.europesays.com\/fi\/wp-json\/wp\/v2\/tags?post=105108"}],"curies":[{"name":"wp","href":"https:\/\/api.w.org\/{rel}","templated":true}]}}