{"id":10511,"date":"2025-08-19T20:20:07","date_gmt":"2025-08-19T20:20:07","guid":{"rendered":"https:\/\/www.europesays.com\/fi\/10511\/"},"modified":"2025-08-19T20:20:07","modified_gmt":"2025-08-19T20:20:07","slug":"madonnan-unelma-toteutui-katso-tuoreet-kuvat","status":"publish","type":"post","link":"https:\/\/www.europesays.com\/fi\/10511\/","title":{"rendered":"Madonnan unelma toteutui \u2013 Katso tuoreet kuvat"},"content":{"rendered":"<p>Madonna on juhlinut viikonloppuna syntym\u00e4p\u00e4iv\u00e4\u00e4ns\u00e4 Italian Toscanassa.<\/p>\n<p><img decoding=\"async\" class=\"image image-show image-preview\" src=\"https:\/\/www.europesays.com\/fi\/wp-content\/uploads\/2025\/08\/78c123ac2ed0701b674b7a88b1a3d67f6046e832f1a67203a1af2f0b25307591.png\" alt=\"\"\/><img decoding=\"async\" class=\"image image-show\" src=\"https:\/\/www.europesays.com\/fi\/wp-content\/uploads\/2025\/08\/1755634807_993_78c123ac2ed0701b674b7a88b1a3d67f6046e832f1a67203a1af2f0b25307591.png\" alt=\"\"\/><\/p>\n<p>Madonna on juuri t\u00e4ytt\u00e4nyt 67 vuotta. T\u00e4m\u00e4 kuva popin kuningattaresta on 1990 luvulta.  AOP<\/p>\n<p class=\"paragraph\">Popin kuningatar <a href=\"https:\/\/www.iltalehti.fi\/henkilot\/Madonna\" class=\"article-link-person-page\" rel=\"nofollow noopener\" target=\"_blank\">Madonna<\/a> on juhlinut 67-vuotissyntym\u00e4p\u00e4iv\u00e4\u00e4ns\u00e4 viikonloppuna Italian Toscanassa. H\u00e4nen varsinainen syntym\u00e4p\u00e4iv\u00e4ns\u00e4 on 16. elokuuta. Seitsenkertainen Grammy-voittaja kuvattiin Toscanan Sienassa j\u00e4rjestett\u00e4v\u00e4ss\u00e4 Palio di Siena -laukkakilpailussa lauantaina. Kyseinen kisa k\u00e4yd\u00e4\u00e4n kaksi kertaa vuodessa.<\/p>\n<p>Madonna seurasi laukkakisaa parveekkeelta perheenj\u00e4sentens\u00e4 kanssa.  AOP<\/p>\n<p class=\"paragraph\">Juhlinnassa mukana n\u00e4htiin Madonnan lapsista ainakin <a href=\"https:\/\/www.iltalehti.fi\/henkilot\/Lourdes Leon\" class=\"article-link-person-page\" rel=\"nofollow noopener\" target=\"_blank\">Lourdes Leon<\/a>, 28, <a href=\"https:\/\/www.iltalehti.fi\/henkilot\/Rocco Ritchie\" class=\"article-link-person-page\" rel=\"nofollow noopener\" target=\"_blank\">Rocco Ritchie<\/a>, 25, sek\u00e4 kaksoset <a href=\"https:\/\/www.iltalehti.fi\/henkilot\/Stella\" class=\"article-link-person-page\" rel=\"nofollow noopener\" target=\"_blank\">Stella<\/a> ja <a href=\"https:\/\/www.iltalehti.fi\/henkilot\/Estere\" class=\"article-link-person-page\" rel=\"nofollow noopener\" target=\"_blank\">Estere<\/a>, 12. T\u00e4hdell\u00e4 on yhteens\u00e4 kuusi lasta. Madonnan 29-vuotias poikayst\u00e4v\u00e4 <a href=\"https:\/\/www.iltalehti.fi\/henkilot\/Akeem Morris\" class=\"article-link-person-page\" rel=\"nofollow noopener\" target=\"_blank\">Akeem Morris<\/a> oli my\u00f6s tapahtumassa. Madonna seurasi hevoskisaa parvekkeelta yhdess\u00e4 perheens\u00e4 kanssa.<\/p>\n<p>T\u00e4hti l\u00e4hetti jollekulle lentosuukon.  AOP<\/p>\n<p class=\"paragraph\">Kilpailussa on mukana 10 ratsastajaa, jotka edustavat kaupungin eri osia. Tiukkojen s\u00e4\u00e4nt\u00f6jen mukaisesti he saavat k\u00e4ytt\u00e4\u00e4 vain ohjaksia ja raippaa.<\/p>\n<p>Palio di Sienan laukkakisassa on vauhdikas tunnelma. AOP<\/p>\n<p>Madonna, kaksoset ja Rocco nojasivat tiukasti toisiinsa ja parvekkeen reunaan kisaa seuratessaan.  AOP<\/p>\n<p>Muulla yleis\u00f6ll\u00e4 oli viel\u00e4 ahtaammat paikat.  AOP<\/p>\n<p class=\"paragraph\">Madonna julkaisi juhlinnastaan my\u00f6s videokoosteen Instagram-tilill\u00e4\u00e4n.<\/p>\n<p class=\"paragraph\">\u2013 Vuosien ajan unelmani on ollut n\u00e4hd\u00e4 Sienan Palio-hevoskilpailu, joka j\u00e4rjestet\u00e4\u00e4n syntym\u00e4p\u00e4iv\u00e4n\u00e4ni 16. elokuuta, vuodesta 1482 l\u00e4htien, t\u00e4hti kirjoitti.<\/p>\n<p class=\"paragraph\">Madonna kuvaili, miten sanat eiv\u00e4t riit\u00e4 kuvaamaan j\u00e4nnitt\u00e4v\u00e4\u00e4 ja loistokasta kokemusta. H\u00e4n sanaili, millainen pyh\u00e4 rituaali oli todistaa, kuinka tuhannet ihmiset hiljeniv\u00e4t ennen kisan aloitusta.<\/p>\n<p class=\"paragraph\">T\u00e4hti my\u00f6s ylisti, miten unelmat toteutuvat, sek\u00e4 toivotti itselleen hyv\u00e4\u00e4 syntym\u00e4p\u00e4iv\u00e4\u00e4.<\/p>\n<p class=\"paragraph\">\u2013 Ciao Italia, h\u00e4n p\u00e4\u00e4tti julkaisutekstins\u00e4.<\/p>\n<p class=\"paragraph\">Videolla n\u00e4hd\u00e4\u00e4n ylellist\u00e4 juhlintaa, kuten maailmanluokan popt\u00e4hdelt\u00e4 voikin odottaa.<\/p>\n<p class=\"paragraph\">Jos video ei n\u00e4y, voit katsoa sen <a href=\"https:\/\/www.instagram.com\/p\/DNgfbr2hrZj\/\" target=\"_blank\" rel=\"noopener nofollow\">t\u00e4st\u00e4<\/a>.<\/p>\n<p class=\"paragraph\">Videon alussa n\u00e4hd\u00e4\u00e4n kauniinvehre\u00e4\u00e4 toscanalaista maisemaa. Sitten Madonna odottelee laukkakilpailun alkua parvekkeella ja tuulettelee viuhkalla itse\u00e4\u00e4n. My\u00f6hemmin iltavalaistuksessa h\u00e4n paljastaa poikayst\u00e4v\u00e4lleen juhlavan takkinsa alla olevan kristallein koristellun valkoisen korsetin.<\/p>\n<p class=\"paragraph\">Videolla n\u00e4hd\u00e4\u00e4n my\u00f6s tunnelmallinen illallisp\u00f6yt\u00e4, jonka keskivaiheilla p\u00e4iv\u00e4nsankari istuu juttelemassa Rocco-poikansa kanssa, jolla oli syntym\u00e4p\u00e4iv\u00e4 juuri ennen \u00e4iti\u00e4\u00e4n, 11. elokuuta. H\u00e4n puhaltaa marjoin koristellusta kakusta kynttil\u00e4t. Monenlaista tanssia videolla n\u00e4hd\u00e4\u00e4n niin ik\u00e4\u00e4n sek\u00e4 todella hulppea ilotulitus. Madonnalle oli my\u00f6s tehty ylellist\u00e4 pehmolelua j\u00e4ljittelev\u00e4 upea Labubu-kakku.<\/p>\n<p class=\"paragraph\">\u2013 Hyv\u00e4\u00e4 syntym\u00e4p\u00e4iv\u00e4\u00e4 Madudu, luki teksti kakussa.<\/p>\n<p class=\"paragraph\">L\u00e4hde: <a href=\"https:\/\/www.independent.co.uk\/life-style\/madonna-tuscany-birthday-children-boyfriend-akeem-b2809380.html\" rel=\"noopener nofollow\" target=\"_blank\">Independent<\/a>.<\/p>\n<p><script async src=\"\/\/www.instagram.com\/embed.js\"><\/script><\/p>\n","protected":false},"excerpt":{"rendered":"Madonna on juhlinut viikonloppuna syntym\u00e4p\u00e4iv\u00e4\u00e4ns\u00e4 Italian Toscanassa. Madonna on juuri t\u00e4ytt\u00e4nyt 67 vuotta. T\u00e4m\u00e4 kuva popin kuningattaresta on&hellip;\n","protected":false},"author":2,"featured_media":10512,"comment_status":"","ping_status":"","sticky":false,"template":"","format":"standard","meta":{"footnotes":""},"categories":[130],"tags":[35,138,137,33,31,30,408,47,141,532,32,109],"class_list":{"0":"post-10511","1":"post","2":"type-post","3":"status-publish","4":"format-standard","5":"has-post-thumbnail","7":"category-viihde","8":"tag-24h","9":"tag-audio","10":"tag-entertainment","11":"tag-fi","12":"tag-finland","13":"tag-finnish","14":"tag-julkkikset","15":"tag-musiikki","16":"tag-muusikot-bandit","17":"tag-rock-ja-pop","18":"tag-suomi","19":"tag-viihde"},"share_on_mastodon":{"url":"","error":""},"_links":{"self":[{"href":"https:\/\/www.europesays.com\/fi\/wp-json\/wp\/v2\/posts\/10511","targetHints":{"allow":["GET"]}}],"collection":[{"href":"https:\/\/www.europesays.com\/fi\/wp-json\/wp\/v2\/posts"}],"about":[{"href":"https:\/\/www.europesays.com\/fi\/wp-json\/wp\/v2\/types\/post"}],"author":[{"embeddable":true,"href":"https:\/\/www.europesays.com\/fi\/wp-json\/wp\/v2\/users\/2"}],"replies":[{"embeddable":true,"href":"https:\/\/www.europesays.com\/fi\/wp-json\/wp\/v2\/comments?post=10511"}],"version-history":[{"count":0,"href":"https:\/\/www.europesays.com\/fi\/wp-json\/wp\/v2\/posts\/10511\/revisions"}],"wp:featuredmedia":[{"embeddable":true,"href":"https:\/\/www.europesays.com\/fi\/wp-json\/wp\/v2\/media\/10512"}],"wp:attachment":[{"href":"https:\/\/www.europesays.com\/fi\/wp-json\/wp\/v2\/media?parent=10511"}],"wp:term":[{"taxonomy":"category","embeddable":true,"href":"https:\/\/www.europesays.com\/fi\/wp-json\/wp\/v2\/categories?post=10511"},{"taxonomy":"post_tag","embeddable":true,"href":"https:\/\/www.europesays.com\/fi\/wp-json\/wp\/v2\/tags?post=10511"}],"curies":[{"name":"wp","href":"https:\/\/api.w.org\/{rel}","templated":true}]}}