{"id":105110,"date":"2025-12-01T19:32:08","date_gmt":"2025-12-01T19:32:08","guid":{"rendered":"https:\/\/www.europesays.com\/fi\/105110\/"},"modified":"2025-12-01T19:32:08","modified_gmt":"2025-12-01T19:32:08","slug":"poliisi-etsi-oulussa-aseistettua-ryostajaa-keskustasta-epailty-on-nyt-tavoitettu-pohjois-pohjanmaa","status":"publish","type":"post","link":"https:\/\/www.europesays.com\/fi\/105110\/","title":{"rendered":"Poliisi etsi Oulussa aseistettua ry\u00f6st\u00e4j\u00e4\u00e4 keskustasta \u2013 ep\u00e4ilty on nyt tavoitettu | Pohjois-Pohjanmaa"},"content":{"rendered":"<p class=\"aw-1gybjub aw-5vja16 kEtdKx kmuxyA yle__article__paragraph\">Poliisi etsi Oulun keskusta-alueelta ry\u00f6st\u00e4j\u00e4\u00e4, jolla oli ase. H\u00e4net on tavoitettu. Ylen tietojen mukaan yksi ry\u00f6st\u00f6ist\u00e4 tapahtui Oulussa urheiluv\u00e4lineliike XXL:n edustalla.<\/p>\n<p><img decoding=\"async\" alt=\"XXL:n pihalla on autoja.\" src=\"https:\/\/www.europesays.com\/fi\/wp-content\/uploads\/2025\/12\/39-1562532692dde4a0e26a.jpeg\" class=\"aw-1l9m598 hKVVvP\"\/><\/p>\n<p>Avaa kuvien katselu<\/p>\n<p>Ylen tietojen mukaan yksi ep\u00e4illyist\u00e4 ry\u00f6st\u00f6ist\u00e4 tapahtui Oulun Alasintiell\u00e4 urheiluv\u00e4lineliike XXL:n edustalla. Poliisi vahvistaa t\u00e4m\u00e4n. Illalla paikalla ei ollut en\u00e4\u00e4 poliiseja tai merkkej\u00e4 tapahtuneesta. Kuva: Janne K\u00f6rkk\u00f6<\/p>\n<p>20:44\u2022P\u00e4ivitetty 21:24<\/p>\n<p class=\"aw-1gybjub aw-1p7kakr kEtdKx cEmitX yle__article__paragraph\">Poliisi pyysi maanantai-iltana kansalaisilta apua tavoittaakseen ry\u00f6st\u00f6ist\u00e4 ep\u00e4illyn aseistetun miehen Oulussa.<\/p>\n<p class=\"aw-1gybjub aw-1p7kakr kEtdKx cEmitX yle__article__paragraph\">Poliisi tiedotti illalla yhdeks\u00e4n j\u00e4lkeen, ett\u00e4 mies on tavoitettu. Poliisi ei t\u00e4smenn\u00e4, onko h\u00e4net jo otettu kiinni.<\/p>\n<p class=\"aw-1gybjub aw-1p7kakr kEtdKx cEmitX yle__article__paragraph\">Vain alle tuntia aiemmin poliisi pyysi yleis\u00f6lt\u00e4 apua miehen tavoittamiseksi. H\u00e4nell\u00e4 kerrottiin olevan ase ja h\u00e4nen arveltiin liikkuvan keskustan alueella.<\/p>\n<p class=\"aw-1gybjub aw-1p7kakr kEtdKx cEmitX yle__article__paragraph\">Ry\u00f6st\u00f6t ovat poliisin mukaan tapahtuneet maanantai-iltap\u00e4iv\u00e4ll\u00e4 viiden j\u00e4lkeen. Poliisi ei tarkenna, kuinka monta ry\u00f6st\u00f6\u00e4 on kyseess\u00e4.<\/p>\n<p class=\"aw-1gybjub aw-1p7kakr kEtdKx cEmitX yle__article__paragraph\">Ylen tietojen mukaan yksi ep\u00e4illyist\u00e4 ry\u00f6st\u00f6ist\u00e4 tapahtui Oulussa Limingantullissa urheiluv\u00e4lineliike XXL:n edustalla. Poliisi vahvistaa t\u00e4m\u00e4n. Limingantulli sijaitsee keskustan l\u00e4hist\u00f6ll\u00e4.<\/p>\n<p class=\"aw-1gybjub aw-1p7kakr kEtdKx cEmitX yle__article__paragraph\">Kolmekymppisell\u00e4 miehell\u00e4 oli poliisin mukaan pistoolimallinen ampuma-ase.<\/p>\n<p class=\"aw-1gybjub aw-1p7kakr kEtdKx cEmitX yle__article__paragraph\">Akuutit havainnot miehest\u00e4 pyydet\u00e4\u00e4n yleiseen h\u00e4t\u00e4numeroon 112. Muut havainnot ja vihjeet voi soittaa Oulun poliisin vihjepuhelimeen numeroon 0295 416 194.<\/p>\n<p><img decoding=\"async\" alt=\"XXL Sports &amp; Outdoor -liikkeen sis\u00e4\u00e4nk\u00e4ynti iltavalaistuksessa, oikealla Subway-ravintola.\" src=\"https:\/\/www.europesays.com\/fi\/wp-content\/uploads\/2025\/12\/39-1562533692ddf2033b4b.jpeg\" loading=\"lazy\" class=\"aw-1l9m598 hKVVvP\"\/><\/p>\n<p>Avaa kuvien katselu<\/p>\n<p>Limingantullissa sijaitseva XXL maanantaina noin iltakahdeksalta. Paikalla olleen Ylen kuvaajan Janne K\u00f6rk\u00f6n mukaan paikalla ei n\u00e4kynyt en\u00e4\u00e4 poliisiautoja. Kuva: Janne K\u00f6rkk\u00f6<\/p>\n<p class=\"aw-1gybjub aw-1p7kakr kEtdKx cEmitX yle__article__paragraph\">Uutista on p\u00e4ivitetty 1.12. kello 21.21: Poliisi kertoi tavoittaneensa miehen.<\/p>\n","protected":false},"excerpt":{"rendered":"Poliisi etsi Oulun keskusta-alueelta ry\u00f6st\u00e4j\u00e4\u00e4, jolla oli ase. H\u00e4net on tavoitettu. Ylen tietojen mukaan yksi ry\u00f6st\u00f6ist\u00e4 tapahtui Oulussa&hellip;\n","protected":false},"author":2,"featured_media":105111,"comment_status":"","ping_status":"","sticky":false,"template":"","format":"standard","meta":{"footnotes":""},"categories":[12],"tags":[22,23,26,27,33,31,30,17,71,24,25,28,29,15,18,21,728,32,19,20,16],"class_list":{"0":"post-105110","1":"post","2":"type-post","3":"status-publish","4":"format-standard","5":"has-post-thumbnail","7":"category-suomi","8":"tag-breaking-news","9":"tag-breakingnews","10":"tag-featured-news","11":"tag-featurednews","12":"tag-fi","13":"tag-finland","14":"tag-finnish","15":"tag-headlines","16":"tag-kotimaa","17":"tag-latest-news","18":"tag-latestnews","19":"tag-main-news","20":"tag-mainnews","21":"tag-news","22":"tag-otsikot","23":"tag-paauutiset","24":"tag-pohjois-pohjanmaa","25":"tag-suomi","26":"tag-top-stories","27":"tag-topstories","28":"tag-uutiset"},"share_on_mastodon":{"url":"https:\/\/pubeurope.com\/@fi\/115645982150236494","error":""},"_links":{"self":[{"href":"https:\/\/www.europesays.com\/fi\/wp-json\/wp\/v2\/posts\/105110","targetHints":{"allow":["GET"]}}],"collection":[{"href":"https:\/\/www.europesays.com\/fi\/wp-json\/wp\/v2\/posts"}],"about":[{"href":"https:\/\/www.europesays.com\/fi\/wp-json\/wp\/v2\/types\/post"}],"author":[{"embeddable":true,"href":"https:\/\/www.europesays.com\/fi\/wp-json\/wp\/v2\/users\/2"}],"replies":[{"embeddable":true,"href":"https:\/\/www.europesays.com\/fi\/wp-json\/wp\/v2\/comments?post=105110"}],"version-history":[{"count":0,"href":"https:\/\/www.europesays.com\/fi\/wp-json\/wp\/v2\/posts\/105110\/revisions"}],"wp:featuredmedia":[{"embeddable":true,"href":"https:\/\/www.europesays.com\/fi\/wp-json\/wp\/v2\/media\/105111"}],"wp:attachment":[{"href":"https:\/\/www.europesays.com\/fi\/wp-json\/wp\/v2\/media?parent=105110"}],"wp:term":[{"taxonomy":"category","embeddable":true,"href":"https:\/\/www.europesays.com\/fi\/wp-json\/wp\/v2\/categories?post=105110"},{"taxonomy":"post_tag","embeddable":true,"href":"https:\/\/www.europesays.com\/fi\/wp-json\/wp\/v2\/tags?post=105110"}],"curies":[{"name":"wp","href":"https:\/\/api.w.org\/{rel}","templated":true}]}}