{"id":105112,"date":"2025-12-01T19:33:08","date_gmt":"2025-12-01T19:33:08","guid":{"rendered":"https:\/\/www.europesays.com\/fi\/105112\/"},"modified":"2025-12-01T19:33:08","modified_gmt":"2025-12-01T19:33:08","slug":"sara-seppasella-juhla-asu-jota-moni-ei-sulata-mene-takaovesta","status":"publish","type":"post","link":"https:\/\/www.europesays.com\/fi\/105112\/","title":{"rendered":"Sara Sepp\u00e4sell\u00e4 juhla-asu, jota moni ei sulata \u2013 \u201dMene takaovesta\u201d"},"content":{"rendered":"<p>Sodankyl\u00e4n poromiessuvun perint\u00f6 n\u00e4kyy asussa, jonka kansanedustaja Sara Sepp\u00e4nen aikoo laittaa Linnan juhliin. Asu on mets\u00e4saamelaisten asu, ja se voi her\u00e4tt\u00e4\u00e4 tunteita. <\/p>\n<p><img decoding=\"async\" class=\"image image-show image-preview\" src=\"https:\/\/www.europesays.com\/fi\/wp-content\/uploads\/2025\/12\/9fea20c6550cdd61ab29aacf83bc5d1ff5e5c8f3694a507f6142ef0b7f7fdf76.jpg\" alt=\"\"\/><img decoding=\"async\" class=\"image image-show\" src=\"https:\/\/www.europesays.com\/fi\/wp-content\/uploads\/2025\/12\/1764617588_529_9fea20c6550cdd61ab29aacf83bc5d1ff5e5c8f3694a507f6142ef0b7f7fdf76.jpg\" alt=\"\"\/><\/p>\n<p>Puku on naisille tehty malli vanhasta sodankyl\u00e4l\u00e4isest\u00e4 miesten lapintakista. Akke Virtanen<\/p>\n<p class=\"paragraph\">Lappilainen kansanedustaja <strong>Sara Sepp\u00e4nen<\/strong> (ps) pukeutuu itsen\u00e4isyysp\u00e4iv\u00e4n\u00e4 Linnan juhliin h\u00e4nelle valmistettuun mets\u00e4saamelaisten pukuun.<\/p>\n<p class=\"paragraph\">Puku on naisille tehty malli vanhasta sodankyl\u00e4l\u00e4isest\u00e4 miesten lapintakista, joka kuului h\u00e4nen isois\u00e4lleen.<\/p>\n<p class=\"paragraph\">\u2013\u2009T\u00e4m\u00e4 on minulle t\u00e4rke\u00e4\u00e4, kun t\u00e4ss\u00e4 n\u00e4kyy sukutaustani. Ja ylip\u00e4\u00e4t\u00e4\u00e4n mets\u00e4saamelaisuus. T\u00e4m\u00e4 on tehty Sodankyl\u00e4n Kieringin pappani puvun perusteella, Sepp\u00e4nen kertoo puvusta.<\/p>\n<p class=\"paragraph\">Somessa Sepp\u00e4sen asu on saanut jo kahtalaista palautetta. Ensinn\u00e4kin sit\u00e4 on kehuttu kovasti:<\/p>\n<p class=\"paragraph\">\u2013 T\u00e4m\u00e4 on Linnan kaunein asu!<\/p>\n<p class=\"paragraph\">\u2013 Olet upea ja asusi on ihana.<\/p>\n<p class=\"paragraph\">\u2013 Mene takaovesta, niin ei tule sanomista kell\u00e4\u00e4n.<\/p>\n<p class=\"paragraph\">Toiset ovat syytt\u00e4neet Sepp\u00e4st\u00e4 kulttuurisesta omimisesta:<\/p>\n<p class=\"paragraph\">\u2013 Saamenpuku kuuluu vain saamelaisille. Sit\u00e4 eiv\u00e4t muut saisi ottaa noin vain omaan k\u00e4ytt\u00f6\u00f6ns\u00e4, ei edes Linnan juhliin. Jos niin tehd\u00e4\u00e4n, kyse on kulttuurisesta omimisesta.<\/p>\n<p class=\"paragraph\">\u2013 Ei vaate tee kenest\u00e4kh\u00e4n saamelaista, vaikka kuinka haluais.<\/p>\n<p class=\"paragraph\">Kommenttien taustalla on erilainen n\u00e4kemys siit\u00e4, ketk\u00e4 voivat sanoa olevansa saamelaisia ja siten pukeutua saamelaisasuihin. Lis\u00e4\u00e4 tietoa t\u00e4st\u00e4 on alla olevassa faktalaatikossa.<\/p>\n<p>Sukujuuret 1500-luvulle<\/p>\n<p class=\"paragraph\">Sepp\u00e4nen sanoo huolen kulttuurisesta omimisesta olevan perusteetonta.<\/p>\n<p class=\"paragraph\">\u2013 Tied\u00e4n kyll\u00e4 taustani, enk\u00e4 olisi laittanut pukua ilman sit\u00e4. Isois\u00e4ni oli poromies Sodankyl\u00e4ss\u00e4, kuten h\u00e4nt\u00e4 edelt\u00e4neet sukupolvetkin, h\u00e4n sanoo arvostelijoille.<\/p>\n<p class=\"paragraph\">\u2013 Minun mets\u00e4lappalaiset sukujuureni ulottuvat kirkonkirjojen mukaan Kittil\u00e4\u00e4n ja Sodankyl\u00e4\u00e4n aina 1500-luvulle asti.<\/p>\n<p>Mets\u00e4saamelaisten puku on Sepp\u00e4sen mukaan vaatimattomampi verrattuna joihinkin pohjoisempiin saamenpukuihin. Akke Virtanen<\/p>\n<p>T\u00e4llainen asu on<\/p>\n<p class=\"paragraph\">Sepp\u00e4sen mukaan mets\u00e4saamelaisten puku on vaatimattomampi ja arkisempi verrattuna joihinkin pohjoisempiin saamenpukuihin.<\/p>\n<p class=\"paragraph\">\u2013 Silkkihuivia t\u00e4h\u00e4n ei kuulu, kun eih\u00e4n Lapissa ole ollut silkkiperhosen toukkia. Jos oli huivi, se oli villaa. Puvun v\u00e4ri on tumma, l\u00e4hes musta. Siin\u00e4 on paljon samaa kuin inarinsaamelaisten puvussa, h\u00e4n kuvailee asua.<\/p>\n<p class=\"paragraph\">Asun on valmistanut <strong>Sinikka S\u00e4kkinen<\/strong>.<\/p>\n<p class=\"paragraph\">\u2013 Valitettavasti isoiso\u00e4itieni pukuja<strong> <\/strong>ei ole s\u00e4ilynyt. Niit\u00e4 on sodan aikana h\u00e4vinnyt.<\/p>\n<p class=\"paragraph\">Asun lakki ja laukku ovat lainassa mets\u00e4saamelaismuseosta Sallasta. Laukku on valmistettu poronnahkasta ja poronluusta. N\u00e4m\u00e4 molemmat ovat l\u00f6ytyneet Sodankyl\u00e4n alueelta.<\/p>\n<p class=\"paragraph\">\u2013 T\u00e4ytyy varovaisesti pit\u00e4\u00e4 sit\u00e4 ja on tietenkin arvokas asia, ett\u00e4 saan sit\u00e4 kantaa.<\/p>\n<p class=\"paragraph\">Niille, ketk\u00e4 kommentoivat somen keskustelupalstoilla, etteiv\u00e4t mets\u00e4saamelaiset ole \u201coikeita\u201d saamelaisia, Sepp\u00e4sell\u00e4 on selke\u00e4 viesti.<\/p>\n<p class=\"paragraph\">\u2013 Toivotan heid\u00e4t tervetulleiksi mets\u00e4saamelaisp\u00e4iville kuulemaan, mik\u00e4 on se historiapohja tai kielen tausta. On t\u00e4rke\u00e4\u00e4 muistaa, ettei mets\u00e4saamelaisuus ole pois kenelt\u00e4k\u00e4\u00e4n, eik\u00e4 se ole ket\u00e4\u00e4n vastaan, h\u00e4n muistuttaa.<\/p>\n<p>LUE MY\u00d6SSaamelaiset Suomessa<\/p>\n<p class=\"paragraph\">Suomessa asuu noin 10 000 saamelaista. Saamelaisten kotiseutualueeseen kuuluvat Enonteki\u00f6n, Inarin ja Utsjoen kunnat sek\u00e4 Sodankyl\u00e4n kunnan pohjoisosa eli Lapin paliskunnan alue. Saamelaisista yli 60 prosenttia asuu kuitenkin saamelaisten kotiseutualueen ulkopuolella.<\/p>\n<p class=\"paragraph\">Kaikkiaan saamelaisia on noin 75 000-100 000 laskutavasta riippuen. Saamelaiset ovat asuttaneet Norjan, Ruotsin ja Suomen pohjoisosaa sek\u00e4 Kuolan niemimaan sis\u00e4osia jo ennen nykyisten valtionrajojen muodustumista. T\u00e4t\u00e4 aluetta kutsutaan nimell\u00e4 Saamenmaa (pohjoissaameksi S\u00e1pmi, inarinsaameksi S\u00e4\u00e4mi ja koltansaameksi S\u00e4\u00e4\u02b9mm).<\/p>\n<p>Mets\u00e4saamelaiset<\/p>\n<p class=\"paragraph\">Mets\u00e4saamelaiset kertovat, ett\u00e4 heid\u00e4n juurensa ovat entisen Kemin Lapin alueella. Kemin Lappiin kuuluivat yhdeks\u00e4n saamelaisten asuttamaa Lapinkyl\u00e4\u00e4 eli Siidaa, jotka olivat: Inari, Keminkyl\u00e4, Kitka, Kittil\u00e4, Kuolaj\u00e4rvi, Maanselk\u00e4, Peltoj\u00e4rvi, Sodankyl\u00e4 ja Sompio.\u00a0He ovat asuneet Lapinkylien alueella todistetusti ainakin 1500 &#8211; luvulta saakka.<\/p>\n<p>Kiista<\/p>\n<p class=\"paragraph\">Saamelaisk\u00e4r\u00e4j\u00e4t eiv\u00e4t tunnusta mets\u00e4saamelaisten olevan osa saamelaista yhteis\u00f6\u00e4. Saamelaisk\u00e4r\u00e4jien vaaleissa p\u00e4\u00e4sev\u00e4t \u00e4\u00e4nest\u00e4m\u00e4\u00e4n ja ehdolle ne, jotka ovat \u00e4idinkielelt\u00e4\u00e4n saamenkielisi\u00e4 tai joilla on v\u00e4hint\u00e4\u00e4n yksi \u00e4idinkielelt\u00e4\u00e4n saamenkielinen isoisovanhempi.<\/p>\n<p class=\"paragraph\">L\u00e4hteet: <a href=\"https:\/\/yle.fi\/a\/74-20168620\" rel=\"noopener nofollow\" target=\"_blank\">Yle.fi<\/a>, <a href=\"https:\/\/samediggi.fi\/tietoa-meista\/\" rel=\"noopener nofollow\" target=\"_blank\">Saamelaisk\u00e4r\u00e4j\u00e4t<\/a>, <a href=\"https:\/\/www.metsasaamelaiset.fi\/tietoa-metsasaamelaisista\/\" rel=\"noopener nofollow\" target=\"_blank\">Mets\u00e4saamelaiset<\/a><\/p>\n","protected":false},"excerpt":{"rendered":"Sodankyl\u00e4n poromiessuvun perint\u00f6 n\u00e4kyy asussa, jonka kansanedustaja Sara Sepp\u00e4nen aikoo laittaa Linnan juhliin. Asu on mets\u00e4saamelaisten asu, ja&hellip;\n","protected":false},"author":2,"featured_media":105113,"comment_status":"","ping_status":"","sticky":false,"template":"","format":"standard","meta":{"footnotes":""},"categories":[5],"tags":[22,23,26,27,33,31,30,17,24,25,28,29,15,18,21,142,886,888,885,887,32,19,20,16,4447],"class_list":{"0":"post-105112","1":"post","2":"type-post","3":"status-publish","4":"format-standard","5":"has-post-thumbnail","7":"category-otsikot","8":"tag-breaking-news","9":"tag-breakingnews","10":"tag-featured-news","11":"tag-featurednews","12":"tag-fi","13":"tag-finland","14":"tag-finnish","15":"tag-headlines","16":"tag-latest-news","17":"tag-latestnews","18":"tag-main-news","19":"tag-mainnews","20":"tag-news","21":"tag-otsikot","22":"tag-paauutiset","23":"tag-poliitikot","24":"tag-puolueet","25":"tag-suomalaiset-poliitikot","26":"tag-suomen-poliittiset-puolueet","27":"tag-suomen-politiikka","28":"tag-suomi","29":"tag-top-stories","30":"tag-topstories","31":"tag-uutiset","32":"tag-viikko"},"share_on_mastodon":{"url":"https:\/\/pubeurope.com\/@fi\/115645985904966667","error":""},"_links":{"self":[{"href":"https:\/\/www.europesays.com\/fi\/wp-json\/wp\/v2\/posts\/105112","targetHints":{"allow":["GET"]}}],"collection":[{"href":"https:\/\/www.europesays.com\/fi\/wp-json\/wp\/v2\/posts"}],"about":[{"href":"https:\/\/www.europesays.com\/fi\/wp-json\/wp\/v2\/types\/post"}],"author":[{"embeddable":true,"href":"https:\/\/www.europesays.com\/fi\/wp-json\/wp\/v2\/users\/2"}],"replies":[{"embeddable":true,"href":"https:\/\/www.europesays.com\/fi\/wp-json\/wp\/v2\/comments?post=105112"}],"version-history":[{"count":0,"href":"https:\/\/www.europesays.com\/fi\/wp-json\/wp\/v2\/posts\/105112\/revisions"}],"wp:featuredmedia":[{"embeddable":true,"href":"https:\/\/www.europesays.com\/fi\/wp-json\/wp\/v2\/media\/105113"}],"wp:attachment":[{"href":"https:\/\/www.europesays.com\/fi\/wp-json\/wp\/v2\/media?parent=105112"}],"wp:term":[{"taxonomy":"category","embeddable":true,"href":"https:\/\/www.europesays.com\/fi\/wp-json\/wp\/v2\/categories?post=105112"},{"taxonomy":"post_tag","embeddable":true,"href":"https:\/\/www.europesays.com\/fi\/wp-json\/wp\/v2\/tags?post=105112"}],"curies":[{"name":"wp","href":"https:\/\/api.w.org\/{rel}","templated":true}]}}