{"id":105117,"date":"2025-12-01T19:48:09","date_gmt":"2025-12-01T19:48:09","guid":{"rendered":"https:\/\/www.europesays.com\/fi\/105117\/"},"modified":"2025-12-01T19:48:09","modified_gmt":"2025-12-01T19:48:09","slug":"yle-areenan-tarkeimmat-uudet-sarjat-ja-elokuvat-viikolla-49-2025","status":"publish","type":"post","link":"https:\/\/www.europesays.com\/fi\/105117\/","title":{"rendered":"Yle Areenan t\u00e4rkeimm\u00e4t uudet sarjat ja elokuvat viikolla 49\/2025"},"content":{"rendered":"<p><strong>Viikon uudet elokuvat <a href=\"https:\/\/muropaketti.com\/avainsana\/yle-areena\/\" rel=\"noopener nofollow\" target=\"_blank\">Yle Areenassa<\/a>:<\/strong><\/p>\n<p><strong>Kalak \u2013 4. joulukuuta<\/strong><\/p>\n<p>Jan pakenee menneisyytt\u00e4\u00e4n, jossa is\u00e4 on k\u00e4ytt\u00e4nyt h\u00e4nt\u00e4 seksuaalisesti hyv\u00e4kseen. H\u00e4n on sairaanhoitaja ja perheenis\u00e4, joka asuu perheens\u00e4 kanssa Gr\u00f6nlannissa. H\u00e4n yritt\u00e4\u00e4 ep\u00e4toivoisesti p\u00e4\u00e4st\u00e4 osaksi yhteis\u00f6\u00e4 ja se johtaa irtosuhteisiin. H\u00e4nt\u00e4 aletaan kutsua Kalakiksi, joka tarkoittaa sek\u00e4 todellista ett\u00e4 likaista gr\u00f6nlantilaista. Lopulta h\u00e4nen on kohdattava kuolemansairas is\u00e4ns\u00e4. Kalak perustuu Kim Leinen romaaniin ja on ohjaaja Isabella Ekl\u00f6fin toinen pitk\u00e4 elokuva.<\/p>\n<p><strong>Nemoa etsim\u00e4ss\u00e4 (Finding Nemo) \u2013 6. joulukuuta<\/strong><\/p>\n<p>Nemo on pieni vuokkokala, joka joutuu eroon is\u00e4st\u00e4\u00e4n ja p\u00e4\u00e4tyy akvaarioon hammasl\u00e4\u00e4k\u00e4rin vastaanotolle. Ujo is\u00e4 Marlin l\u00e4htee rohkealle ja hauskalle matkalle poikaansa etsim\u00e4\u00e4n, ja saa avukseen yst\u00e4v\u00e4llisen mutta huonomuistisen Dorin. Ohjaus: Andrew Stanton ja Lee Unkrich.<\/p>\n<p><strong>Rottatouille (Ratatouille) \u2013 6. joulukuuta<\/strong><\/p>\n<p>Vauhdikkaassa ja hauskassa koko perheen animaatioseikkailussa Remy-rotta unelmoi p\u00e4\u00e4syst\u00e4 ranskalaiseksi keitti\u00f6mestariksi. Kohtalo heitt\u00e4\u00e4 h\u00e4net Pariisin viem\u00e4reihin mestarikokin ravintolan alapuolelle, ja Remyn kokkaamisen palon k\u00e4ynnist\u00e4m\u00e4 jahti saa koko Pariisin ravintolamaailman kiehumaan. Ohjaus: Brad Bird.<\/p>\n<p><strong>Wall-E \u2013 6. joulukuuta<\/strong><\/p>\n<p>J\u00e4nnitt\u00e4v\u00e4, romanttinen ja mielikuvituksellinen koko perheen animaatioseikkailu robotista, joka on uurastanut satoja vuosia siivoten roskaista maapalloa. Kohtaaminen vieh\u00e4tt\u00e4v\u00e4n etsint\u00e4robotin EVA:n kanssa nostaa WALL-E:n ty\u00f6listalle my\u00f6s rakkauden, galaktiset seikkailut ja ihmiskunnan pelastamisen. Ohjaus: Andrew Stanton.<\/p>\n<p><strong>Guled &amp; Nasra \u2013 2. joulukuuta<\/strong><\/p>\n<p>Cannesin elokuvajuhlilla maailmanensi-iltansa saanut toiveikas draama perheest\u00e4 \u00e4\u00e4rimm\u00e4isten valintojen edess\u00e4. Guled hankkii perheens\u00e4 niukan elannon haudankaivajana It\u00e4-Afrikan Djiboutissa. Arkea varjostaa puoliso Nasran vakava sairaus sek\u00e4 huoli kaupungin kaduilla viihtyv\u00e4st\u00e4 teini-ik\u00e4isest\u00e4 pojasta Mahadista. Nasra tarvitsee rahat kiireelliseen leikkaukseen, ja Guled ja Mahad p\u00e4\u00e4tt\u00e4v\u00e4t tehd\u00e4 kaikkensa rakkaansa pelastamiseksi ja perheen yhdist\u00e4miseksi. N\u00e4yttelij\u00e4t: Omar Abdi, Yasmin Warsame, Kadar Abdoul-Aziz Ibrahim. Ohjaus: Khadar Ayderus Ahmed.<\/p>\n<p><strong>Pohjanmaa \u2013 6. joulukuuta<\/strong><\/p>\n<p>Antti Tuurin romaaniin pohjautuvassa elokuvassa pohjalaisilla veljeksill\u00e4 ei ole muita keinoja asioiden hoitoon kuin suora toiminta ja uho. N\u00e4yttelij\u00e4t: Taneli M\u00e4kel\u00e4, Esko Salminen, Esko Nikkari, Vesa M\u00e4kel\u00e4. Ohjaus: Pekka Parikka.<\/p>\n<p><strong>Viikon uusia sarjoja ja tuotantokausia:<\/strong><\/p>\n<p><strong>Oxen, kausi 2 \u2013 1. joulukuuta<\/strong><\/p>\n<p>Oxen-sarjan toisella kaudella vallanhimo ja petos ovat keski\u00f6ss\u00e4. Danehof-niminen salainen eliitti suunnittelee Tanskan hallituksen ja demokratian kaatamista. Sotaveteraani ja j\u00e4\u00e4k\u00e4risotilas Niels Oxen sek\u00e4 tiedusteluagentti Margrethe Franck joutuvat menem\u00e4\u00e4n maan alle. Samaan aikaan Franckin esimies Frigg Mossmann l\u00e4hestyy salaista tavoitettaan \u2013 h\u00e4m\u00e4rien vallank\u00e4ytt\u00e4jien paljastamista. Danehofin uudella j\u00e4senell\u00e4, Kajsa Corfitzenilla, on ennalta-arvattava agenda.<\/p>\n<p><strong>Is\u00e4pulmia (Daddy Issues), kausi 2 \u2013 1. joulukuuta<\/strong><\/p>\n<p>Gemma totuttelee yh\u00e4 el\u00e4m\u00e4\u00e4ns\u00e4 tuoreena \u00e4itin\u00e4. H\u00e4nen oman \u00e4itins\u00e4, Davinan muutettua asumaan saman katon alle, joutuu Gemman is\u00e4, Malcolm palaamaan yksi\u00f6\u00f6ns\u00e4. \u00c4idist\u00e4 ei ole apua, is\u00e4\u00e4 on ik\u00e4v\u00e4 ja ep\u00e4toivo kasvaa, joten Gemma alkaa punoa juonta saadakseen Davinan ulos talosta ja Malcolmin takaisin kotiin. Matkan varrella Gemma yritt\u00e4\u00e4 l\u00f6yt\u00e4\u00e4 entisen itsens\u00e4. Yll\u00e4tt\u00e4v\u00e4 vieras ilmestyy maisemiin, mik\u00e4 pakottaa Malcolmin kohtaamaan menneisyytens\u00e4 ja Gemman katsomaan kohti tulevaisuuttaan.<\/p>\n<p><strong>Imago \u2013 1. joulukuuta<\/strong><\/p>\n<p>Imago on neliosainen draamasarja itsetunnosta, h\u00e4pe\u00e4st\u00e4 ja sosiaalisesta statuksesta. Jokainen jakso seuraa eri hahmoa \u2013 siivoojaa, opiskelijaa, vaikuttajaa ja juristia \u2013 jotka yll\u00e4pit\u00e4v\u00e4t jollain tavalla valheellista kulissia. Sarja tutkii, miten hyv\u00e4ksynn\u00e4n ja n\u00e4kyvyyden tavoittelu v\u00e4\u00e4rist\u00e4\u00e4 ihmissuhteita ja identiteetti\u00e4, kun oma arvo mitataan sen perusteella, milt\u00e4 el\u00e4m\u00e4 n\u00e4ytt\u00e4\u00e4 ulosp\u00e4in.<\/p>\n<p><strong>Tonttuakatemia, kausi 2 \u2013 1. joulukuuta<\/strong><\/p>\n<p>Yksi Ylen kaikkien aikojen suosituimmista Joulukalentereista saa jatkoa, kun Tonttuakatemia 2 \u2013 Suuri Tonttukatselmus aloittaa joulun odotuksen. Tonttuakatemian jatko-osassa maailman p\u00f6hk\u00f6imm\u00e4n tonttukoulun maine on vaarassa. Sen vuoksi rehtori Ruusukaali ja rouva Manteli kutsuvat joukon mestaritonttuja puolustamaan Tonttuakatemian kunniaa Suuressa Tonttukatselmuksessa. P\u00e4\u00e4rooleissa n\u00e4hd\u00e4\u00e4n Anna-Riikka Rajanen (Persilja) ja Manoel Pinto (Kaneli).<\/p>\n<p><strong>Shakespeare &amp; Hathaway (Shakespeare &amp; Hathaway \u2013 Private Investigators), kausi 5 \u2013 2. joulukuuta<\/strong><\/p>\n<p>Yksityisetsiv\u00e4t Shakespeare ja Hathaway ovat ajautuneet erilleen ja py\u00f6ritt\u00e4v\u00e4t nyt omia etsiv\u00e4toimistojaan Englannin Stratford-upon-Avonissa, joka tunnetaan Shakespearen kotikaupunkina. Kaiken keskell\u00e4 on heid\u00e4n avustajansa, joka jatkaa t\u00f6it\u00e4\u00e4n molemmille etsiville heid\u00e4n tiet\u00e4m\u00e4tt\u00e4\u00e4n. Kun myrskyisiss\u00e4 v\u00e4leiss\u00e4 olevan avioparin tapaus pakottaa kaksikon j\u00e4lleen yhteisty\u00f6h\u00f6n, k\u00e4y nopeasti ilmi, ett\u00e4 yhdess\u00e4 he muodostavat ly\u00f6m\u00e4tt\u00f6m\u00e4n parivaljakon.<\/p>\n<p><strong>Carmen-kiharat (Carmen Curlers), kausi 3 \u2013 3. joulukuuta<\/strong><\/p>\n<p>Carmen Curlers on draamakomedia unelmoijasta ja yritt\u00e4j\u00e4st\u00e4 Axelista sek\u00e4 toimeliaasta maalaistyt\u00f6st\u00e4 Birthest\u00e4, jotka 60-luvulla luovat Tanskan suurimman ty\u00f6paikan pienen s\u00e4hk\u00f6isen papiljottirullan avulla. Kauden ensimm\u00e4isess\u00e4 jaksossa n\u00e4hd\u00e4\u00e4n, kuinka konkurssin uhka pakottaa Axelin neuvottelup\u00f6yt\u00e4\u00e4n ja y\u00f6kerhoon New Yorkissa uuden vaimonsa Hannen kanssa. Hanne saa nopeasti esimakua Amerikan dekadentista el\u00e4m\u00e4st\u00e4. Samaan aikaan kotona Tanskassa Birthen t\u00e4ytyy tasapainoilla vihaisten velkojien, perheen ja kaoottisen h\u00e4\u00e4juhlan kanssa.<\/p>\n<p><strong>Terapiaa ja tunnetta (Parterapi i Gagnef) \u2013 7. joulukuuta<\/strong><\/p>\n<p>Kaoottisena p\u00e4iv\u00e4n\u00e4 psykologi Nisse unohtaa salassa pidett\u00e4vi\u00e4 potilasasiakirjoja bussiin. T\u00e4ydellinen katastrofi. H\u00e4n menett\u00e4\u00e4 ty\u00f6ns\u00e4 ja karkotetaan huonokuntoiseen m\u00f6kkiin Taalainmaalle ja t\u00f6ihin Gagnefin terveyskeskukseen. Ei kovin kummoista el\u00e4m\u00e4\u00e4, Nissen mielest\u00e4. Vieh\u00e4tt\u00e4v\u00e4 Rebecka rautakaupasta tuo silti iloa Nissen arkeen, kunnes h\u00e4n yht\u00e4kki\u00e4 tapaa t\u00e4m\u00e4n roolissaan pariterapeuttina. Rooleissa muun muassa Joel Spira, Josefin Asplund, Maria Sid, Magnus Krepper ja Bj\u00f6rn Elgerd<\/p>\n<p><strong>Viikon uusia dokumentteja ja asiaohjelmia:<\/strong><\/p>\n<p><strong>Veto-oikeus: Maailmanrauhan suurin uhka (The Veto: The Single Greatest Threat to Global Peace &amp; Security) -1. joulukuuta<\/strong><\/p>\n<p>YK:n turvallisuusneuvoston veto-oikeus on her\u00e4tt\u00e4nyt keskustelua koko olemassaolonsa ajan. Sit\u00e4 on k\u00e4ytetty kansanmurhan, sotarikosten ja ihmisyytt\u00e4 vastaan tehtyjen rikosten suojaamiseksi. T\u00e4m\u00e4 nakertaa koko YK:n uskottavuutta. Mit\u00e4 veto-oikeudelle pit\u00e4isi tehd\u00e4?<\/p>\n<p><strong>Tiedustelijat \u2013 1. joulukuuta<\/strong><\/p>\n<p>Mit\u00e4 salaisuuksia suomalaiset kaukopartiotiedustelijat kantoivat sodan j\u00e4lkeen? N\u00e4yttelij\u00e4 Joonas Saartamo alkaa selvitt\u00e4\u00e4 isois\u00e4ns\u00e4, upseeri Hannes Vehni\u00e4isen tarinaa. H\u00e4n p\u00e4\u00e4tyy sukeltamaan P\u00e4\u00e4majan salaiseen historiaan, jonka vaikutus ulottuu yh\u00e4 nykypolviin. Dokumentti yhdist\u00e4\u00e4 henkil\u00f6kohtaisen ja kansallisen muistin vaikuttavalla tavalla. Ohjaus: Ari Matikainen.<\/p>\n<p><strong>Maan puolustajat \u2013 5. joulukuuta<\/strong><\/p>\n<p>Seurantadokumenttisarja Maan puolustajat kertoo Eelist\u00e4, Larista ja Nikist\u00e4, jotka ovat valmiita antamaan kaikkensa Suomen puolesta. He etsiv\u00e4t turvaa ja toivoa varautumalla pahimpaan \u2013 usein ymp\u00e4rist\u00f6n ymm\u00e4rryst\u00e4 vailla. Ven\u00e4j\u00e4n hy\u00f6kk\u00e4ys Ukrainaan on ravistellut suomalaisten syv\u00e4lle juurtunutta turvallisuuden tunnetta, ja nostanut maanpuolustustahdon enn\u00e4tyslukemiin. Sarja sukeltaa suoraan t\u00e4m\u00e4n ilmi\u00f6n ytimeen ja n\u00e4ytt\u00e4\u00e4, mist\u00e4 rohkeus ja toivo l\u00f6ytyv\u00e4t ep\u00e4varmoina aikoina. Sarjan on ohjannut Johannes Niva.<\/p>\n<p>Tiedot perustuvat Ylelt\u00e4 saatuun infoon ja muutokset ovat mahdollisia.<\/p>\n","protected":false},"excerpt":{"rendered":"Viikon uudet elokuvat Yle Areenassa: Kalak \u2013 4. joulukuuta Jan pakenee menneisyytt\u00e4\u00e4n, jossa is\u00e4 on k\u00e4ytt\u00e4nyt h\u00e4nt\u00e4 seksuaalisesti&hellip;\n","protected":false},"author":2,"featured_media":87320,"comment_status":"","ping_status":"","sticky":false,"template":"","format":"standard","meta":{"footnotes":""},"categories":[133],"tags":[137,33,31,30,32,206,156,109,913,2958],"class_list":{"0":"post-105117","1":"post","2":"type-post","3":"status-publish","4":"format-standard","5":"has-post-thumbnail","7":"category-televisiot","8":"tag-entertainment","9":"tag-fi","10":"tag-finland","11":"tag-finnish","12":"tag-suomi","13":"tag-televisiot","14":"tag-tv","15":"tag-viihde","16":"tag-yle-areena","17":"tag-yle-areena-elokuvat"},"share_on_mastodon":{"url":"https:\/\/pubeurope.com\/@fi\/115646044756803711","error":""},"_links":{"self":[{"href":"https:\/\/www.europesays.com\/fi\/wp-json\/wp\/v2\/posts\/105117","targetHints":{"allow":["GET"]}}],"collection":[{"href":"https:\/\/www.europesays.com\/fi\/wp-json\/wp\/v2\/posts"}],"about":[{"href":"https:\/\/www.europesays.com\/fi\/wp-json\/wp\/v2\/types\/post"}],"author":[{"embeddable":true,"href":"https:\/\/www.europesays.com\/fi\/wp-json\/wp\/v2\/users\/2"}],"replies":[{"embeddable":true,"href":"https:\/\/www.europesays.com\/fi\/wp-json\/wp\/v2\/comments?post=105117"}],"version-history":[{"count":0,"href":"https:\/\/www.europesays.com\/fi\/wp-json\/wp\/v2\/posts\/105117\/revisions"}],"wp:featuredmedia":[{"embeddable":true,"href":"https:\/\/www.europesays.com\/fi\/wp-json\/wp\/v2\/media\/87320"}],"wp:attachment":[{"href":"https:\/\/www.europesays.com\/fi\/wp-json\/wp\/v2\/media?parent=105117"}],"wp:term":[{"taxonomy":"category","embeddable":true,"href":"https:\/\/www.europesays.com\/fi\/wp-json\/wp\/v2\/categories?post=105117"},{"taxonomy":"post_tag","embeddable":true,"href":"https:\/\/www.europesays.com\/fi\/wp-json\/wp\/v2\/tags?post=105117"}],"curies":[{"name":"wp","href":"https:\/\/api.w.org\/{rel}","templated":true}]}}