{"id":105120,"date":"2025-12-01T19:52:10","date_gmt":"2025-12-01T19:52:10","guid":{"rendered":"https:\/\/www.europesays.com\/fi\/105120\/"},"modified":"2025-12-01T19:52:10","modified_gmt":"2025-12-01T19:52:10","slug":"susijengi-kaatoi-ranskan-mm-karsintojen-huimassa-trillerissa","status":"publish","type":"post","link":"https:\/\/www.europesays.com\/fi\/105120\/","title":{"rendered":"Susijengi kaatoi Ranskan MM-karsintojen huimassa trilleriss\u00e4"},"content":{"rendered":"<p>Susijengi taisteli t\u00e4rke\u00e4n voiton MM-karsinnoissa.<\/p>\n<p class=\"article-body mb-nof-24 px-nof-16\">Suomi nousi Ranskaa vastaan upeaan 83\u201376-kotivoittoon koripallon miesten MM-karsinnoissa Espoon Metro-areenassa.<\/p>\n<p class=\"article-body mb-nof-24 px-nof-16\">Susijengi oli suurimman osan ottelusta takaa-ajajana, mutta nousi viime hetkill\u00e4 tasoihin ja ohi kovatasoista maata vastaan.<\/p>\n<p class=\"article-body mb-nof-24 px-nof-16\">Loppuunmyydyn kotiyleis\u00f6n edess\u00e4 taisteltu voitto oli Suomelle MM-karsintojen ensimm\u00e4inen, sill\u00e4 se h\u00e4visi viime perjantaina avausottelunsa Unkarille.<\/p>\n<p class=\"article-body mb-nof-24 px-nof-16\">Suomen <a class=\"article-personlink\" href=\"https:\/\/www.aamulehti.fi\/haku\/?query=Edon%20Maxhuni\" rel=\"nofollow noopener\" target=\"_blank\">Edon Maxhuni<\/a> oli ottelun paras pistemies 20 pisteell\u00e4\u00e4n. P\u00e4\u00e4t\u00f6snelj\u00e4nneksell\u00e4 loistanut <a class=\"article-personlink\" href=\"https:\/\/www.aamulehti.fi\/haku\/?query=Alexander%20Madsen\" rel=\"nofollow noopener\" target=\"_blank\">Alexander Madsen<\/a> pussitti 14 pistett\u00e4. Ranskan pelaajista eniten tulosta niitti <a class=\"article-personlink\" href=\"https:\/\/www.aamulehti.fi\/haku\/?query=Matthew%20Strazel\" rel=\"nofollow noopener\" target=\"_blank\">Matthew Strazel<\/a> (11).<\/p>\n<p class=\"article-body mb-nof-24 px-nof-16\">\u201dN\u00e4in olisi pit\u00e4nyt pelata my\u00f6s perjantaina Unkaria vastaan\u201d, Maxhuni kommentoi viitaten Suomen perjantaina Unkarille k\u00e4rsittyyn yll\u00e4tystappioon.<\/p>\n<p class=\"article-body mb-nof-24 px-nof-16\">Sek\u00e4 Suomi ett\u00e4 Ranska pelasivat Espoossa ilman NBA-t\u00e4hti\u00e4\u00e4n.<\/p>\n<p><img decoding=\"async\" src=\"https:\/\/www.europesays.com\/fi\/wp-content\/uploads\/2025\/12\/1764618730_251_468.jpg\" alt=\"Mikael Jantunen piti Gerald Ayayin kurissa.\" class=\"_Img_1rerz_1\" style=\"aspect-ratio:1.5\" loading=\"eager\"\/><\/p>\n<p class=\"article-picture-caption\">Mikael Jantunen piti Gerald Ayayin kurissa. Kuva:\u00a0Mikko Stig \/ Lehtikuva<\/p>\n<p class=\"article-body mb-nof-24 px-nof-16\">Maanantain ottelu k\u00e4ynnistyi tasaisena, vaikka Susijengin hy\u00f6kk\u00e4yspeli ysk\u00e4hteli hetkitt\u00e4in.<\/p>\n<p class=\"article-body mb-nof-24 px-nof-16\">Kovatasoinen Ranska l\u00f6i kaasun pohjaan toisen nelj\u00e4nneksen alussa ja karkasi hetkess\u00e4 kymmenen pisteen karkumatkalle. Puoliajalla Ranskan johti pistein 45\u201337.<\/p>\n<p class=\"article-body mb-nof-24 px-nof-16\">Suomi kiri eroa hiljalleen kiinni, ja <a class=\"article-personlink\" href=\"https:\/\/www.aamulehti.fi\/haku\/?query=Oliver%20Nkamhouan\" rel=\"nofollow noopener\" target=\"_blank\">Oliver Nkamhouan<\/a> tyylik\u00e4s donkki sytytti loppuunmyydyn Metro-areenan huutoon p\u00e4\u00e4t\u00f6snelj\u00e4nneksen alussa.<\/p>\n<p class=\"article-body mb-nof-24 px-nof-16\"><a class=\"article-personlink\" href=\"https:\/\/www.aamulehti.fi\/haku\/?query=Mikael%20Jantusen\" rel=\"nofollow noopener\" target=\"_blank\">Mikael Jantusen<\/a> vapaaheitot nostivat Suomen vihdoin tasoihin kolme minuuttia ennen loppua.<\/p>\n<p class=\"article-body mb-nof-24 px-nof-16\">Suomen kapteeni <a class=\"article-personlink\" href=\"https:\/\/www.aamulehti.fi\/haku\/?query=Sasu%20Salin\" rel=\"nofollow noopener\" target=\"_blank\">Sasu Salin<\/a> r\u00e4j\u00e4ytti yleis\u00f6n lopullisesti huutomyrskyyn minuuttia my\u00f6hemmin ja vei Susijengin tavoittamattomiin.<\/p>\n<p class=\"article-body mb-nof-24 px-nof-16\">Suomen karsintaurakka jatkuu helmi-maaliskuun vaihteessa, kun se kohtaa Belgian kahdesti.<\/p>\n<p class=\"article-body mb-nof-24 px-nof-16\">Susijengin pit\u00e4\u00e4 sijoittua nelj\u00e4n joukkueen lohkossaan kolmen parhaan joukkoon, jotta se selvi\u00e4\u00e4 karsintojen toiseen vaiheeseen.<\/p>\n<p class=\"article-body mb-nof-24 px-nof-16\">MM-karsinta jatkuu helmi-maaliskuun vaihteessa, jolloin Suomi kohtaa kahdesti Belgian.<\/p>\n<p class=\"article-body mb-nof-24 px-nof-16\">Nelj\u00e4n maan karsintalohkon kolme parasta etenee jatkokarsintalohkoon, ja kaikkiaan 12 parasta eurooppalaista joukkuetta p\u00e4\u00e4see Qatarin vuoden 2027 MM-lopputurnaukseen.<\/p>\n","protected":false},"excerpt":{"rendered":"Susijengi taisteli t\u00e4rke\u00e4n voiton MM-karsinnoissa. Suomi nousi Ranskaa vastaan upeaan 83\u201376-kotivoittoon koripallon miesten MM-karsinnoissa Espoon Metro-areenassa. Susijengi oli&hellip;\n","protected":false},"author":2,"featured_media":105121,"comment_status":"","ping_status":"","sticky":false,"template":"","format":"standard","meta":{"footnotes":""},"categories":[158],"tags":[157,33,31,30,159,32,160],"class_list":{"0":"post-105120","1":"post","2":"type-post","3":"status-publish","4":"format-standard","5":"has-post-thumbnail","7":"category-urheilu","8":"tag-aamulehti","9":"tag-fi","10":"tag-finland","11":"tag-finnish","12":"tag-sports","13":"tag-suomi","14":"tag-urheilu"},"share_on_mastodon":{"url":"https:\/\/pubeurope.com\/@fi\/115646060882570969","error":""},"_links":{"self":[{"href":"https:\/\/www.europesays.com\/fi\/wp-json\/wp\/v2\/posts\/105120","targetHints":{"allow":["GET"]}}],"collection":[{"href":"https:\/\/www.europesays.com\/fi\/wp-json\/wp\/v2\/posts"}],"about":[{"href":"https:\/\/www.europesays.com\/fi\/wp-json\/wp\/v2\/types\/post"}],"author":[{"embeddable":true,"href":"https:\/\/www.europesays.com\/fi\/wp-json\/wp\/v2\/users\/2"}],"replies":[{"embeddable":true,"href":"https:\/\/www.europesays.com\/fi\/wp-json\/wp\/v2\/comments?post=105120"}],"version-history":[{"count":0,"href":"https:\/\/www.europesays.com\/fi\/wp-json\/wp\/v2\/posts\/105120\/revisions"}],"wp:featuredmedia":[{"embeddable":true,"href":"https:\/\/www.europesays.com\/fi\/wp-json\/wp\/v2\/media\/105121"}],"wp:attachment":[{"href":"https:\/\/www.europesays.com\/fi\/wp-json\/wp\/v2\/media?parent=105120"}],"wp:term":[{"taxonomy":"category","embeddable":true,"href":"https:\/\/www.europesays.com\/fi\/wp-json\/wp\/v2\/categories?post=105120"},{"taxonomy":"post_tag","embeddable":true,"href":"https:\/\/www.europesays.com\/fi\/wp-json\/wp\/v2\/tags?post=105120"}],"curies":[{"name":"wp","href":"https:\/\/api.w.org\/{rel}","templated":true}]}}