{"id":105126,"date":"2025-12-01T19:57:08","date_gmt":"2025-12-01T19:57:08","guid":{"rendered":"https:\/\/www.europesays.com\/fi\/105126\/"},"modified":"2025-12-01T19:57:08","modified_gmt":"2025-12-01T19:57:08","slug":"witkoff-tapasi-ukrainan-neuvottelijan-kanssa-viela-uudemman-kerran-ennen-venajan-matkaansa-kaleva","status":"publish","type":"post","link":"https:\/\/www.europesays.com\/fi\/105126\/","title":{"rendered":"Witkoff tapasi Ukrainan neuvottelijan kanssa viel\u00e4 uudemman kerran ennen Ven\u00e4j\u00e4n-matkaansa &#8211; Kaleva"},"content":{"rendered":"<ol>\n<li><a href=\"https:\/\/news.google.com\/rss\/articles\/CBMiiAFBVV95cUxPQkdTQzVwTlUzTHB4d3E1b2RvV205Y2xFUWxQRXlQemdTMXVRb3FWSEFRTmN1VUdsajE1Q3YxQ2p6d2dwUUY5T19yazA2bExydEhMblpNWVpMcDFWWFJEMHJFMWR3UDBiS2RDbVZTb1A5c1BaR1UwSk9JZFFUV2czWDR3UDZpd3N1?oc=5\" target=\"_blank\" rel=\"nofollow noopener\">Witkoff tapasi Ukrainan neuvottelijan kanssa viel\u00e4 uudemman kerran ennen Ven\u00e4j\u00e4n-matkaansa<\/a>&nbsp;&nbsp;Kaleva<\/li>\n<li><a href=\"https:\/\/news.google.com\/rss\/articles\/CBMiQkFVX3lxTE9SQklEdXZxRWo1R09RUUZXWGxzaFlKRHpSZk5rQTZwMlhacFhuM3c0MWZtWHFDMXhJLWxPcWh1YTczUQ?oc=5\" target=\"_blank\" rel=\"nofollow noopener\">Yhdysvaltain edustajat saapuvat Moskovaan \u2013 Ukrainan rauhanehtojen lis\u00e4ksi p\u00f6yd\u00e4ll\u00e4 ovat tiett\u00e4v\u00e4sti miljardien kaupat<\/a>&nbsp;&nbsp;Yle<\/li>\n<li><a href=\"https:\/\/news.google.com\/rss\/articles\/CBMiXEFVX3lxTE82OWlzWlBUc2xnTGpDM3BqQXBfZjdYNFRPckVJMzhGMGxieUFoUkV5OUFMSENVSEY5UUpuOGc4ZC1taUVUSm55WXRBWWpnS3NqeHZOREk0ZmJobHZK?oc=5\" target=\"_blank\" rel=\"nofollow noopener\">T\u00e4m\u00e4 tiedet\u00e4\u00e4n | Zelenskyi puhui taas Stubbin kanssa: \u201dVaikeita kysymyksi\u00e4 pit\u00e4\u00e4 viel\u00e4 ratkaista\u201d<\/a>&nbsp;&nbsp;HS.fi<\/li>\n<li><a href=\"https:\/\/news.google.com\/rss\/articles\/CBMiYEFVX3lxTE9ENHc3NlZKSEg2X1dnTFhFMjlqMV9neUJTNGNPb1hNM1JmejBVSmVRNDR3M2tjNGp3NkNON21NdUJpazZja2xzbW1rVlZUbXFyWmZNSHloY0lkdDZWVVdKcQ?oc=5\" target=\"_blank\" rel=\"nofollow noopener\">Zelenskyi kertoi Stubbille neuvotteluista USA:n kanssa: \u201dVaikeita kysymyksi\u00e4\u201d<\/a>&nbsp;&nbsp;Ilta-Sanomat<\/li>\n<li><a href=\"https:\/\/news.google.com\/rss\/articles\/CBMie0FVX3lxTE1SWEVnYUUxdUdBZWw0MFlROUQtWWdGcXM5QVZDUUFDN2ZmX2V1SFFqWGdUQmp2V1ZxQjVrTDhXSkl0OU1HX0pLWE04TTJGZ3NHZUdxQXd1UjdDcHFEUW1hdkJjZGxsRnBjNlBGdEFrZV94bnFSMUpmTWswSQ?oc=5\" target=\"_blank\" rel=\"nofollow noopener\">Ukrainalaiset tapaavat Donald Trumpin l\u00e4hipiiri\u00e4 t\u00e4n\u00e4\u00e4n \u2013 Ex-diplomaatti varoittaa amerikkalaisten testist\u00e4 KP:ssa<\/a>&nbsp;&nbsp;Uusi Suomi<\/li>\n<\/ol>\n","protected":false},"excerpt":{"rendered":"Witkoff tapasi Ukrainan neuvottelijan kanssa viel\u00e4 uudemman kerran ennen Ven\u00e4j\u00e4n-matkaansa&nbsp;&nbsp;Kaleva Yhdysvaltain edustajat saapuvat Moskovaan \u2013 Ukrainan rauhanehtojen lis\u00e4ksi&hellip;\n","protected":false},"author":2,"featured_media":105127,"comment_status":"","ping_status":"","sticky":false,"template":"","format":"standard","meta":{"footnotes":""},"categories":[14],"tags":[22,23,26,27,33,31,30,17,24,25,28,29,15,18,21,32,19,20,56,16,59,60,61],"class_list":{"0":"post-105126","1":"post","2":"type-post","3":"status-publish","4":"format-standard","5":"has-post-thumbnail","7":"category-ulkomaat","8":"tag-breaking-news","9":"tag-breakingnews","10":"tag-featured-news","11":"tag-featurednews","12":"tag-fi","13":"tag-finland","14":"tag-finnish","15":"tag-headlines","16":"tag-latest-news","17":"tag-latestnews","18":"tag-main-news","19":"tag-mainnews","20":"tag-news","21":"tag-otsikot","22":"tag-paauutiset","23":"tag-suomi","24":"tag-top-stories","25":"tag-topstories","26":"tag-ulkomaat","27":"tag-uutiset","28":"tag-world","29":"tag-world-news","30":"tag-worldnews"},"share_on_mastodon":{"url":"https:\/\/pubeurope.com\/@fi\/115646080308736992","error":""},"_links":{"self":[{"href":"https:\/\/www.europesays.com\/fi\/wp-json\/wp\/v2\/posts\/105126","targetHints":{"allow":["GET"]}}],"collection":[{"href":"https:\/\/www.europesays.com\/fi\/wp-json\/wp\/v2\/posts"}],"about":[{"href":"https:\/\/www.europesays.com\/fi\/wp-json\/wp\/v2\/types\/post"}],"author":[{"embeddable":true,"href":"https:\/\/www.europesays.com\/fi\/wp-json\/wp\/v2\/users\/2"}],"replies":[{"embeddable":true,"href":"https:\/\/www.europesays.com\/fi\/wp-json\/wp\/v2\/comments?post=105126"}],"version-history":[{"count":0,"href":"https:\/\/www.europesays.com\/fi\/wp-json\/wp\/v2\/posts\/105126\/revisions"}],"wp:featuredmedia":[{"embeddable":true,"href":"https:\/\/www.europesays.com\/fi\/wp-json\/wp\/v2\/media\/105127"}],"wp:attachment":[{"href":"https:\/\/www.europesays.com\/fi\/wp-json\/wp\/v2\/media?parent=105126"}],"wp:term":[{"taxonomy":"category","embeddable":true,"href":"https:\/\/www.europesays.com\/fi\/wp-json\/wp\/v2\/categories?post=105126"},{"taxonomy":"post_tag","embeddable":true,"href":"https:\/\/www.europesays.com\/fi\/wp-json\/wp\/v2\/tags?post=105126"}],"curies":[{"name":"wp","href":"https:\/\/api.w.org\/{rel}","templated":true}]}}