{"id":105128,"date":"2025-12-01T19:58:10","date_gmt":"2025-12-01T19:58:10","guid":{"rendered":"https:\/\/www.europesays.com\/fi\/105128\/"},"modified":"2025-12-01T19:58:10","modified_gmt":"2025-12-01T19:58:10","slug":"valtuuston-jasen-kunnanjohtajan-erottava-itse-tai-hanet-erotetaan","status":"publish","type":"post","link":"https:\/\/www.europesays.com\/fi\/105128\/","title":{"rendered":"Valtuuston j\u00e4sen: Kunnanjohtajan erottava itse tai h\u00e4net erotetaan"},"content":{"rendered":"<p>R\u00e4\u00e4kkyl\u00e4|Seksuaaliss\u00e4vytteisi\u00e4 someviestej\u00e4 l\u00e4hetelleell\u00e4 kunnanjohtajalla on aikaa erota keskiviikkoon saakka. Tuolloin kunnanhallitus kokoontuu.<\/p>\n<p class=\"article-body mb-nof-24 px-nof-16\">R\u00e4\u00e4kkyl\u00e4n kunnanjohtajan <a class=\"article-personlink\" href=\"https:\/\/www.hs.fi\/haku\/?query=Esko%20Rautiaisen\" rel=\"nofollow noopener\" target=\"_blank\">Esko Rautiaisen<\/a> on erottava teht\u00e4v\u00e4st\u00e4\u00e4n itse tai h\u00e4net irtisanotaan, R\u00e4\u00e4kkyl\u00e4n kunnanvaltuuston j\u00e4sen <a class=\"article-personlink\" href=\"https:\/\/www.hs.fi\/haku\/?query=Timo%20M%C3%B6ls%C3%A4\" rel=\"nofollow noopener\" target=\"_blank\">Timo M\u00f6ls\u00e4<\/a> (kesk) kertoo HS:lle.<\/p>\n<p class=\"article-body mb-nof-24 px-nof-16\">H\u00e4n ei itse p\u00e4\u00e4ssyt sunnuntaina paikalle, kun ainakin keskustan ja vasemmistoliiton ryhm\u00e4t kokoontuivat muodostamaan kantaansa. M\u00f6ls\u00e4 kertoo saaneensa tiedon ryhm\u00e4lle l\u00e4hetetyst\u00e4 viestist\u00e4.<\/p>\n<p class=\"article-body mb-nof-24 px-nof-16\">Asiasta uutisoi aiemmin ainakin<a class=\"article-genericlink\" href=\"https:\/\/yle.fi\/a\/74-20197110\" rel=\"nofollow noopener\" target=\"_blank\"> Yle<\/a>, jolle kunnanvaltuuston puheenjohtaja <a class=\"article-personlink\" href=\"https:\/\/www.hs.fi\/haku\/?query=Tapio%20H%C3%A4m%C3%A4l%C3%A4inen\" rel=\"nofollow noopener\" target=\"_blank\">Tapio H\u00e4m\u00e4l\u00e4inen<\/a> (vas) vahvisti asian.<\/p>\n<p class=\"article-body mb-nof-24 px-nof-16\">Marraskuun aikana tuli ilmi, ett\u00e4 Rautiainen on l\u00e4hett\u00e4nyt useita seksuaalis\u00ads\u00e4vytteisi\u00e4 viestej\u00e4 Threads-sovelluksessa. Viestien tultua julkisuuteen on k\u00e4yty runsaasti keskustelua siit\u00e4, onko t\u00e4llainen k\u00e4yt\u00f6s kunnanjohtajalle sopivaa.<\/p>\n<p class=\"article-body mb-nof-24 px-nof-16\">Rautiaisella on aikaa erota keskiviikkoon saakka, M\u00f6ls\u00e4 kertoo. Keskiviikkona R\u00e4\u00e4kkyl\u00e4n kunnanhallituksen on m\u00e4\u00e4r\u00e4 kokoontua.<\/p>\n<p class=\"article-body mb-nof-24 px-nof-16\">M\u00f6ls\u00e4n mukaan kunnanjohtaja ei saa erorahaa, koska sit\u00e4 ei ole johtajasopimuksessa.<\/p>\n<p class=\"article-body mb-nof-24 px-nof-16\">H\u00e4n uskoo, ett\u00e4 keskustan kanta on ollut sunnuntain kokouksessa yksimielinen.<\/p>\n<p class=\"article-body mb-nof-24 px-nof-16\">R\u00e4\u00e4kkyl\u00e4n kunnanvaltuusto on 17-paikkainen. Keskustalla on yhdeks\u00e4n paikkaa ja vasemmistoliitolla kuusi. Kokoomuksella ja perussuomalaisilla on yksi paikka kummallakin.<\/p>\n<p class=\"article-body mb-nof-24 px-nof-16\">Rautiaisen somek\u00e4yt\u00f6ksest\u00e4 uutisoitiin jo vuonna 2024, kun h\u00e4n oli l\u00e4hett\u00e4nyt h\u00e4rskeiksi kuvailtuja viestej\u00e4 viestipalvelu X:ss\u00e4. Tuolloin h\u00e4n sai asiasta varoituksen. Samalla kunnanhallitus sanoi, ett\u00e4 seuraavasta varoituksesta seuraa irtisanominen.<\/p>\n","protected":false},"excerpt":{"rendered":"R\u00e4\u00e4kkyl\u00e4|Seksuaaliss\u00e4vytteisi\u00e4 someviestej\u00e4 l\u00e4hetelleell\u00e4 kunnanjohtajalla on aikaa erota keskiviikkoon saakka. Tuolloin kunnanhallitus kokoontuu. R\u00e4\u00e4kkyl\u00e4n kunnanjohtajan Esko Rautiaisen on erottava&hellip;\n","protected":false},"author":2,"featured_media":96697,"comment_status":"","ping_status":"","sticky":false,"template":"","format":"standard","meta":{"footnotes":""},"categories":[12],"tags":[22,23,26,27,33,31,30,17,46,24,25,28,29,15,18,21,32,19,20,16],"class_list":{"0":"post-105128","1":"post","2":"type-post","3":"status-publish","4":"format-standard","5":"has-post-thumbnail","7":"category-suomi","8":"tag-breaking-news","9":"tag-breakingnews","10":"tag-featured-news","11":"tag-featurednews","12":"tag-fi","13":"tag-finland","14":"tag-finnish","15":"tag-headlines","16":"tag-helsingin-sanomat","17":"tag-latest-news","18":"tag-latestnews","19":"tag-main-news","20":"tag-mainnews","21":"tag-news","22":"tag-otsikot","23":"tag-paauutiset","24":"tag-suomi","25":"tag-top-stories","26":"tag-topstories","27":"tag-uutiset"},"share_on_mastodon":{"url":"https:\/\/pubeurope.com\/@fi\/115646084251881967","error":""},"_links":{"self":[{"href":"https:\/\/www.europesays.com\/fi\/wp-json\/wp\/v2\/posts\/105128","targetHints":{"allow":["GET"]}}],"collection":[{"href":"https:\/\/www.europesays.com\/fi\/wp-json\/wp\/v2\/posts"}],"about":[{"href":"https:\/\/www.europesays.com\/fi\/wp-json\/wp\/v2\/types\/post"}],"author":[{"embeddable":true,"href":"https:\/\/www.europesays.com\/fi\/wp-json\/wp\/v2\/users\/2"}],"replies":[{"embeddable":true,"href":"https:\/\/www.europesays.com\/fi\/wp-json\/wp\/v2\/comments?post=105128"}],"version-history":[{"count":0,"href":"https:\/\/www.europesays.com\/fi\/wp-json\/wp\/v2\/posts\/105128\/revisions"}],"wp:featuredmedia":[{"embeddable":true,"href":"https:\/\/www.europesays.com\/fi\/wp-json\/wp\/v2\/media\/96697"}],"wp:attachment":[{"href":"https:\/\/www.europesays.com\/fi\/wp-json\/wp\/v2\/media?parent=105128"}],"wp:term":[{"taxonomy":"category","embeddable":true,"href":"https:\/\/www.europesays.com\/fi\/wp-json\/wp\/v2\/categories?post=105128"},{"taxonomy":"post_tag","embeddable":true,"href":"https:\/\/www.europesays.com\/fi\/wp-json\/wp\/v2\/tags?post=105128"}],"curies":[{"name":"wp","href":"https:\/\/api.w.org\/{rel}","templated":true}]}}