{"id":105133,"date":"2025-12-01T20:14:09","date_gmt":"2025-12-01T20:14:09","guid":{"rendered":"https:\/\/www.europesays.com\/fi\/105133\/"},"modified":"2025-12-01T20:14:09","modified_gmt":"2025-12-01T20:14:09","slug":"jaajo-linnonmaa-paljastaa-superterassin-paluun-kesaksi-2026-diili-voittaja-mukana","status":"publish","type":"post","link":"https:\/\/www.europesays.com\/fi\/105133\/","title":{"rendered":"Jaajo Linnonmaa paljastaa Superterassin paluun kes\u00e4ksi 2026 \u2013 Diili-voittaja mukana"},"content":{"rendered":"<p>            Timo Korhonen\n        <\/p>\n<p class=\"subtitle \">Jaajo Linnonmaa ei pelk\u00e4\u00e4 riskej\u00e4.<\/p>\n<p class=\"article-content article-content-width !bg-background\">Moniyritt\u00e4j\u00e4 ja mediapersoona  julkaisi Instagram-tilill\u00e4\u00e4n joulukuun aluksi ilmoituksen suurhankkeesta.<\/p>\n<p class=\"font-weight-bold m-font-weight-bold article-content article-content-width !bg-background\">Arkistovideo: viime kes\u00e4n Superterassi-avajaisten muistelua<\/p>\n<p class=\"article-content article-content-width !bg-background\">Viime kes\u00e4n\u00e4 Helsingin kantakaupungissa kokonaisen torin t\u00e4ytt\u00e4nyt Superterassi avataan my\u00f6s kes\u00e4ksi 2026.\u00a0<\/p>\n<p class=\"article-content article-content-width !bg-background\">Superterassi oli edellisen Diili-kauden yhden sortin p\u00e4\u00e4palkinto, sill\u00e4 bisnesrealityss\u00e4 etsittiin Superterassille tapahtumap\u00e4\u00e4llikk\u00f6\u00e4. Hommaan valittiin voittaja .<\/p>\n<p>Viime kes\u00e4n tupla-Diili-voittajat<\/p>\n<p class=\"article-content article-content-width !bg-background\">K\u00e4vi kuitenkin niin, ett\u00e4 Diili-kauden kesken Jaajo tajusi, ett\u00e4 voittajan selvitess\u00e4 Superterassi-projekti oli jo pitk\u00e4ll\u00e4. Sit\u00e4 oli valmistellut aiempi Diili-voittaja .\u00a0<\/p>\n<p class=\"article-content article-content-width !bg-background\">Niinp\u00e4 Arttu kertoikin\u00a0Katsolle\u00a0roolinsa olevan hieman toisenlainen.<\/p>\n<p class=\"article-content article-content-width !bg-background\">\u2013 Olen Superterassin kasvot ja vastuuhenkil\u00f6. N\u00e4kyvint\u00e4 on tunnelman luominen, mutta taustalla olen linkkin\u00e4 yhteisty\u00f6kumppaneille.<\/p>\n<p class=\"article-content article-content-width !bg-background\">Tulevalle kes\u00e4lle 2026 kuitenkin perustettiin oma firma vain Superterassia varten, ja sit\u00e4 johtaa toissa-Diilin voittaja Aki.<\/p>\n<p>        <a itemprop=\"url\" href=\"https:\/\/www.seiska.fi\/katso\/jaajo-linnonmaa-totuus-diili-pestista\/1681922\" rel=\"nofollow noopener\" target=\"_blank\"><\/p>\n<p>\nJaajo Linnonmaa\n<\/p>\n<p class=\"section-date\">\n        <strong class=\"article-section\" data-section=\"katso\"><br \/>\n            katso<br \/>\n        <\/strong><br \/>\n        23.4. 15:42\n    <\/p>\n<p>Jaajo Linnonmaa: Totuus Diili-pestist\u00e4\n    <\/p>\n<p itemprop=\"description\" class=\"subtitle \">\n    Diili-voittaja Arttu Sepp\u00e4l\u00e4 sai palkinnoksi ty\u00f6n Jaajo Linnonmaan Superterassi-projektissa.\n<\/p>\n<p>        <\/a><\/p>\n<p>&#8221;Yritt\u00e4j\u00e4 on toisenlainen&#8221;<\/p>\n<p class=\"article-content article-content-width !bg-background\">T\u00e4n\u00e4\u00e4n Instagram-tilill\u00e4\u00e4n Jaajo luonnehtii Helsingin Kasarmintorille j\u00e4lleen nousevaa Superterassia viime kes\u00e4n n\u00e4ytt\u00f6jen kautta kulttuuriprojektina. Toki yritys on yritt\u00e4j\u00e4lle silti yritys.<\/p>\n<p class=\"article-content article-content-width !bg-background\">Asiassa on kuitenkin jaajomainen mutta.<\/p>\n<p class=\"article-content article-content-width !bg-background\">Viime kes\u00e4n tulos oli l\u00e4hell\u00e4 nollaa, eli Jaajo toki p\u00e4\u00e4si omilleen, vaikka ei tehnyt juuri voittoa. Sep\u00e4 ei Jaajoa kuitenkaan haitannut.<\/p>\n<p>        <a itemprop=\"url\" href=\"https:\/\/www.seiska.fi\/kotimaa\/jaajo-linnonmaan-yllatyspaluu\/1904842\" rel=\"nofollow noopener\" target=\"_blank\"><\/p>\n<p>\nJaajo Linnonmaa\n<\/p>\n<p class=\"section-date\">\n        <strong class=\"article-section\" data-section=\"kotimaa\"><br \/>\n            kotimaa<br \/>\n        <\/strong><br \/>\n        21.8. 12:55\n    <\/p>\n<p>Jaajo Linnonmaan yll\u00e4tyspaluu\n    <\/p>\n<p itemprop=\"description\" class=\"subtitle \">\n    Diilin tuloksena Helsinkiin noussut j\u00e4ttiterassi oli Jaajosta surkuhupaisimmillaan, kun h\u00e4n oli sen ainoa asiakas.\n<\/p>\n<p>        <\/a><\/p>\n<p class=\"article-content article-content-width !bg-background\">\u2013\u00a0\u201dEth\u00e4n s\u00e4 et voi olla tyytyv\u00e4inen, jos j\u00e4\u00e4t hirve\u00e4n riskin ja duunin j\u00e4lkeen omilleen?\u201d <a href=\"https:\/\/www.instagram.com\/p\/DNsmH3wWDUC\/?img_index=1\" target=\"_blank\" rel=\"nofollow noopener\">Jaajo kuvasi tuolloin saamaansa palautetta Instagram-julkaisussaan<\/a>.<\/p>\n<p class=\"article-content article-content-width !bg-background\">Palautteen p\u00e4\u00e4lle h\u00e4n kuitenkin listasi paksun nipun kulttuuri- ja ty\u00f6llist\u00e4missaavutuksia, omaa oppimistaan ja saamiaan huikeita kokemuksia.<\/p>\n<p class=\"article-content article-content-width !bg-background\">\u2013\u00a0M\u00e4 olen tulokseen SUPERtyytyv\u00e4inen.Ja kyll\u00e4, yritt\u00e4j\u00e4t ovat v\u00e4h\u00e4n erilaisia, Jaajo napautti kera nauru- ja syd\u00e4nhymyemojien.<\/p>\n<p class=\"article-content article-content-width !bg-background\">Alla on Jaajon t\u00e4n\u00e4\u00e4n maanantaina (1.12.) julkaisema tieto ensi kes\u00e4n Superterassista.<\/p>\n<p>        <a itemprop=\"url\" href=\"https:\/\/www.seiska.fi\/kotimaa\/jaajon-superterassilla-valtava-julkkisryntays-salarakkaita-tv-tahtia-ja-kohupoliitikko-paparazzikuvat\/1835077\" rel=\"nofollow noopener\" target=\"_blank\"><\/p>\n<p>\nPaparazzikuvat!\n<\/p>\n<p class=\"section-date\">\n        <strong class=\"article-section\" data-section=\"kotimaa\"><br \/>\n            kotimaa<br \/>\n        <\/strong><br \/>\n        12.6. 17:30\n    <\/p>\n<p>Jaajon Superterassilla valtava julkkisrynt\u00e4ys! Salarakkaita, tv-t\u00e4hti\u00e4 ja kohupoliitikko \u2013 paparazzikuvat!\n    <\/p>\n<p itemprop=\"description\" class=\"subtitle \">\n    Julkkikset ottivat ilon irti uuden tapahtumapaikan VIP-bileiss\u00e4.\n<\/p>\n<p>        <\/a><\/p>\n<p>        <a itemprop=\"url\" href=\"https:\/\/www.seiska.fi\/kotimaa\/yleisokato-jaajon-superterassi-kohtasi-epaonnisen-vastoinkaymisen\/1844918\" rel=\"nofollow noopener\" target=\"_blank\"><\/p>\n<p>\nJaajon Superterassi\n<\/p>\n<p class=\"section-date\">\n        <strong class=\"article-section\" data-section=\"kotimaa\"><br \/>\n            kotimaa<br \/>\n        <\/strong><br \/>\n        23.6. 10:05\n    <\/p>\n<p>Yleis\u00f6kato! Jaajon Superterassi kohtasi ep\u00e4onnisen vastoink\u00e4ymisen\n    <\/p>\n<p itemprop=\"description\" class=\"subtitle \">\n    Asiakashankinta on taitolaji. Ihan kaikkeen ei yritt\u00e4j\u00e4 kuitenkaan voi itse vaikuttaa.\n<\/p>\n<p>        <\/a><\/p>\n<p><script async src=\"\/\/www.instagram.com\/embed.js\"><\/script><\/p>\n","protected":false},"excerpt":{"rendered":"Timo Korhonen Jaajo Linnonmaa ei pelk\u00e4\u00e4 riskej\u00e4. Moniyritt\u00e4j\u00e4 ja mediapersoona julkaisi Instagram-tilill\u00e4\u00e4n joulukuun aluksi ilmoituksen suurhankkeesta. Arkistovideo: viime&hellip;\n","protected":false},"author":2,"featured_media":105134,"comment_status":"","ping_status":"","sticky":false,"template":"","format":"standard","meta":{"footnotes":""},"categories":[133],"tags":[19861,2678,19860,4694,137,33,31,30,104,2681,706,19859,18494,19858,5259,3126,3723,32,5148,1667,206,4092,156,109,4461,4004],"class_list":{"0":"post-105133","1":"post","2":"type-post","3":"status-publish","4":"format-standard","5":"has-post-thumbnail","7":"category-televisiot","8":"tag-aki-keskitalo","9":"tag-diili","10":"tag-diili-2024","11":"tag-diili-2025","12":"tag-entertainment","13":"tag-fi","14":"tag-finland","15":"tag-finnish","16":"tag-helsinki","17":"tag-jaajo-linnonmaa","18":"tag-kesa","19":"tag-kesa-2026","20":"tag-kesatapahtumat","21":"tag-kesaterassi","22":"tag-pubi","23":"tag-ravintola","24":"tag-ravintolat","25":"tag-suomi","26":"tag-superterassi","27":"tag-tapahtumat","28":"tag-televisiot","29":"tag-terassi","30":"tag-tv","31":"tag-viihde","32":"tag-yrittaja","33":"tag-yrittajyys"},"share_on_mastodon":{"url":"https:\/\/pubeurope.com\/@fi\/115646147044734494","error":""},"_links":{"self":[{"href":"https:\/\/www.europesays.com\/fi\/wp-json\/wp\/v2\/posts\/105133","targetHints":{"allow":["GET"]}}],"collection":[{"href":"https:\/\/www.europesays.com\/fi\/wp-json\/wp\/v2\/posts"}],"about":[{"href":"https:\/\/www.europesays.com\/fi\/wp-json\/wp\/v2\/types\/post"}],"author":[{"embeddable":true,"href":"https:\/\/www.europesays.com\/fi\/wp-json\/wp\/v2\/users\/2"}],"replies":[{"embeddable":true,"href":"https:\/\/www.europesays.com\/fi\/wp-json\/wp\/v2\/comments?post=105133"}],"version-history":[{"count":0,"href":"https:\/\/www.europesays.com\/fi\/wp-json\/wp\/v2\/posts\/105133\/revisions"}],"wp:featuredmedia":[{"embeddable":true,"href":"https:\/\/www.europesays.com\/fi\/wp-json\/wp\/v2\/media\/105134"}],"wp:attachment":[{"href":"https:\/\/www.europesays.com\/fi\/wp-json\/wp\/v2\/media?parent=105133"}],"wp:term":[{"taxonomy":"category","embeddable":true,"href":"https:\/\/www.europesays.com\/fi\/wp-json\/wp\/v2\/categories?post=105133"},{"taxonomy":"post_tag","embeddable":true,"href":"https:\/\/www.europesays.com\/fi\/wp-json\/wp\/v2\/tags?post=105133"}],"curies":[{"name":"wp","href":"https:\/\/api.w.org\/{rel}","templated":true}]}}