{"id":105137,"date":"2025-12-01T20:19:09","date_gmt":"2025-12-01T20:19:09","guid":{"rendered":"https:\/\/www.europesays.com\/fi\/105137\/"},"modified":"2025-12-01T20:19:09","modified_gmt":"2025-12-01T20:19:09","slug":"seb-ennustaa-suomen-taloudelle-heikkoa-kehitysta","status":"publish","type":"post","link":"https:\/\/www.europesays.com\/fi\/105137\/","title":{"rendered":"SEB ennustaa Suomen taloudelle heikkoa kehityst\u00e4"},"content":{"rendered":"<p>Ruotsalaispankki antaa suoran arvionsa my\u00f6s velkajarrun toimivuudesta.<\/p>\n<p>T\u00e4st\u00e4 on kyse velkajarrussa. Video julkaistu alun perin 14.10.2025.Video: Toimittaja: Otto Rantanen<\/p>\n<p class=\"article-body mb-nof-24 px-nof-16\">SuomI erottuu huonolla talouskasvullaan muista Pohjoismaista, tylytet\u00e4\u00e4n ruotsalaispankki SEB:n Nordic Outlook -katsauksessa.<\/p>\n<p class=\"article-body mb-nof-24 px-nof-16\">Suomen taloudessa on pankin mukaan jatkuvia kasvuongelmia. Pankki arvioi, ett\u00e4 Suomen talouskasvu olisi t\u00e4n\u00e4 vuonna py\u00f6re\u00e4t nolla prosenttia.<\/p>\n<p class=\"article-body mb-nof-24 px-nof-16\">\u2013 Emme odota talouden vahvistumista t\u00e4m\u00e4n vuoden j\u00e4lkipuoliskolla, katsauksessa todetaan.<\/p>\n<p class=\"article-body mb-nof-24 px-nof-16\">Suomen talous alkaisi elpym\u00e4\u00e4n vasta vuosina 2026\u20132027. Ensi vuonna kasvua olisi 0,8 prosenttia, sit\u00e4 seuraavana 1,5 prosenttia, katsauksessa arvioidaan.<\/p>\n<p class=\"article-body mb-nof-24 px-nof-16\">\u2013 T\u00e4m\u00e4 olisi vain pieni nousu, kun ottaa huomioon heikon l\u00e4ht\u00f6tilanteen.<\/p>\n<p class=\"article-body mb-nof-24 px-nof-16\">Norjalle pankki ennustaa 1,2 prosentin, Tanskalle 2,5 prosentin ja Ruotsille 2,8 prosentin talouskasvua ensi vuodelle.<\/p>\n<p class=\"article-body mb-nof-24 px-nof-16\">SEB antaa Suomelle lunta tupaan my\u00f6s ty\u00f6tt\u00f6myystilanteesta.<\/p>\n<p class=\"article-body mb-nof-24 px-nof-16\">\u2013 Ty\u00f6markkinoiden tilanne on muuttunut haastavasta vakavaksi.<\/p>\n<p class=\"article-body mb-nof-24 px-nof-16\">Ty\u00f6tt\u00f6myysaste nousi elokuussa 10 prosenttiin, mik\u00e4 oli korkein luku 25 vuoteen. Syyskuussa ty\u00f6tt\u00f6myysaste oli 9,1 prosenttia, lokakuussa 9,6 prosenttia, selvi\u00e4\u00e4 Tilastokeskuksen tiedoista.<\/p>\n<p class=\"article-body mb-nof-24 px-nof-16\">Ongelmakohtina nostetaan esiin lis\u00e4ksi heikko kulutus sek\u00e4 asuntomarkkinoiden takkuaminen.<\/p>\n<p class=\"article-body mb-nof-24 px-nof-16\">Vaikka palkat ovat nousseet, ty\u00f6tt\u00f6myyden kasvu on vaikuttanut siihen, ett\u00e4 kulutus ei kasva. Pankin odotus on, ett\u00e4 ensi vuonna kulutus kasvaisi hieman.<\/p>\n<p class=\"article-body mb-nof-24 px-nof-16\">Pankin mukaan asuntokauppojen m\u00e4\u00e4r\u00e4, rakentaminen ja rakentamislupien my\u00f6nt\u00e4minen ovat historiallisen alhaalla.<\/p>\n<p class=\"article-body mb-nof-24 px-nof-16\">\u2013 Korkean ty\u00f6tt\u00f6myyden vuoksi asuntomarkkinat todenn\u00e4k\u00f6isesti pysyv\u00e4t heikkoina vuonna 2026.<\/p>\n<p class=\"article-body mb-nof-24 px-nof-16\">Ruotsalaispankin katsauksessa pohditaan my\u00f6s velkajarrun toimivuutta.<\/p>\n<p class=\"article-body mb-nof-24 px-nof-16\"><a class=\"article-genericlink\" href=\"https:\/\/www.is.fi\/politiikka\/art-2000011556960.html\" rel=\"nofollow noopener\" target=\"_blank\">Velkajarru<\/a> m\u00e4\u00e4ritt\u00e4\u00e4 jatkossa tavoitteen siit\u00e4, kuinka paljon Suomella saa olla julkista velkaa. Jarrusta p\u00e4\u00e4tettiin t\u00e4n\u00e4 syksyn\u00e4.<\/p>\n<p class=\"article-body mb-nof-24 px-nof-16\">Alij\u00e4\u00e4m\u00e4 saisi jatkossa olla korkeintaan 2,5 prosenttia bruttokansantuotteesta. Tavoitteena on, ett\u00e4 velan suhde bruttokansantuotteeseen olisi ensin 60 prosenttia ja pitk\u00e4ll\u00e4 aikav\u00e4lill\u00e4 40 prosenttia.<\/p>\n<p class=\"article-body mb-nof-24 px-nof-16\">\u2013 Tavoitteet ovat kunnianhimoiset, mutta on ep\u00e4todenn\u00e4k\u00f6ist\u00e4, ett\u00e4 niihin p\u00e4\u00e4st\u00e4isiin, ruotsalaispankki toteaa.<\/p>\n","protected":false},"excerpt":{"rendered":"Ruotsalaispankki antaa suoran arvionsa my\u00f6s velkajarrun toimivuudesta. T\u00e4st\u00e4 on kyse velkajarrussa. Video julkaistu alun perin 14.10.2025.Video: Toimittaja: Otto&hellip;\n","protected":false},"author":2,"featured_media":105138,"comment_status":"","ping_status":"","sticky":false,"template":"","format":"standard","meta":{"footnotes":""},"categories":[130],"tags":[137,33,31,30,34,32,109],"class_list":{"0":"post-105137","1":"post","2":"type-post","3":"status-publish","4":"format-standard","5":"has-post-thumbnail","7":"category-viihde","8":"tag-entertainment","9":"tag-fi","10":"tag-finland","11":"tag-finnish","12":"tag-ilta-sanomat","13":"tag-suomi","14":"tag-viihde"},"share_on_mastodon":{"url":"https:\/\/pubeurope.com\/@fi\/115646166784832870","error":""},"_links":{"self":[{"href":"https:\/\/www.europesays.com\/fi\/wp-json\/wp\/v2\/posts\/105137","targetHints":{"allow":["GET"]}}],"collection":[{"href":"https:\/\/www.europesays.com\/fi\/wp-json\/wp\/v2\/posts"}],"about":[{"href":"https:\/\/www.europesays.com\/fi\/wp-json\/wp\/v2\/types\/post"}],"author":[{"embeddable":true,"href":"https:\/\/www.europesays.com\/fi\/wp-json\/wp\/v2\/users\/2"}],"replies":[{"embeddable":true,"href":"https:\/\/www.europesays.com\/fi\/wp-json\/wp\/v2\/comments?post=105137"}],"version-history":[{"count":0,"href":"https:\/\/www.europesays.com\/fi\/wp-json\/wp\/v2\/posts\/105137\/revisions"}],"wp:featuredmedia":[{"embeddable":true,"href":"https:\/\/www.europesays.com\/fi\/wp-json\/wp\/v2\/media\/105138"}],"wp:attachment":[{"href":"https:\/\/www.europesays.com\/fi\/wp-json\/wp\/v2\/media?parent=105137"}],"wp:term":[{"taxonomy":"category","embeddable":true,"href":"https:\/\/www.europesays.com\/fi\/wp-json\/wp\/v2\/categories?post=105137"},{"taxonomy":"post_tag","embeddable":true,"href":"https:\/\/www.europesays.com\/fi\/wp-json\/wp\/v2\/tags?post=105137"}],"curies":[{"name":"wp","href":"https:\/\/api.w.org\/{rel}","templated":true}]}}