{"id":105143,"date":"2025-12-01T20:24:11","date_gmt":"2025-12-01T20:24:11","guid":{"rendered":"https:\/\/www.europesays.com\/fi\/105143\/"},"modified":"2025-12-01T20:24:11","modified_gmt":"2025-12-01T20:24:11","slug":"hiihto-mauno-haapala-ihmettelee-kiimaisia-hiihtajia-paloheinassa-vaikeuksia-pysya-pystyssa","status":"publish","type":"post","link":"https:\/\/www.europesays.com\/fi\/105143\/","title":{"rendered":"Hiihto: Mauno Haapala ihmettelee \u201dkiimaisia hiiht\u00e4ji\u00e4\u201d Palohein\u00e4ss\u00e4: \u201dVaikeuksia pysy\u00e4 pystyss\u00e4\u201d"},"content":{"rendered":"<p>Palohein\u00e4n h\u00e4t\u00e4iset hiiht\u00e4j\u00e4t nousivat puheenaiheeksi viime viikolla.<\/p>\n<p class=\"article-body mb-nof-24 px-nof-16\">\u201dKiimaiset\u201d hiiht\u00e4j\u00e4t nousivat viime viikolla puheenaiheeksi, kun Helsingin liikuntapaikanhoitaja <a class=\"article-personlink\" href=\"https:\/\/www.is.fi\/haku\/?query=Pasi%20Uljas\" rel=\"nofollow noopener\" target=\"_blank\">Pasi Uljas<\/a> kyll\u00e4styi k\u00e4rsim\u00e4tt\u00f6m\u00e4\u00e4n latukansaan.<\/p>\n<p class=\"article-body mb-nof-24 px-nof-16\">\u2013 Te kiimaiset hiiht\u00e4j\u00e4t! Pit\u00e4k\u00e4\u00e4 katse ylh\u00e4\u00e4ll\u00e4 ettei Pertti\u00e4 ja Liisaa satu leukaan, kun kohtaatte latukoneen t\u00f6iss\u00e4\u00e4n, emme juurikaan v\u00e4ist\u00e4, Uljas kirjoitti Facebookissa Palohein\u00e4n hiihtoladut -ryhm\u00e4ss\u00e4.<\/p>\n<p class=\"article-body mb-nof-24 px-nof-16\">Uljas kommentoi p\u00e4ivityst\u00e4\u00e4n my\u00f6s <a class=\"article-genericlink\" href=\"https:\/\/www.hs.fi\/helsinki\/art-2000011655192.html\" rel=\"nofollow noopener\" target=\"_blank\">Helsingin Sanomille<\/a> torstaina sanoen touhun jatkuneen samanlaisena jo pari vuotta.<\/p>\n<p class=\"article-body mb-nof-24 px-nof-16\">Helsingin Palohein\u00e4ss\u00e4 usein hiiht\u00e4v\u00e4 <a class=\"article-personlink\" href=\"https:\/\/www.is.fi\/haku\/?query=Mauno%20Haapala\" rel=\"nofollow noopener\" target=\"_blank\">Mauno Haapala<\/a>, 73, antaa tukensa Uljakselle, vaikka pit\u00e4\u00e4kin t\u00e4m\u00e4n sanavalintaa \u201dmelko r\u00e4v\u00e4kk\u00e4n\u00e4\u201d.<\/p>\n<p class=\"article-body mb-nof-24 px-nof-16\">\u2013 Ymm\u00e4rr\u00e4n ihan t\u00e4ysin koneen kuljettajan tuntemuksia. Siin\u00e4 kuitenkin yritettiin saada latua auki, ett\u00e4 p\u00e4\u00e4see hiiht\u00e4m\u00e4\u00e4n. Ymm\u00e4rt\u00e4m\u00e4tt\u00f6mi\u00e4 hiiht\u00e4ji\u00e4 oli mennyt liian aikaisin h\u00e4iritsem\u00e4\u00e4n ty\u00f6ntekoa, Haapala sanoo.<\/p>\n<p class=\"article-body mb-nof-24 px-nof-16\">H\u00e4n kertoo asuvansa Helsingin Viikiss\u00e4 ja k\u00e4yneens\u00e4 Palohein\u00e4ss\u00e4 varta vasten katsomassa, millaisesta tilanteesta oli kyse.<\/p>\n<blockquote class=\"citation\">\n<p>\u201d<\/p>\n<p>Se oli sellaista kynn\u00f6speltoa, ett\u00e4 hiiht\u00e4jill\u00e4 oli jopa vaikeuksia pysy\u00e4 pystyss\u00e4.<\/p>\n<\/blockquote>\n<p class=\"article-body mb-nof-24 px-nof-16\">\u2013 En kyll\u00e4 ymm\u00e4rr\u00e4, ett\u00e4 mik\u00e4 hirve\u00e4 kiire on menn\u00e4 keskener\u00e4iselle ladulle. Ei sit\u00e4 mit\u00e4\u00e4n hiihtonautintoa kyll\u00e4 saa, kun latupohja ei ollut l\u00e4hellek\u00e4\u00e4n siin\u00e4 kunnossa, ett\u00e4 olisi p\u00e4\u00e4ssyt hiiht\u00e4m\u00e4\u00e4n kunnolla edes jollain tapaa.<\/p>\n<p><img decoding=\"async\" src=\"https:\/\/www.europesays.com\/fi\/wp-content\/uploads\/2025\/12\/1764620651_30_468.jpg\" alt=\"Mauno Haapala ihmettelee h\u00e4t\u00e4isi\u00e4 hiiht\u00e4ji\u00e4.\" class=\"_Img_1rerz_1\" style=\"aspect-ratio:1.1175785797438882\" loading=\"eager\"\/><\/p>\n<p class=\"article-picture-caption\">Mauno Haapala ihmettelee h\u00e4t\u00e4isi\u00e4 hiiht\u00e4ji\u00e4. Kuva:\u00a0Mauno Haapalan kuva-arkisto<\/p>\n<p class=\"article-body mb-nof-24 px-nof-16\">Haapala pohtii, ett\u00e4 latukoneiden v\u00e4liss\u00e4 sauvoneet olivat todenn\u00e4k\u00f6isesti tulleet paikalle tiet\u00e4m\u00e4tt\u00e4, ett\u00e4 latu oli Helsingin kaupungin sivuilla merkitty suljetuksi.<\/p>\n<p class=\"article-body mb-nof-24 px-nof-16\">\u2013 Kun he olivat paikan p\u00e4\u00e4lle menneet, niin varmaan ajattelivat, ett\u00e4 t\u00e4ytyy kuitenkin yritt\u00e4\u00e4.<\/p>\n<p class=\"article-body mb-nof-24 px-nof-16\">\u2013 Se oli sellaista kynn\u00f6speltoa, ett\u00e4 hiiht\u00e4jill\u00e4 oli jopa vaikeuksia pysy\u00e4 pystyss\u00e4. Ei siin\u00e4 kunnon hiiht\u00e4misen makuun p\u00e4\u00e4ssyt. Se oli sellaista sauvomista vain.<\/p>\n<p class=\"article-body mb-nof-24 px-nof-16\">Haapala kertoo hiiht\u00e4v\u00e4ns\u00e4 vuodessa 1\u202f000\u20132\u202f000 kilometri\u00e4. Laturaivoon tai muuten moitittavaan k\u00e4yt\u00f6kseen h\u00e4n kertoo t\u00f6rm\u00e4\u00e4v\u00e4ns\u00e4 hyvin harvoin. Yksitt\u00e4istapauksista nousevat esiin ladulla k\u00e4velij\u00e4t.<\/p>\n<p class=\"article-body mb-nof-24 px-nof-16\">\u2013 Ladut eiv\u00e4t ihan oikeasti ole tehty k\u00e4vely\u00e4 varten.<\/p>\n<p class=\"article-body mb-nof-24 px-nof-16\">Haapala kertoo huomauttavansa asiallisesti k\u00e4velij\u00f6it\u00e4 siirtym\u00e4\u00e4n k\u00e4velylle tarkoitetulle reitille. Reaktio on usein sama.<\/p>\n<p class=\"article-body mb-nof-24 px-nof-16\">\u2013 Ei sielt\u00e4 vastausta tule. Se on sellainen hiljaisuus vain. Mutta en min\u00e4 siit\u00e4 jatka. Yhden kerran sanon kohteliaasti, ja jos ei mit\u00e4\u00e4n vastausta tule, niin en ala sen enemp\u00e4\u00e4 urputtaa.<\/p>\n<p class=\"article-body mb-nof-24 px-nof-16\">T\u00e4h\u00e4n liittyy Haapalan neuvo kaikille, jotka laduille t\u00e4n\u00e4kin talvena (jahka sellainen alkaa) suuntaavat.<\/p>\n<p class=\"article-body mb-nof-24 px-nof-16\">\u2013 Ladulle pit\u00e4\u00e4 l\u00e4hte\u00e4 iloisella mielell\u00e4 ja niin, ettei olisi pinna kire\u00e4ll\u00e4. Toisten huomioiminen, se on mielest\u00e4ni t\u00e4rke\u00e4 juttu. Se ei maksa yht\u00e4\u00e4n mit\u00e4\u00e4n ja antaa iloisen mielen kaikille.<\/p>\n<p class=\"article-body mb-nof-24 px-nof-16\">Maanantaina p\u00e4\u00e4kaupunkiseudulla p\u00e4\u00e4si hiiht\u00e4m\u00e4\u00e4n Espoon Oittaalla, Vantaan Hakunilassa ja Helsingin Palohein\u00e4ss\u00e4.<\/p>\n","protected":false},"excerpt":{"rendered":"Palohein\u00e4n h\u00e4t\u00e4iset hiiht\u00e4j\u00e4t nousivat puheenaiheeksi viime viikolla. \u201dKiimaiset\u201d hiiht\u00e4j\u00e4t nousivat viime viikolla puheenaiheeksi, kun Helsingin liikuntapaikanhoitaja Pasi Uljas&hellip;\n","protected":false},"author":2,"featured_media":105144,"comment_status":"","ping_status":"","sticky":false,"template":"","format":"standard","meta":{"footnotes":""},"categories":[12],"tags":[22,23,26,27,33,31,30,17,34,24,25,28,29,15,18,21,32,19,20,16],"class_list":{"0":"post-105143","1":"post","2":"type-post","3":"status-publish","4":"format-standard","5":"has-post-thumbnail","7":"category-suomi","8":"tag-breaking-news","9":"tag-breakingnews","10":"tag-featured-news","11":"tag-featurednews","12":"tag-fi","13":"tag-finland","14":"tag-finnish","15":"tag-headlines","16":"tag-ilta-sanomat","17":"tag-latest-news","18":"tag-latestnews","19":"tag-main-news","20":"tag-mainnews","21":"tag-news","22":"tag-otsikot","23":"tag-paauutiset","24":"tag-suomi","25":"tag-top-stories","26":"tag-topstories","27":"tag-uutiset"},"share_on_mastodon":{"url":"https:\/\/pubeurope.com\/@fi\/115646186514710728","error":""},"_links":{"self":[{"href":"https:\/\/www.europesays.com\/fi\/wp-json\/wp\/v2\/posts\/105143","targetHints":{"allow":["GET"]}}],"collection":[{"href":"https:\/\/www.europesays.com\/fi\/wp-json\/wp\/v2\/posts"}],"about":[{"href":"https:\/\/www.europesays.com\/fi\/wp-json\/wp\/v2\/types\/post"}],"author":[{"embeddable":true,"href":"https:\/\/www.europesays.com\/fi\/wp-json\/wp\/v2\/users\/2"}],"replies":[{"embeddable":true,"href":"https:\/\/www.europesays.com\/fi\/wp-json\/wp\/v2\/comments?post=105143"}],"version-history":[{"count":0,"href":"https:\/\/www.europesays.com\/fi\/wp-json\/wp\/v2\/posts\/105143\/revisions"}],"wp:featuredmedia":[{"embeddable":true,"href":"https:\/\/www.europesays.com\/fi\/wp-json\/wp\/v2\/media\/105144"}],"wp:attachment":[{"href":"https:\/\/www.europesays.com\/fi\/wp-json\/wp\/v2\/media?parent=105143"}],"wp:term":[{"taxonomy":"category","embeddable":true,"href":"https:\/\/www.europesays.com\/fi\/wp-json\/wp\/v2\/categories?post=105143"},{"taxonomy":"post_tag","embeddable":true,"href":"https:\/\/www.europesays.com\/fi\/wp-json\/wp\/v2\/tags?post=105143"}],"curies":[{"name":"wp","href":"https:\/\/api.w.org\/{rel}","templated":true}]}}