{"id":105156,"date":"2025-12-01T20:49:10","date_gmt":"2025-12-01T20:49:10","guid":{"rendered":"https:\/\/www.europesays.com\/fi\/105156\/"},"modified":"2025-12-01T20:49:10","modified_gmt":"2025-12-01T20:49:10","slug":"tekeeko-trump-kylmaavan-diilin-ukrainasta-nain-orpo-vastasi","status":"publish","type":"post","link":"https:\/\/www.europesays.com\/fi\/105156\/","title":{"rendered":"Tekeek\u00f6 Trump kylm\u00e4\u00e4v\u00e4n diilin Ukrainasta? N\u00e4in Orpo vastasi"},"content":{"rendered":"<p>Orpon mukaan tiistaina n\u00e4hd\u00e4\u00e4n, suhtautuuko Ven\u00e4j\u00e4 vakavissaan rauhanneuvotteluihin.<\/p>\n<p>Katso videolta Orpon ja Kristerssonin tiedotustilaisuus Kes\u00e4rannassa,.<\/p>\n<p class=\"article-body mb-nof-24 px-nof-16\">Brittilehti The Telegraphin <a class=\"article-genericlink\" href=\"https:\/\/www.telegraph.co.uk\/world-news\/2025\/11\/28\/trump-to-recognise-occupied-ukraine-part-of-russia\/\" rel=\"nofollow noopener\" target=\"_blank\">mukaan<\/a> Yhdysvallat olisi valmis tunnustamaan Ven\u00e4j\u00e4n Ukrainassa miehitt\u00e4m\u00e4t alueet ven\u00e4l\u00e4isiksi vastineena rauhansopimuksesta.<\/p>\n<p class=\"article-body mb-nof-24 px-nof-16\">Lehden mukaan Yhdysvaltojen presidentti <a class=\"article-personlink\" href=\"https:\/\/www.is.fi\/haku\/?query=Donald%20Trump\" rel=\"nofollow noopener\" target=\"_blank\">Donald Trump <\/a>on l\u00e4hett\u00e4nyt erityisl\u00e4hettil\u00e4\u00e4ns\u00e4 <a class=\"article-personlink\" href=\"https:\/\/www.is.fi\/haku\/?query=Steve%20Witkoffin\" rel=\"nofollow noopener\" target=\"_blank\">Steve Witkoffin<\/a> ja v\u00e4vyns\u00e4 ja neuvonantajansa <a class=\"article-personlink\" href=\"https:\/\/www.is.fi\/haku\/?query=Jared%20Kushnerin\" rel=\"nofollow noopener\" target=\"_blank\">Jared Kushnerin<\/a> tekem\u00e4\u00e4n Ven\u00e4j\u00e4n presidentille <a class=\"article-personlink\" href=\"https:\/\/www.is.fi\/haku\/?query=Vladimir%20Putinille\" rel=\"nofollow noopener\" target=\"_blank\">Vladimir Putinille <\/a>suoran tarjouksen asiasta Moskovassa.<\/p>\n<p class=\"article-body mb-nof-24 px-nof-16\"><a class=\"article-genericlink\" href=\"https:\/\/www.wsj.com\/world\/russia\/russia-u-s-peace-business-ties-4db9b290\" rel=\"nofollow noopener\" target=\"_blank\">The Wall Street Journalin<\/a> mukaan Yhdysvallat ja Ven\u00e4j\u00e4 ovat suunnitelleet Ukrainan sodan j\u00e4lkeist\u00e4 taloudellista yhteisty\u00f6t\u00e4. Ajatuksena lehden mukaan olisi, ett\u00e4 yhdysvaltalaiset yhti\u00f6t olisivat etusijalla, jos Ukrainaan saataisiin rauha.<\/p>\n<p class=\"article-body mb-nof-24 px-nof-16\">IS kysyi maanantai-iltana p\u00e4\u00e4ministeri <a class=\"article-personlink\" href=\"https:\/\/www.is.fi\/haku\/?query=Petteri%20Orpolta\" rel=\"nofollow noopener\" target=\"_blank\">Petteri Orpolta <\/a>(kok) ja Ruotsin p\u00e4\u00e4ministerilt\u00e4 <a class=\"article-personlink\" href=\"https:\/\/www.is.fi\/haku\/?query=Ulf%20Kristerssonilta\" rel=\"nofollow noopener\" target=\"_blank\">Ulf Kristerssonilta<\/a>, pit\u00e4v\u00e4tk\u00f6 he mahdollisena, ett\u00e4 Trump olisi tekem\u00e4ss\u00e4 t\u00e4llaisen \u201ddiilin\u201d Ukrainasta.<\/p>\n<p class=\"article-body mb-nof-24 px-nof-16\">\u2013 Ukrainan asioista ei voi p\u00e4\u00e4tt\u00e4\u00e4 ilman Ukrainaa. Olemme valmiita tunnustamaan sen, mik\u00e4 on ok ukrainalaisille. N\u00e4imme viime viikolla positiivisia merkkej\u00e4, mutta tiistaina n\u00e4emme, onko Ven\u00e4j\u00e4 tosissaan neuvotteluiden kanssa. T\u00e4m\u00e4n takia tiistain tapaaminen Moskovassa on elint\u00e4rke\u00e4, Orpo korosti.<\/p>\n<p class=\"article-body mb-nof-24 px-nof-16\">\u2013 Olen samaa mielt\u00e4. Paljon tapaamisia, paljon huhuja. Vain Ukraina voi p\u00e4\u00e4tt\u00e4\u00e4, mik\u00e4 on hyv\u00e4ksytt\u00e4v\u00e4 rauha heille, mutta ongelma on nyt se, ett\u00e4 emme ole n\u00e4hneet mit\u00e4\u00e4n merkkej\u00e4 Ven\u00e4j\u00e4n rauhantahdosta, Kristersson sanoi.<\/p>\n<p class=\"article-body mb-nof-24 px-nof-16\">Putinin on tarkoitus tavata Witkoff tiistaina Moskovassa. Amerikkalaislehti The Wall Street Journalin mukaan my\u00f6s Kushner <a class=\"article-genericlink\" href=\"https:\/\/www.wsj.com\/politics\/policy\/u-s-ukrainian-negotiators-meet-in-florida-to-discuss-halting-war-608bb045\" rel=\"nofollow noopener\" target=\"_blank\">on Moskovassa<\/a>.<\/p>\n<p class=\"article-body mb-nof-24 px-nof-16\">The Telegraphin lainaaman l\u00e4hteen mukaan on yh\u00e4 selvemp\u00e4\u00e4, ett\u00e4 amerikkalaiset ovat valmiita tunnustamaan miehitetyt alueet ven\u00e4l\u00e4isiksi riippumatta siit\u00e4, mit\u00e4 eurooppalaiset ajattelevat.<\/p>\n<p class=\"article-body mb-nof-24 px-nof-16\">Erityisen kiistanalaisena pidet\u00e4\u00e4n Donetskin tilannetta: Ven\u00e4j\u00e4 <a class=\"article-genericlink\" href=\"https:\/\/www.hs.fi\/maailma\/art-2000011649358.html\" rel=\"nofollow noopener\" target=\"_blank\">ei ole<\/a> onnistunut valtaamaan sodan aikana pohjoista, laajasti linnoitettua osaa Donetskista.<\/p>\n<p class=\"article-body mb-nof-24 px-nof-16\">Julkisuuteen vuotaneessa Yhdysvaltojen ja Ven\u00e4j\u00e4n <a class=\"article-genericlink\" href=\"https:\/\/www.is.fi\/ulkomaat\/art-2000011641316.html\" rel=\"nofollow noopener\" target=\"_blank\">alkuper\u00e4isess\u00e4 <\/a>rauhansuunnitelmassa vaadittiin silti, ett\u00e4 Krim, Luhansk ja Donetsk tunnustetaan ven\u00e4l\u00e4isiksi alueiksi.<\/p>\n<p class=\"article-body mb-nof-24 px-nof-16\">\u2013 On helppoa ymm\u00e4rt\u00e4\u00e4 se raivo, joka her\u00e4\u00e4 ehdotuksista, joiden mukaan Ukrainan t\u00e4ytyisi luovuttaa sellaisiakin alueita, joita Ven\u00e4j\u00e4 ei ole pystynyt hankkimaan voimakeinoin, Kristersson totesi.<\/p>\n<p class=\"article-body mb-nof-24 px-nof-16\">Orpolta ja Kristerssonilta kysyttiin, ovatko Suomi tai Ruotsi miss\u00e4\u00e4n tilanteessa valmiita hyv\u00e4ksym\u00e4\u00e4n alueliitoksia, jotka on hankittu voimalla.<\/p>\n<p class=\"article-body mb-nof-24 px-nof-16\">\u2013 Viestimme on selv\u00e4: on Ukrainan asia p\u00e4\u00e4tt\u00e4\u00e4 rauhandiilin ehdoista, Kristersson toisti.<\/p>\n<p class=\"article-body mb-nof-24 px-nof-16\">Orpo s\u00e4esti Kristerssonia ja sanoi, ett\u00e4 kysymys alueluovutuksista on yksi t\u00e4rkeimmist\u00e4 asioista Ukrainaa koskevissa neuvotteluissa.<\/p>\n<p class=\"article-body mb-nof-24 px-nof-16\">Kristersson sanoi my\u00f6s, ett\u00e4 useiden eurooppalaisten maiden olisi teht\u00e4v\u00e4 viel\u00e4 enemm\u00e4n Ukrainan auttamiseksi.<\/p>\n<p class=\"article-body mb-nof-24 px-nof-16\">\u2013 J\u00e4\u00e4dytettyjen varojen kysymys on eritt\u00e4in t\u00e4rke\u00e4, Kristersson painotti.<\/p>\n<p class=\"article-body mb-nof-24 px-nof-16\">Belgia ei ole ollut valmis hyv\u00e4ksym\u00e4\u00e4n j\u00e4\u00e4dytettyjen varojen k\u00e4ytt\u00e4mist\u00e4 Ukrainan tukemiseksi.<\/p>\n<p class=\"article-body mb-nof-24 px-nof-16\">Kansainv\u00e4linen arvopaperikeskus Euroclear on j\u00e4\u00e4dytt\u00e4nyt ven\u00e4l\u00e4isten pankkien ja muiden instituutioiden varoja osana Ven\u00e4j\u00e4lle asetettuja pakotteita.<\/p>\n<p class=\"article-body mb-nof-24 px-nof-16\">Arvopaperikeskus sijaitsee Belgiassa.<\/p>\n<p class=\"article-body mb-nof-24 px-nof-16\">Vakavista aiheista huolimatta Orpon ja Kristerssonin vierailu alkoi leppoisasti vitsaillen.<\/p>\n<p class=\"article-body mb-nof-24 px-nof-16\">\u2013 Mik\u00e4 yleis\u00f6! Kristersson huudahti viitaten mediav\u00e4en m\u00e4\u00e4r\u00e4\u00e4n.<\/p>\n<p class=\"article-body mb-nof-24 px-nof-16\">\u2013 Olet hyvin suosittu, Orpo vastasi.<\/p>\n<p><img decoding=\"async\" src=\"https:\/\/www.europesays.com\/fi\/wp-content\/uploads\/2025\/12\/1764622150_910_468.jpg\" alt=\"Orpo esitteli Kristerssonille Kes\u00e4rannan joulukuusen.\" class=\"_Img_1rerz_1\" style=\"aspect-ratio:1.5\" loading=\"eager\"\/><\/p>\n<p class=\"article-picture-caption\">Orpo esitteli Kristerssonille Kes\u00e4rannan joulukuusen. Kuva:\u00a0KIMMO BRANDT<\/p>\n<p class=\"article-body mb-nof-24 px-nof-16\">Orpo harmitteli, ett\u00e4 Kristersson saapuu Kes\u00e4rantaan aina talvella.<\/p>\n<p class=\"article-body mb-nof-24 px-nof-16\">\u2013 Kun keskustelumme ovat ohi, meid\u00e4n pit\u00e4isi menn\u00e4 saunaan nauttimaan l\u00e4mm\u00f6st\u00e4, toisin sanoin, vi ska bada bastu, Orpo viittasi Kaj-yhtyeen hittiin.<\/p>\n<p class=\"article-body mb-nof-24 px-nof-16\">\u2013 Jos t\u00e4ytyy menn\u00e4 saunaan, on hyv\u00e4 menn\u00e4 saunaan Helsingiss\u00e4. Viime kerrallakin olin t\u00e4\u00e4ll\u00e4 talvella, mutta t\u00e4ytyy my\u00f6nt\u00e4\u00e4, ett\u00e4 paremmassa talvis\u00e4\u00e4ss\u00e4, oli lunta ja j\u00e4\u00e4t\u00e4, Kristersson muisteli.<\/p>\n<p class=\"article-body mb-nof-24 px-nof-16\">Maanantai-iltana Helsingiss\u00e4 oli m\u00e4rk\u00e4\u00e4 ja pime\u00e4\u00e4. L\u00e4mp\u00f6\u00e4 oli kuutisen astetta. Kristerssonin vierailu jatkuu tiistaina.<\/p>\n","protected":false},"excerpt":{"rendered":"Orpon mukaan tiistaina n\u00e4hd\u00e4\u00e4n, suhtautuuko Ven\u00e4j\u00e4 vakavissaan rauhanneuvotteluihin. Katso videolta Orpon ja Kristerssonin tiedotustilaisuus Kes\u00e4rannassa,. Brittilehti The Telegraphin&hellip;\n","protected":false},"author":2,"featured_media":105157,"comment_status":"","ping_status":"","sticky":false,"template":"","format":"standard","meta":{"footnotes":""},"categories":[14],"tags":[22,23,26,27,33,31,30,17,34,24,25,28,29,15,18,21,32,19,20,56,16,59,60,61],"class_list":{"0":"post-105156","1":"post","2":"type-post","3":"status-publish","4":"format-standard","5":"has-post-thumbnail","7":"category-ulkomaat","8":"tag-breaking-news","9":"tag-breakingnews","10":"tag-featured-news","11":"tag-featurednews","12":"tag-fi","13":"tag-finland","14":"tag-finnish","15":"tag-headlines","16":"tag-ilta-sanomat","17":"tag-latest-news","18":"tag-latestnews","19":"tag-main-news","20":"tag-mainnews","21":"tag-news","22":"tag-otsikot","23":"tag-paauutiset","24":"tag-suomi","25":"tag-top-stories","26":"tag-topstories","27":"tag-ulkomaat","28":"tag-uutiset","29":"tag-world","30":"tag-world-news","31":"tag-worldnews"},"share_on_mastodon":{"url":"https:\/\/pubeurope.com\/@fi\/115646284883107765","error":""},"_links":{"self":[{"href":"https:\/\/www.europesays.com\/fi\/wp-json\/wp\/v2\/posts\/105156","targetHints":{"allow":["GET"]}}],"collection":[{"href":"https:\/\/www.europesays.com\/fi\/wp-json\/wp\/v2\/posts"}],"about":[{"href":"https:\/\/www.europesays.com\/fi\/wp-json\/wp\/v2\/types\/post"}],"author":[{"embeddable":true,"href":"https:\/\/www.europesays.com\/fi\/wp-json\/wp\/v2\/users\/2"}],"replies":[{"embeddable":true,"href":"https:\/\/www.europesays.com\/fi\/wp-json\/wp\/v2\/comments?post=105156"}],"version-history":[{"count":0,"href":"https:\/\/www.europesays.com\/fi\/wp-json\/wp\/v2\/posts\/105156\/revisions"}],"wp:featuredmedia":[{"embeddable":true,"href":"https:\/\/www.europesays.com\/fi\/wp-json\/wp\/v2\/media\/105157"}],"wp:attachment":[{"href":"https:\/\/www.europesays.com\/fi\/wp-json\/wp\/v2\/media?parent=105156"}],"wp:term":[{"taxonomy":"category","embeddable":true,"href":"https:\/\/www.europesays.com\/fi\/wp-json\/wp\/v2\/categories?post=105156"},{"taxonomy":"post_tag","embeddable":true,"href":"https:\/\/www.europesays.com\/fi\/wp-json\/wp\/v2\/tags?post=105156"}],"curies":[{"name":"wp","href":"https:\/\/api.w.org\/{rel}","templated":true}]}}