{"id":105158,"date":"2025-12-01T20:50:18","date_gmt":"2025-12-01T20:50:18","guid":{"rendered":"https:\/\/www.europesays.com\/fi\/105158\/"},"modified":"2025-12-01T20:50:18","modified_gmt":"2025-12-01T20:50:18","slug":"paakirjoitus-hyvinvointialueita-korjataan-teipilla","status":"publish","type":"post","link":"https:\/\/www.europesays.com\/fi\/105158\/","title":{"rendered":"P\u00e4\u00e4kirjoitus: Hyvinvointialueita korjataan teipill\u00e4"},"content":{"rendered":"<p><a href=\"https:\/\/www.iltalehti.fi\/kirjoittajat\/Jari Hanska\" class=\"article-description-pov-author\" rel=\"nofollow noopener\" target=\"_blank\"><\/p>\n<p>Jari Hanska<\/p>\n<p><img decoding=\"async\" class=\"author-image\" src=\"https:\/\/www.europesays.com\/fi\/wp-content\/uploads\/2025\/08\/e1530ef2801ea058ae32b3e6bf9111d14e3f143dfe09688bba2e562ebff0637b.png\" alt=\"\"\/><\/a><\/p>\n<p>Hyvinvointialueiden rahoitus on kriisiss\u00e4, mutta hallitus korjaa tilannetta l\u00e4hinn\u00e4 teipill\u00e4. Alueiden kannustimet pit\u00e4isi laittaa kokonaan uusiksi, kirjoittaa Jari Hanska.<\/p>\n<p>T\u00e4n\u00e4\u00e4n klo 19:13<\/p>\n<p><img decoding=\"async\" class=\"image image-show image-preview\" src=\"https:\/\/www.europesays.com\/fi\/wp-content\/uploads\/2025\/12\/f34f7fd9eca5b3720bd872850b773c79a9425c3ba0762a947026c2742458a3e6.jpg\" alt=\"\"\/><img decoding=\"async\" class=\"image image-show\" src=\"https:\/\/www.europesays.com\/fi\/wp-content\/uploads\/2025\/12\/1764622218_722_f34f7fd9eca5b3720bd872850b773c79a9425c3ba0762a947026c2742458a3e6.jpg\" alt=\"\"\/><\/p>\n<p>P\u00e4\u00e4ministeri Petteri Orpon (kok) hallituksen kaksi ministeri\u00e4 Kaisa Juuso (ps) ja Anna-Kaisa Ikonen (kok) ovat olleet hyvinvointialueiden rahoittamisen haasteista jatkuvasti julkisuudessa. Jenni G\u00e4stgivar<\/p>\n<p class=\"paragraph\">Kunta- ja alueministeri <strong>Anna-Kaisa Ikonen<\/strong> (kok) ilmoitti viime viikolla, ett\u00e4 hyvinvointialueiden rahoitusta koskevaa lakiesityst\u00e4 rukataan, jotta useampi alue voisi saada lis\u00e4aikaa alij\u00e4\u00e4miens\u00e4 kattamiseksi.<\/p>\n<p class=\"paragraph\">Kyse ei ole massiivisesta muutoksesta, mutta se antaa tietyille hyvinvointialueille hieman enemm\u00e4n pelivaraa alij\u00e4\u00e4mist\u00e4 selviytymiseen.<\/p>\n<p class=\"paragraph\">Lis\u00e4ajan my\u00f6nt\u00e4misess\u00e4 on kyse l\u00e4hinn\u00e4 sote-j\u00e4rjestelm\u00e4n laastaroinnista, jonka per\u00e4\u00e4n niin alueet kuin oppositio ovat koko kuluneen vaalikauden huutaneet. Se ei korjaa viime hallituskaudella laaditun sote-uudistuksen rahoituksen valuvikoja.<\/p>\n<p class=\"paragraph\">Yksi valuvioista syntyi, kun sote-palvelut siirtyiv\u00e4t kunnilta alueille. Monet kunnat alibudjetoivat sote-palvelunsa, koska kuntien saamaa rahoitusta leikattiin sote-menojen pohjalta. Samalla alueet joutuivat aloittamaan taloudellisesti takamatkalta.<\/p>\n<p class=\"paragraph\">P\u00e4\u00e4ministeri <strong>Petteri Orpon<\/strong> (kok) hallitus on toistuvasti moittinut soten ongelmista edellist\u00e4 eli <strong>Sanna Marinin<\/strong> (sd) hallitusta. Nykyisin oppositiossa olevat SDP, keskusta, vihre\u00e4t ja vasemmistoliitto ovat my\u00f6nt\u00e4neet ongelmat. Ne ovat korostaneet, ett\u00e4 massiivista uudistusta oli mahdotonta tehd\u00e4 kerralla t\u00e4ydellisesti.<\/p>\n<p class=\"paragraph\">Nykyinen hallitus on ollut varsin haluton avaamaan hyvinvointialueiden rahoituslakia v\u00e4ltt\u00e4m\u00e4tt\u00f6mi\u00e4 muutoksia enemp\u00e4\u00e4. Julkisuudessa on ollut esill\u00e4 monet n\u00e4ist\u00e4 ongelmista.<\/p>\n<p class=\"paragraph\">Yksi alueiden rahoituksen sekoittanut kuvio liittyy tiettyihin diagnoositietoihin, joiden pohjalta suuri siivu alueiden rahoituksesta m\u00e4\u00e4r\u00e4ytyy.<\/p>\n<p class=\"paragraph\"><a href=\"https:\/\/www.iltalehti.fi\/politiikka\/15ace624-bbd0-4524-8e4e-6beafc1480a9\" rel=\"nofollow noopener\" target=\"_blank\">Iltalehti uutisoi maaliskuussa<\/a>, ett\u00e4 diagnoositiedoissa on huomattavia heittoja eri alueiden kesken. Taustalla ovat muun muassa alueiden erilaiset kirjaamisk\u00e4yt\u00e4nn\u00f6t ja kyvyt hy\u00f6dynt\u00e4\u00e4 niin kutsuttuja tietoaltaita. T\u00e4m\u00e4n seurauksena alueiden saamassa rahoituksessa on l\u00f6ytynyt suoranaisia virheit\u00e4.<\/p>\n<p class=\"paragraph\">Hallituksessa ei ollut alkuun halukkuutta my\u00f6nt\u00e4\u00e4 ongelmia. Vasta nyt, joulukuun ensimm\u00e4isen\u00e4 p\u00e4iv\u00e4n\u00e4, ministeri Ikonen kertoi asettaneensa selvityshenkil\u00f6t perkaamaan diagnoositietoihin liittyvi\u00e4 ongelmia. Valmista pit\u00e4isi tulla helmikuun loppuun menness\u00e4.<\/p>\n<p class=\"paragraph\">Diagnoositietojen selvitt\u00e4minen on vain yksi osa rahoituksen ongelmista. Samaan syssyyn olisi syyt\u00e4 selvitt\u00e4\u00e4 se, millaiseen toimintaan nykyinen rahoitusj\u00e4rjestelm\u00e4 hyvinvointialueita ohjaa.<\/p>\n<p class=\"paragraph\">Esimerkkin\u00e4 toimii ty\u00f6kyvytt\u00f6myys. Nykyisell\u00e4\u00e4n hyvinvointialueet saavat enemm\u00e4n rahaa, jos alueella on paljon ty\u00f6kyvytt\u00f6mi\u00e4. Mit\u00e4 nuorempi ty\u00f6kyvytt\u00f6m\u00e4ksi kirjattu henkil\u00f6 on, sit\u00e4 enemm\u00e4n h\u00e4n tuo hyvinvointialueelle rahoitusta. Voisiko alueiden kannalta olla kannustavampaa, mik\u00e4li niit\u00e4 palkittaisiin ty\u00f6kyvytt\u00f6myyksien ennaltaehk\u00e4isyst\u00e4?<\/p>\n<p class=\"paragraph\">T\u00e4t\u00e4 perusongelmaa ei poistanut se, ett\u00e4 yhdess\u00e4 rahoituslain muutoksessa hallitus lis\u00e4si alueiden hyvinvoinnin ja terveyden edist\u00e4mist\u00e4 koskevan kertoimen painoarvoa. Niin sanotun hyte-kertoimen pohjalta jaetaan hyvinvointialueiden saamasta potista vain noin 1,5 prosenttia. Se tarkoittaa noin 400 miljoonaa euroa.<\/p>\n<p class=\"paragraph\">Ensi vuonna alueiden rahoitukseen uppoaa yli 27 miljardia euroa.<\/p>\n<p class=\"paragraph\">Rahoituslakia on veivattu Orpon hallituskaudella pariin otteeseen. Tavoitteena on ollut, ett\u00e4 malli hillitsisi menojen kasvua, olisi kannustava ja turvaisi niin palvelut kuin rahoituspohjan. T\u00e4ss\u00e4 urakassa palloa potkitaan jo seuraavalle hallitukselle.<\/p>\n<p class=\"paragraph\">Hyvinvointialueiden asukkaiden kannalta on yhdentekev\u00e4\u00e4, keiden p\u00e4\u00e4t\u00f6ksist\u00e4 huono rahoitusmalli johtuu. Jokainen hallitus voi kuitenkin vain omalla vahtivuorollaan korjata havaittuja virheit\u00e4.<\/p>\n<p class=\"paragraph\">Keskeisin ongelma koko rahoitusvyyhdess\u00e4 on se, ett\u00e4 hyvinvointialueille ei riit\u00e4 nykyist\u00e4 enemp\u00e4\u00e4 rahaa. Julkisen talouden tilanne on niin hankala, ett\u00e4 hyvinvointialueiden menojen kasvua on pakko pyrki\u00e4 hillitsem\u00e4\u00e4n. K\u00e4yt\u00e4nn\u00f6ss\u00e4 alueiden pit\u00e4isi pysty\u00e4 toimimaan jatkuvasti aiempaa tehokkaammin.<\/p>\n<p class=\"paragraph\">Siit\u00e4 huolimatta niukkuutta jaettaessa olisi syyt\u00e4 pit\u00e4\u00e4 huolta, ett\u00e4 rahan jakamisen perusteet ovat oikeudenmukaiset ja l\u00e4pin\u00e4kyv\u00e4t. Samalla alueita pit\u00e4isi palkita tuloksista eli terveyden tuottamisesta asukkailleen.<\/p>\n","protected":false},"excerpt":{"rendered":"Jari Hanska Hyvinvointialueiden rahoitus on kriisiss\u00e4, mutta hallitus korjaa tilannetta l\u00e4hinn\u00e4 teipill\u00e4. Alueiden kannustimet pit\u00e4isi laittaa kokonaan uusiksi,&hellip;\n","protected":false},"author":2,"featured_media":105159,"comment_status":"","ping_status":"","sticky":false,"template":"","format":"standard","meta":{"footnotes":""},"categories":[12],"tags":[35,22,23,26,27,33,31,30,863,17,24,25,28,29,15,18,21,637,888,885,887,32,19,20,16],"class_list":{"0":"post-105158","1":"post","2":"type-post","3":"status-publish","4":"format-standard","5":"has-post-thumbnail","7":"category-suomi","8":"tag-24h","9":"tag-breaking-news","10":"tag-breakingnews","11":"tag-featured-news","12":"tag-featurednews","13":"tag-fi","14":"tag-finland","15":"tag-finnish","16":"tag-hallitus","17":"tag-headlines","18":"tag-latest-news","19":"tag-latestnews","20":"tag-main-news","21":"tag-mainnews","22":"tag-news","23":"tag-otsikot","24":"tag-paauutiset","25":"tag-politiikka","26":"tag-suomalaiset-poliitikot","27":"tag-suomen-poliittiset-puolueet","28":"tag-suomen-politiikka","29":"tag-suomi","30":"tag-top-stories","31":"tag-topstories","32":"tag-uutiset"},"share_on_mastodon":{"url":"https:\/\/pubeurope.com\/@fi\/115646288896697783","error":""},"_links":{"self":[{"href":"https:\/\/www.europesays.com\/fi\/wp-json\/wp\/v2\/posts\/105158","targetHints":{"allow":["GET"]}}],"collection":[{"href":"https:\/\/www.europesays.com\/fi\/wp-json\/wp\/v2\/posts"}],"about":[{"href":"https:\/\/www.europesays.com\/fi\/wp-json\/wp\/v2\/types\/post"}],"author":[{"embeddable":true,"href":"https:\/\/www.europesays.com\/fi\/wp-json\/wp\/v2\/users\/2"}],"replies":[{"embeddable":true,"href":"https:\/\/www.europesays.com\/fi\/wp-json\/wp\/v2\/comments?post=105158"}],"version-history":[{"count":0,"href":"https:\/\/www.europesays.com\/fi\/wp-json\/wp\/v2\/posts\/105158\/revisions"}],"wp:featuredmedia":[{"embeddable":true,"href":"https:\/\/www.europesays.com\/fi\/wp-json\/wp\/v2\/media\/105159"}],"wp:attachment":[{"href":"https:\/\/www.europesays.com\/fi\/wp-json\/wp\/v2\/media?parent=105158"}],"wp:term":[{"taxonomy":"category","embeddable":true,"href":"https:\/\/www.europesays.com\/fi\/wp-json\/wp\/v2\/categories?post=105158"},{"taxonomy":"post_tag","embeddable":true,"href":"https:\/\/www.europesays.com\/fi\/wp-json\/wp\/v2\/tags?post=105158"}],"curies":[{"name":"wp","href":"https:\/\/api.w.org\/{rel}","templated":true}]}}