{"id":105160,"date":"2025-12-01T20:51:12","date_gmt":"2025-12-01T20:51:12","guid":{"rendered":"https:\/\/www.europesays.com\/fi\/105160\/"},"modified":"2025-12-01T20:51:12","modified_gmt":"2025-12-01T20:51:12","slug":"kartongin-ja-sellun-tuotanto-notkahti-keskikesan-jalkeen-metsa","status":"publish","type":"post","link":"https:\/\/www.europesays.com\/fi\/105160\/","title":{"rendered":"Kartongin ja sellun tuotanto notkahti keskikes\u00e4n j\u00e4lkeen &#8211; Mets\u00e4"},"content":{"rendered":"<p>Tehtaiden seisottaminen n\u00e4kyy tuotanto- ja vientilastoissa. Mets\u00e4teollisuuden tuotteita vietiin kolmella miljardilla eurolla hein\u00e4\u2013syyskuussa.<\/p>\n<p><a class=\"ArticleImage_imageContainer__e0EST\" href=\"https:\/\/www.europesays.com\/fi\/wp-content\/uploads\/2025\/12\/C8NqkcKc_NB-ZEB8jw4h34t_gKE.jpg\"><img decoding=\"async\" src=\"https:\/\/www.europesays.com\/fi\/wp-content\/uploads\/2025\/12\/C8NqkcKc_NB-ZEB8jw4h34t_gKE.jpg\" alt=\"Takon kartonkitehtaan koneet hiljeniv\u00e4t lopullisesti kes\u00e4kuussa.\" loading=\"lazy\"\/><\/a><\/p>\n<p>Takon kartonkitehtaan koneet hiljeniv\u00e4t lopullisesti kes\u00e4kuussa.\u00a0Kuva: Mets\u00e4 Board<\/p>\n<p class=\"RichTextParagraph_richTextParagraph__Wxs3t undefined\">Mets\u00e4teollisuuden tuotantom\u00e4\u00e4r\u00e4t Suomessa kasvoivat viel\u00e4 t\u00e4m\u00e4n vuoden ensimm\u00e4isell\u00e4 puoliskolla, mutta talouden ep\u00e4varmuus leikkasi tuotantoa vuoden kolmannella nelj\u00e4nneksell\u00e4.<\/p>\n<p class=\"RichTextParagraph_richTextParagraph__Wxs3t undefined\">Mets\u00e4teollisuuden etuj\u00e4rjest\u00f6n Mets\u00e4teollisuus ry:n mukaan alan kaikkien p\u00e4\u00e4tuoteryhmien tuotanto laski suhteessa edelliseen nelj\u00e4nnekseen ja viime vuoden vastaavaan nelj\u00e4nnekseen.<\/p>\n<p class=\"RichTextParagraph_richTextParagraph__Wxs3t undefined\">Hein\u00e4\u2013syyskuussa Suomessa tuotettiin paperia 0,7 miljoonaa tonnia. Tuotantom\u00e4\u00e4r\u00e4 laski 3,1 prosenttia vuoden 2024 vastaavasta ajanjaksosta.<\/p>\n<p class=\"RichTextParagraph_richTextParagraph__Wxs3t undefined\">Kartongin tuotantom\u00e4\u00e4r\u00e4 putosi 18,2 prosenttia vuotta aiemmasta. Kartonkia tuotettiin yhteens\u00e4 0,8 miljoonaa tonnia. Sellua valmistui 13,7 prosenttia v\u00e4hemm\u00e4n kuin vuosi sitten vastaavalla nelj\u00e4nneksell\u00e4, yhteens\u00e4 1,6 miljoonaa tonnia.<\/p>\n<p class=\"RichTextParagraph_richTextParagraph__Wxs3t undefined\">My\u00f6s sahatavaran tuotantom\u00e4\u00e4r\u00e4t laskivat. Sahatavaraa tuotettiin 2,5 miljoonaa kuutiometri\u00e4, mik\u00e4 on 3,9 prosenttia v\u00e4hemm\u00e4n edellisvuoden vastaavaan ajanjaksoon n\u00e4hden.<\/p>\n<p class=\"RichTextParagraph_richTextParagraph__Wxs3t undefined\">Tullin tuoreiden ulkomaankauppatilastojen mukaan mets\u00e4teollisuustuotteiden viennin arvo oli vuoden kolmannella nelj\u00e4nneksell\u00e4 kolme miljardia euroa. Massa- ja paperiteollisuuden vienti oli arvoltaan 2,1 miljardia euroa ja puutuoteteollisuuden mukaan lukien huonekalut 0,8 miljardia euroa.<\/p>\n<p class=\"RichTextParagraph_richTextParagraph__Wxs3t undefined\">Yhteens\u00e4 mets\u00e4teollisuuden viennin arvo laski kolmannella nelj\u00e4nneksell\u00e4 7,5 prosenttia vuoden 2024 vastaavasta ajankohdasta. T\u00e4m\u00e4 johtui erityisesti sellun ja kartongin viennin arvon laskusta.<\/p>\n","protected":false},"excerpt":{"rendered":"Tehtaiden seisottaminen n\u00e4kyy tuotanto- ja vientilastoissa. Mets\u00e4teollisuuden tuotteita vietiin kolmella miljardilla eurolla hein\u00e4\u2013syyskuussa. Takon kartonkitehtaan koneet hiljeniv\u00e4t lopullisesti&hellip;\n","protected":false},"author":2,"featured_media":105161,"comment_status":"","ping_status":"","sticky":false,"template":"","format":"standard","meta":{"footnotes":""},"categories":[5],"tags":[22,23,26,27,33,31,30,17,24,25,28,29,15,18,21,32,19,20,16],"class_list":{"0":"post-105160","1":"post","2":"type-post","3":"status-publish","4":"format-standard","5":"has-post-thumbnail","7":"category-otsikot","8":"tag-breaking-news","9":"tag-breakingnews","10":"tag-featured-news","11":"tag-featurednews","12":"tag-fi","13":"tag-finland","14":"tag-finnish","15":"tag-headlines","16":"tag-latest-news","17":"tag-latestnews","18":"tag-main-news","19":"tag-mainnews","20":"tag-news","21":"tag-otsikot","22":"tag-paauutiset","23":"tag-suomi","24":"tag-top-stories","25":"tag-topstories","26":"tag-uutiset"},"share_on_mastodon":{"url":"https:\/\/pubeurope.com\/@fi\/115646292572379850","error":""},"_links":{"self":[{"href":"https:\/\/www.europesays.com\/fi\/wp-json\/wp\/v2\/posts\/105160","targetHints":{"allow":["GET"]}}],"collection":[{"href":"https:\/\/www.europesays.com\/fi\/wp-json\/wp\/v2\/posts"}],"about":[{"href":"https:\/\/www.europesays.com\/fi\/wp-json\/wp\/v2\/types\/post"}],"author":[{"embeddable":true,"href":"https:\/\/www.europesays.com\/fi\/wp-json\/wp\/v2\/users\/2"}],"replies":[{"embeddable":true,"href":"https:\/\/www.europesays.com\/fi\/wp-json\/wp\/v2\/comments?post=105160"}],"version-history":[{"count":0,"href":"https:\/\/www.europesays.com\/fi\/wp-json\/wp\/v2\/posts\/105160\/revisions"}],"wp:featuredmedia":[{"embeddable":true,"href":"https:\/\/www.europesays.com\/fi\/wp-json\/wp\/v2\/media\/105161"}],"wp:attachment":[{"href":"https:\/\/www.europesays.com\/fi\/wp-json\/wp\/v2\/media?parent=105160"}],"wp:term":[{"taxonomy":"category","embeddable":true,"href":"https:\/\/www.europesays.com\/fi\/wp-json\/wp\/v2\/categories?post=105160"},{"taxonomy":"post_tag","embeddable":true,"href":"https:\/\/www.europesays.com\/fi\/wp-json\/wp\/v2\/tags?post=105160"}],"curies":[{"name":"wp","href":"https:\/\/api.w.org\/{rel}","templated":true}]}}