{"id":105167,"date":"2025-12-01T21:09:08","date_gmt":"2025-12-01T21:09:08","guid":{"rendered":"https:\/\/www.europesays.com\/fi\/105167\/"},"modified":"2025-12-01T21:09:08","modified_gmt":"2025-12-01T21:09:08","slug":"otettava-tosissaan-heti-kohta-jyllaa-tauti-joka-on-osalle-erityisen-vaikea","status":"publish","type":"post","link":"https:\/\/www.europesays.com\/fi\/105167\/","title":{"rendered":"&#8221;Otettava tosissaan heti&#8221; \u2013 Kohta jyll\u00e4\u00e4 tauti, joka on osalle erityisen vaikea"},"content":{"rendered":"<p>\t\t\t\t\t\t\t\t\tTerveys<\/p>\n<p>Influenssatartunnat ovat lis\u00e4\u00e4ntyneet Suomessa, mik\u00e4 tarkoittaa influenssakauden alkamista. Influenssa on kaikille ik\u00e4v\u00e4 sairaus, mutta yhdelle ryhm\u00e4lle se on erityisen haastava.<\/p>\n<p>Astmaatikolle influenssa voi olla hyvin hankala ja aiheuttaa vakavia oireita, muistuttaa Allergia-, iho- ja astmaliitto tiedotteessaan.<\/p>\n<p>J\u00e4rjest\u00f6n mukaan influenssa on otettava astmaatikkojen kohdalla tosissaan heti ensioireista l\u00e4htien. Tauti on syyt\u00e4 hoitaa huolellisesti.<\/p>\n<p>Liitto huomauttaa, ett\u00e4 influenssan lis\u00e4ksi my\u00f6s RS-virus ja korona voivat aiheuttaa astmaa sairastaville vakavan tautimuodon. <\/p>\n<p>RS-virukseen ja koronaan liittyy j\u00e4lkitautien riski, kuten keuhkokuume. Astmaatikoilla riski on muita suurempi. <\/p>\n<p>Korona ja RS-virus voivat my\u00f6s laukaista astman pahenemisvaiheen. Sill\u00e4 tarkoitetaan tilannetta, jossa oireet pahenevat merkitt\u00e4v\u00e4sti usean p\u00e4iv\u00e4n ajan. Tyypillisi\u00e4 oireita ovat hengenahdistus, uloshengityksen vaikeutuminen, pitkittynyt ysk\u00e4 ja limaisuus.<\/p>\n<p>\u2013 Mit\u00e4 paremmin sairaus hoidetaan jo heti alkuvaiheessa, sit\u00e4 pienempi on j\u00e4lkitautien riski, korostaa  asiantuntija <strong>Katariina Ij\u00e4s <\/strong>Allergia-, iho- ja astmaliitosta tiedotteessa.<\/p>\n<p>Astma on hengitysteiden tulehdustila. Suomessa sit\u00e4 sairastaa noin 300 000 ihmist\u00e4. Se on kolmanneksi yleisin kansansairaus.<\/p>\n<p>Liitto muistuttaa, ett\u00e4 astmaatikkojen on erityisen t\u00e4rke\u00e4\u00e4 huolehtia flunssan ja muiden tautien ehk\u00e4isyst\u00e4.<\/p>\n<p>Flunssaan sairastuessaan astmaatikon tulee noudattaa l\u00e4\u00e4k\u00e4rin antamia henkil\u00f6kohtaisia astman pahenemisvaiheen hoito-ohjeita. Kaikilla astmaa sairastavilla tulisi liiton mukaan olla t\u00e4llaiset ohjeet.<\/p>\n<p>\u2013 Yleinen suositus on lis\u00e4t\u00e4 avaavan l\u00e4\u00e4kkeen k\u00e4ytt\u00f6\u00e4 pahenemisvaiheessa. Jos selke\u00e4 lis\u00e4\u00e4minen ei auta ja oireet pahenevat tai vaikeutuvat tai yleiskunto heikkenee, on hakeuduttava l\u00e4\u00e4k\u00e4riin, Ij\u00e4s sanoo.<\/p>\n<p>Flunssaa helpottavat parhaiten lepo ja riitt\u00e4v\u00e4 juominen. <\/p>\n<p>Sitke\u00e4n liman poistoon voi tiedotteen mukaan k\u00e4ytt\u00e4\u00e4 pullopuhallusta muoviletkun ja vesipullon avulla tai erilaisia vastapainelaitteita. Vastapainepuhallus avaa keuhkoputkia ja edist\u00e4\u00e4 liman irtoamista.<\/p>\n<p>\u2013 Limaa kannattaa irrottaa ennen astmal\u00e4\u00e4kkeen ottamista, jotta l\u00e4\u00e4ke vaikuttaa tehokkaammin. Nen\u00e4n tukkoisuutta voi lievitt\u00e4\u00e4 huuhtomalla nen\u00e4\u00e4 suolavedell\u00e4 nen\u00e4kannun avulla. My\u00f6s h\u00f6yryhengitys voi helpottaa tukkoista oloa.<\/p>\n","protected":false},"excerpt":{"rendered":"Terveys Influenssatartunnat ovat lis\u00e4\u00e4ntyneet Suomessa, mik\u00e4 tarkoittaa influenssakauden alkamista. Influenssa on kaikille ik\u00e4v\u00e4 sairaus, mutta yhdelle ryhm\u00e4lle se&hellip;\n","protected":false},"author":2,"featured_media":105168,"comment_status":"","ping_status":"","sticky":false,"template":"","format":"standard","meta":{"footnotes":""},"categories":[165],"tags":[33,31,30,166,32,167],"class_list":{"0":"post-105167","1":"post","2":"type-post","3":"status-publish","4":"format-standard","5":"has-post-thumbnail","7":"category-terveys","8":"tag-fi","9":"tag-finland","10":"tag-finnish","11":"tag-health","12":"tag-suomi","13":"tag-terveys"},"share_on_mastodon":{"url":"https:\/\/pubeurope.com\/@fi\/115646363378020004","error":""},"_links":{"self":[{"href":"https:\/\/www.europesays.com\/fi\/wp-json\/wp\/v2\/posts\/105167","targetHints":{"allow":["GET"]}}],"collection":[{"href":"https:\/\/www.europesays.com\/fi\/wp-json\/wp\/v2\/posts"}],"about":[{"href":"https:\/\/www.europesays.com\/fi\/wp-json\/wp\/v2\/types\/post"}],"author":[{"embeddable":true,"href":"https:\/\/www.europesays.com\/fi\/wp-json\/wp\/v2\/users\/2"}],"replies":[{"embeddable":true,"href":"https:\/\/www.europesays.com\/fi\/wp-json\/wp\/v2\/comments?post=105167"}],"version-history":[{"count":0,"href":"https:\/\/www.europesays.com\/fi\/wp-json\/wp\/v2\/posts\/105167\/revisions"}],"wp:featuredmedia":[{"embeddable":true,"href":"https:\/\/www.europesays.com\/fi\/wp-json\/wp\/v2\/media\/105168"}],"wp:attachment":[{"href":"https:\/\/www.europesays.com\/fi\/wp-json\/wp\/v2\/media?parent=105167"}],"wp:term":[{"taxonomy":"category","embeddable":true,"href":"https:\/\/www.europesays.com\/fi\/wp-json\/wp\/v2\/categories?post=105167"},{"taxonomy":"post_tag","embeddable":true,"href":"https:\/\/www.europesays.com\/fi\/wp-json\/wp\/v2\/tags?post=105167"}],"curies":[{"name":"wp","href":"https:\/\/api.w.org\/{rel}","templated":true}]}}