{"id":105169,"date":"2025-12-01T21:10:11","date_gmt":"2025-12-01T21:10:11","guid":{"rendered":"https:\/\/www.europesays.com\/fi\/105169\/"},"modified":"2025-12-01T21:10:11","modified_gmt":"2025-12-01T21:10:11","slug":"oskari-laaksonen-palaa-luulajaan-perati-nelivuotisella-sopimuksella-tuntuu-uskomattoman-hyvalta-shl-01-12-2025-uutiset-jatkoaika-com","status":"publish","type":"post","link":"https:\/\/www.europesays.com\/fi\/105169\/","title":{"rendered":"Oskari Laaksonen palaa Luulajaan per\u00e4ti nelivuotisella sopimuksella \u2013 \u201dTuntuu uskomattoman hyv\u00e4lt\u00e4\u201d &#8211; SHL &#8211; 01.12.2025 &#8211; Uutiset &#8211; Jatkoaika.com"},"content":{"rendered":"<p>Hallitseva Ruotsin mestari Luulaja <a href=\"https:\/\/www.luleahockey.se\/article\/3a2at6l-30c4d\/view\" rel=\"nofollow noopener\" target=\"_blank\">saa tutun puolustajan takalinjoilleen<\/a>, kun\u00a0<strong>Oskari Laaksonen\u00a0<\/strong>palaa seuraan per\u00e4ti nelivuotisella sopimuksella.<\/p>\n<p>26-vuotias Laaksonen edusti joukkuetta kahdella edellisell\u00e4 sesongilla, joista j\u00e4lkimm\u00e4inen, kausi 2024\u201325, p\u00e4\u00e4ttyi kultamitaliin.<\/p>\n<p>\u2013 Tuntuu uskomattoman hyv\u00e4lt\u00e4 palata taas Luulajaan. Nautin sek\u00e4 kaupungista ett\u00e4 seurasta kovasti kahden edellisen SHL-kauteni aikana. Viime kev\u00e4\u00e4n mestaruus on vaikea uusia, mutta se on tietysti tavoitteemme, h\u00e4n kertoo tiedotteessa.<\/p>\n<p>Puolustaja pelasi alkukaudella EHC Biel-Bienness\u00e4 16 ottelua tehoin 0+4. Tie Sveitsin liigassa on kuitenkin ollut kivinen ja h\u00e4n on pelannut edellisen kerran 19. marraskuuta.<\/p>\n<p>\u2013 Tuntuu hienolta saada Oskari takaisin seuraan ja my\u00f6s se, ett\u00e4 olemme p\u00e4\u00e4sseet pitk\u00e4\u00e4n sopimukseen.\u00a0Emme ole aktiivisesti etsineet Oskarin tasoista pelaajaa, mutta kun tilaisuus yht\u00e4kki\u00e4 avautui, emme ep\u00e4r\u00f6ineet, varsinkin kun h\u00e4n pystyy auttamaan meit\u00e4 sek\u00e4 t\u00e4ll\u00e4 kaudella ett\u00e4 pidemm\u00e4ll\u00e4 aikav\u00e4lill\u00e4, toimitusjohtaja\u00a0<strong>Thomas Fr\u00f6berg<\/strong> kertoo.<\/p>\n","protected":false},"excerpt":{"rendered":"Hallitseva Ruotsin mestari Luulaja saa tutun puolustajan takalinjoilleen, kun\u00a0Oskari Laaksonen\u00a0palaa seuraan per\u00e4ti nelivuotisella sopimuksella. 26-vuotias Laaksonen edusti joukkuetta&hellip;\n","protected":false},"author":2,"featured_media":105170,"comment_status":"","ping_status":"","sticky":false,"template":"","format":"standard","meta":{"footnotes":""},"categories":[158],"tags":[33,31,30,19863,159,32,160],"class_list":{"0":"post-105169","1":"post","2":"type-post","3":"status-publish","4":"format-standard","5":"has-post-thumbnail","7":"category-urheilu","8":"tag-fi","9":"tag-finland","10":"tag-finnish","11":"tag-oskari-laaksonen-palaa-luulajaan-perati-nelivuotisella-sopimuksella-tuntuu-uskomattoman-hyvalta-shl-01-12-2025-uutiset-jatkoaika-com-kaikki-jaakiekosta","12":"tag-sports","13":"tag-suomi","14":"tag-urheilu"},"share_on_mastodon":{"url":"https:\/\/pubeurope.com\/@fi\/115646367236979717","error":""},"_links":{"self":[{"href":"https:\/\/www.europesays.com\/fi\/wp-json\/wp\/v2\/posts\/105169","targetHints":{"allow":["GET"]}}],"collection":[{"href":"https:\/\/www.europesays.com\/fi\/wp-json\/wp\/v2\/posts"}],"about":[{"href":"https:\/\/www.europesays.com\/fi\/wp-json\/wp\/v2\/types\/post"}],"author":[{"embeddable":true,"href":"https:\/\/www.europesays.com\/fi\/wp-json\/wp\/v2\/users\/2"}],"replies":[{"embeddable":true,"href":"https:\/\/www.europesays.com\/fi\/wp-json\/wp\/v2\/comments?post=105169"}],"version-history":[{"count":0,"href":"https:\/\/www.europesays.com\/fi\/wp-json\/wp\/v2\/posts\/105169\/revisions"}],"wp:featuredmedia":[{"embeddable":true,"href":"https:\/\/www.europesays.com\/fi\/wp-json\/wp\/v2\/media\/105170"}],"wp:attachment":[{"href":"https:\/\/www.europesays.com\/fi\/wp-json\/wp\/v2\/media?parent=105169"}],"wp:term":[{"taxonomy":"category","embeddable":true,"href":"https:\/\/www.europesays.com\/fi\/wp-json\/wp\/v2\/categories?post=105169"},{"taxonomy":"post_tag","embeddable":true,"href":"https:\/\/www.europesays.com\/fi\/wp-json\/wp\/v2\/tags?post=105169"}],"curies":[{"name":"wp","href":"https:\/\/api.w.org\/{rel}","templated":true}]}}