{"id":105173,"date":"2025-12-01T21:15:08","date_gmt":"2025-12-01T21:15:08","guid":{"rendered":"https:\/\/www.europesays.com\/fi\/105173\/"},"modified":"2025-12-01T21:15:08","modified_gmt":"2025-12-01T21:15:08","slug":"valkoisen-talon-mukaan-kaksoisiskusta-veneeseen-paatti-amiraali-ei-puolustusministeri-hegseth-uutissuomalainen","status":"publish","type":"post","link":"https:\/\/www.europesays.com\/fi\/105173\/","title":{"rendered":"Valkoisen talon mukaan kaksoisiskusta veneeseen p\u00e4\u00e4tti amiraali, ei puolustusministeri Hegseth | Uutissuomalainen"},"content":{"rendered":"<p>Yhdysvalloissa hallinto puolustautuu arvostelulta, joka liittyy asevoimien Karibianmerell\u00e4 syyskuussa tekem\u00e4\u00e4n veneiskuun. <\/p>\n<p><a href=\"https:\/\/www.washingtonpost.com\/national-security\/2025\/11\/28\/hegseth-kill-them-all-survivors-boat-strike\/\" rel=\"nofollow noopener\" target=\"_blank\">Washington Postin<\/a> mukaan puolustusministeri Pete Hegseth oli m\u00e4\u00e4r\u00e4nnyt yksiselitteisesti asevoimat tappamaan kaikki veneess\u00e4 olijat. Lehden mukaan m\u00e4\u00e4r\u00e4yst\u00e4 noudattaakseen asevoimat teki toisen iskun, jolla pyrittiin tappamaan ensimm\u00e4isest\u00e4 iskusta selviytyneet.<\/p>\n<p>Useat lains\u00e4\u00e4t\u00e4j\u00e4t pit\u00e4v\u00e4t tekoa mahdollisena sotarikoksena, kertoo <a href=\"https:\/\/www.nytimes.com\/2025\/11\/30\/us\/politics\/trump-boat-strikes-war-crime.html\" rel=\"nofollow noopener\" target=\"_blank\">New York Times<\/a>. <\/p>\n<p>Valkoinen talo sanoo, ett\u00e4 p\u00e4\u00e4t\u00f6ksen iskusta teki Yhdysvaltain erikoisoperaatioiden esikunnan johtaja, amiraali Frank Bradley. Valkoinen talo puolusti Bradleyn toimineen laillisesti.<\/p>\n<p>\u2013\u2009H\u00e4n toimi t\u00e4ysin toimivaltuuksiensa ja lain puitteissa ohjatessaan toimintaa veneen tuhoamiseksi ja Yhdysvaltoihin kohdistuneen uhkan eliminoimiseksi, sanoi Valkoisen talon lehdist\u00f6sihteeri Karoline Leavitt.<\/p>\n<p>Kaksoisiskussa kuoli yhteens\u00e4 11 ihmist\u00e4. Syyskuun isku oli ensimm\u00e4inen Yhdysvaltain kuukausia jatkamista iskuista, joiden kohteina ovat olleet v\u00e4itetyt huumeiden salakuljettajat. Iskuissa Yhdysvallat on tappanut yli 80 ihmist\u00e4.<\/p>\n<p>\t\t\t\tLaitonta toimintaa sodassakin<\/p>\n<p>Presidentti Donald Trumpin hallinto on rinnastanut huumekartellit terroristij\u00e4rjest\u00f6ihin, joita vastaan voidaan k\u00e4ytt\u00e4\u00e4 sotatoimia. Lakiasiantuntijoiden mukaan t\u00e4m\u00e4 perustelu on hutera.<\/p>\n<p>Vaikka Trumpin hallinnon perustelut veneiskuille hyv\u00e4ksyisi ja huumekartelleja kohdeltaisiin kuin vihollisarmeijaa, olisi syyskuussa tehty isku silti ollut lainvastainen, kertoi Washington Postille entinen asevoimien asianajaja Todd Huntley.<\/p>\n<p>\u2013\u2009Teko vastaa m\u00e4\u00e4r\u00e4yst\u00e4 olla ottamatta vankeja, mik\u00e4 on sotarikos, Huntley sanoi lehdelle.<\/p>\n<p>M\u00e4\u00e4r\u00e4ys tappaa kaikki viholliset riippumatta siit\u00e4, ovatko he antautuneet tai muuten avuttomia esimerkiksi merih\u00e4d\u00e4n vuoksi, on kielletty <a href=\"https:\/\/ihl-databases.icrc.org\/en\/ihl-treaties\/hague-conv-iv-1907\/regulations-art-23\" rel=\"nofollow noopener\" target=\"_blank\">Geneven sopimuksissa<\/a>. Periaate on yksi kansainv\u00e4lisen oikeuden ja sodank\u00e4ynnin s\u00e4\u00e4nt\u00f6jen kulmakivist\u00e4. <\/p>\n<p>Yhdysvaltain puolustusministeri\u00f6n <a href=\"https:\/\/ogc.osd.mil\/Portals\/99\/department_of_defense_law_of_war_manual.pdf\" rel=\"nofollow noopener\" target=\"_blank\">oma k\u00e4sikirja<\/a> sodank\u00e4ynnin s\u00e4\u00e4nn\u00f6ist\u00e4 k\u00e4ytt\u00e4\u00e4 m\u00e4\u00e4r\u00e4yst\u00e4 hy\u00f6k\u00e4t\u00e4 haaksirikkoutuneiden kimppuun esimerkkin\u00e4 selv\u00e4sti laittomasta k\u00e4skyst\u00e4. K\u00e4sikirjassa haaksirikkoutuneiden erityisasema mainitaan satoja kertoja.<\/p>\n<p>Hegseth on kiist\u00e4nyt julkisuudessa m\u00e4\u00e4r\u00e4yksen antamisen, ja presidentti Trump on sanonut uskovansa puolustusministeri\u00e4\u00e4n, kertoi muun muassa <a href=\"https:\/\/eu.usatoday.com\/story\/news\/world\/2025\/12\/01\/trump-hegseth-drug-boat-strike\/87547416007\/\" rel=\"nofollow noopener\" target=\"_blank\">USA Today<\/a>.<\/p>\n<p>\t\t\t\tVenezuela t\u00e4ht\u00e4imess\u00e4<\/p>\n<p>Yhdysvaltain veneiskut ovat olleet osa kiristyvi\u00e4 j\u00e4nnitteit\u00e4 Latinalaisessa Amerikassa. Trumpin hallinnon hampaissa on ollut erityisesti Venezuela ja sen presidentti Nicolas Maduro.<\/p>\n<p>Maanantaina Valkoisen talon lehdist\u00f6sihteeri Leavitt vahvisti, ett\u00e4 presidentti Trump on tapaamassa kansallisen turvallisuuden tiimi\u00e4\u00e4n keskustellakseen muun muassa Venezuelasta.<\/p>\n<p>Trump on aiemmin varoittanut Yhdysvaltojen k\u00e4ynnist\u00e4v\u00e4n Venezuelassa mahdollisia maaoperaatioita v\u00e4itetyn huumeiden salakuljetuksen kitkemiseksi.<\/p>\n<p>Trump ilmoitti viikonloppuna haluavansa lentoliikenteen lakkaavan Venezuelan ja sen ymp\u00e4rist\u00f6n ilmatilassa. H\u00e4n osoitti viestins\u00e4 kaikille lentoyhti\u00f6ille ja maan ilmatilan k\u00e4ytt\u00e4jille.<\/p>\n<p>&#8212;<\/p>\n<p>L\u00e4hteen\u00e4 my\u00f6s AFP.<\/p>\n<p>L\u00e4hteen\u00e4 my\u00f6s AFP.<\/p>\n","protected":false},"excerpt":{"rendered":"Yhdysvalloissa hallinto puolustautuu arvostelulta, joka liittyy asevoimien Karibianmerell\u00e4 syyskuussa tekem\u00e4\u00e4n veneiskuun. Washington Postin mukaan puolustusministeri Pete Hegseth oli&hellip;\n","protected":false},"author":2,"featured_media":105174,"comment_status":"","ping_status":"","sticky":false,"template":"","format":"standard","meta":{"footnotes":""},"categories":[14],"tags":[22,23,585,26,27,33,31,30,17,24,25,28,29,15,18,21,142,637,144,32,19,20,56,16,638,59,60,61,143,146],"class_list":{"0":"post-105173","1":"post","2":"type-post","3":"status-publish","4":"format-standard","5":"has-post-thumbnail","7":"category-ulkomaat","8":"tag-breaking-news","9":"tag-breakingnews","10":"tag-donald-trump","11":"tag-featured-news","12":"tag-featurednews","13":"tag-fi","14":"tag-finland","15":"tag-finnish","16":"tag-headlines","17":"tag-latest-news","18":"tag-latestnews","19":"tag-main-news","20":"tag-mainnews","21":"tag-news","22":"tag-otsikot","23":"tag-paauutiset","24":"tag-poliitikot","25":"tag-politiikka","26":"tag-presidentti","27":"tag-suomi","28":"tag-top-stories","29":"tag-topstories","30":"tag-ulkomaat","31":"tag-uutiset","32":"tag-valtiovalta","33":"tag-world","34":"tag-world-news","35":"tag-worldnews","36":"tag-yhdysvaltain-politiikka","37":"tag-yhdysvaltain-presidentti"},"share_on_mastodon":{"url":"https:\/\/pubeurope.com\/@fi\/115646387009599407","error":""},"_links":{"self":[{"href":"https:\/\/www.europesays.com\/fi\/wp-json\/wp\/v2\/posts\/105173","targetHints":{"allow":["GET"]}}],"collection":[{"href":"https:\/\/www.europesays.com\/fi\/wp-json\/wp\/v2\/posts"}],"about":[{"href":"https:\/\/www.europesays.com\/fi\/wp-json\/wp\/v2\/types\/post"}],"author":[{"embeddable":true,"href":"https:\/\/www.europesays.com\/fi\/wp-json\/wp\/v2\/users\/2"}],"replies":[{"embeddable":true,"href":"https:\/\/www.europesays.com\/fi\/wp-json\/wp\/v2\/comments?post=105173"}],"version-history":[{"count":0,"href":"https:\/\/www.europesays.com\/fi\/wp-json\/wp\/v2\/posts\/105173\/revisions"}],"wp:featuredmedia":[{"embeddable":true,"href":"https:\/\/www.europesays.com\/fi\/wp-json\/wp\/v2\/media\/105174"}],"wp:attachment":[{"href":"https:\/\/www.europesays.com\/fi\/wp-json\/wp\/v2\/media?parent=105173"}],"wp:term":[{"taxonomy":"category","embeddable":true,"href":"https:\/\/www.europesays.com\/fi\/wp-json\/wp\/v2\/categories?post=105173"},{"taxonomy":"post_tag","embeddable":true,"href":"https:\/\/www.europesays.com\/fi\/wp-json\/wp\/v2\/tags?post=105173"}],"curies":[{"name":"wp","href":"https:\/\/api.w.org\/{rel}","templated":true}]}}