{"id":105175,"date":"2025-12-01T21:16:09","date_gmt":"2025-12-01T21:16:09","guid":{"rendered":"https:\/\/www.europesays.com\/fi\/105175\/"},"modified":"2025-12-01T21:16:09","modified_gmt":"2025-12-01T21:16:09","slug":"lastenjuhlien-ampumisessa-kuoli-kolme-lasta-kaliforniassa","status":"publish","type":"post","link":"https:\/\/www.europesays.com\/fi\/105175\/","title":{"rendered":"Lastenjuhlien ampumisessa kuoli kolme lasta Kaliforniassa"},"content":{"rendered":"<p>\n\tSTT\t1.12.2025 18:44, muokattu<br \/>\n\t1.12.2025 18:47\n<\/p>\n<p>\t\t\t\t\t\t\t\t\tUlkomaat<\/p>\n<p>Yhdysvaltain Kaliforniassa lauantaina tapahtuneen ampumisen nelj\u00e4st\u00e4 kuolonuhrista kolme oli lapsia, kertoivat viranomaiset.\u00a0<\/p>\n<p>Paikallisen sheriffin mukaan kuolonuhreista kaksi oli alle kymmenvuotiaita ja yksi teini-ik\u00e4inen. Nelj\u00e4s oli parikymppinen. Lis\u00e4ksi ampumisessa haavoittui 11 ihmist\u00e4.<\/p>\n<p>Ampuminen tapahtui juhlasalissa, jossa oli Stocktonin apulaispormestarin <a href=\"https:\/\/www.facebook.com\/iamjasonlee\/posts\/pfbid02vA24y7J6venC1Yr2PMBuBMjLrNSj1AgDRC5bwGZo57vQZX3TNTt8gwrTumcwweqsl\" target=\"_blank\" rel=\"nofollow noopener\">mukaan<\/a> menossa lapsen syntym\u00e4p\u00e4iv\u00e4juhla.<\/p>\n<p>Tapauksen vuoksi ei ole tehty kiinniottoja. Viranomaisten mukaan ampujia voi olla enemm\u00e4n kuin yksi. Alustavien tietojen mukaan veriteolla saattaa olla kytk\u00f6ksi\u00e4 jengirikollisuuteen.<\/p>\n<p>Yhdysvalloissa on kuluvana vuonna tapahtunut yli 500 joukkoampumista, kertoo asev\u00e4kivaltaa tilastoiva Gun Violence Archive -j\u00e4rjest\u00f6, jonka m\u00e4\u00e4ritelm\u00e4 kattaa veriteot, joissa kuolee v\u00e4hint\u00e4\u00e4n nelj\u00e4 ihmist\u00e4.<\/p>\n","protected":false},"excerpt":{"rendered":"STT 1.12.2025 18:44, muokattu 1.12.2025 18:47 Ulkomaat Yhdysvaltain Kaliforniassa lauantaina tapahtuneen ampumisen nelj\u00e4st\u00e4 kuolonuhrista kolme oli lapsia, kertoivat&hellip;\n","protected":false},"author":2,"featured_media":105176,"comment_status":"","ping_status":"","sticky":false,"template":"","format":"standard","meta":{"footnotes":""},"categories":[12],"tags":[22,23,26,27,33,31,30,17,24,25,28,29,15,18,21,32,19,20,16],"class_list":{"0":"post-105175","1":"post","2":"type-post","3":"status-publish","4":"format-standard","5":"has-post-thumbnail","7":"category-suomi","8":"tag-breaking-news","9":"tag-breakingnews","10":"tag-featured-news","11":"tag-featurednews","12":"tag-fi","13":"tag-finland","14":"tag-finnish","15":"tag-headlines","16":"tag-latest-news","17":"tag-latestnews","18":"tag-main-news","19":"tag-mainnews","20":"tag-news","21":"tag-otsikot","22":"tag-paauutiset","23":"tag-suomi","24":"tag-top-stories","25":"tag-topstories","26":"tag-uutiset"},"share_on_mastodon":{"url":"https:\/\/pubeurope.com\/@fi\/115646390939638910","error":""},"_links":{"self":[{"href":"https:\/\/www.europesays.com\/fi\/wp-json\/wp\/v2\/posts\/105175","targetHints":{"allow":["GET"]}}],"collection":[{"href":"https:\/\/www.europesays.com\/fi\/wp-json\/wp\/v2\/posts"}],"about":[{"href":"https:\/\/www.europesays.com\/fi\/wp-json\/wp\/v2\/types\/post"}],"author":[{"embeddable":true,"href":"https:\/\/www.europesays.com\/fi\/wp-json\/wp\/v2\/users\/2"}],"replies":[{"embeddable":true,"href":"https:\/\/www.europesays.com\/fi\/wp-json\/wp\/v2\/comments?post=105175"}],"version-history":[{"count":0,"href":"https:\/\/www.europesays.com\/fi\/wp-json\/wp\/v2\/posts\/105175\/revisions"}],"wp:featuredmedia":[{"embeddable":true,"href":"https:\/\/www.europesays.com\/fi\/wp-json\/wp\/v2\/media\/105176"}],"wp:attachment":[{"href":"https:\/\/www.europesays.com\/fi\/wp-json\/wp\/v2\/media?parent=105175"}],"wp:term":[{"taxonomy":"category","embeddable":true,"href":"https:\/\/www.europesays.com\/fi\/wp-json\/wp\/v2\/categories?post=105175"},{"taxonomy":"post_tag","embeddable":true,"href":"https:\/\/www.europesays.com\/fi\/wp-json\/wp\/v2\/tags?post=105175"}],"curies":[{"name":"wp","href":"https:\/\/api.w.org\/{rel}","templated":true}]}}