{"id":105177,"date":"2025-12-01T21:17:10","date_gmt":"2025-12-01T21:17:10","guid":{"rendered":"https:\/\/www.europesays.com\/fi\/105177\/"},"modified":"2025-12-01T21:17:10","modified_gmt":"2025-12-01T21:17:10","slug":"kehonrakentaja-puuttui-miesten-kaytokseen-hakattiin-kuoliaaksi","status":"publish","type":"post","link":"https:\/\/www.europesays.com\/fi\/105177\/","title":{"rendered":"Kehonrakentaja puuttui miesten k\u00e4yt\u00f6kseen \u2013 Hakattiin kuoliaaksi"},"content":{"rendered":"<p>Lihaskimppu ei mahtanut mit\u00e4\u00e4n joukolle, jonka koon poliisi arvioi yli tusinaksi.<\/p>\n<p class=\"paragraph\">Joukko miehi\u00e4 hakkasi kehonrakentajan kuoliaaksi h\u00e4\u00e4juhlassa tapahtuneen suukovun  vuoksi, poliisi kertoi Intiassa.<\/p>\n<p class=\"paragraph\">Poliisin mukaan joukko nuoria miehi\u00e4 oli ottanut selfieit\u00e4 tilassa, jossa h\u00e4\u00e4t j\u00e4rjestettiin, kun heit\u00e4 pyydettiin siirtym\u00e4\u00e4n, jotta naiset p\u00e4\u00e4sisiv\u00e4t kulkemaan heid\u00e4n ohitseen. Poliisin mukaan t\u00e4st\u00e4 syntyi riita h\u00e4iss\u00e4 vieraana olleen kehonrakentajan <strong>Rohit Dhankharin<\/strong> ja nuorten miesten v\u00e4lill\u00e4.<\/p>\n<p class=\"paragraph\">Dhankharin yst\u00e4v\u00e4n mukaan he joutuivat rajun hy\u00f6kk\u00e4yksen kohteeksi h\u00e4ist\u00e4 poistuttuaan. Dhankhar ja yst\u00e4v\u00e4 yrittiv\u00e4t paeta autolla, mutta tie tyss\u00e4si rautatien ylityskohtaan, joka oli suljettu. Yst\u00e4v\u00e4n mukaan miesjoukko raahasi Dhankharin ulos autosta ja hakkasi t\u00e4m\u00e4n kepeill\u00e4 ja maahockeymailoilla.<\/p>\n<p class=\"paragraph\">Dhankhar kiid\u00e4tettiin sairaalaan, miss\u00e4 h\u00e4n kuoli lauantaina.<\/p>\n<p class=\"paragraph\">\u2013\u2009Olimme h\u00e4iss\u00e4. Kohtasimme ihmisi\u00e4, jotka k\u00e4yttiv\u00e4t sopimatonta kielt\u00e4. Huomautimme, ett\u00e4 paikalla on tytt\u00f6j\u00e4. Tunnin p\u00e4\u00e4st\u00e4, kun l\u00e4hdimme, he iskiv\u00e4t, yst\u00e4v\u00e4 sanoi.<\/p>\n<p class=\"paragraph\">Tapahtumien kulku ei ole ainakaan julkisuudessa t\u00e4ysin selv\u00e4. Kehonrakentajan perhe on sanonut, ett\u00e4 miehen kimppuun hy\u00f6k\u00e4ttiin, koska t\u00e4m\u00e4 oli vastustanut naisten h\u00e4irint\u00e4\u00e4.<\/p>\n<p class=\"paragraph\"><a href=\"https:\/\/timesofindia.indiatimes.com\/city\/chandigarh\/para-athlete-attacked-for-taking-on-group-harassing-women-dies\/articleshow\/125680598.cms\" target=\"_blank\" rel=\"noopener nofollow\">Times of India<\/a> -lehden mukaan Dhankhar, jolla oli vamma oikeassa jalassaan, kilpaili paraurheilijana voimanostossa ja ty\u00f6skenteli kuntovalmentajana.<\/p>\n","protected":false},"excerpt":{"rendered":"Lihaskimppu ei mahtanut mit\u00e4\u00e4n joukolle, jonka koon poliisi arvioi yli tusinaksi. Joukko miehi\u00e4 hakkasi kehonrakentajan kuoliaaksi h\u00e4\u00e4juhlassa tapahtuneen&hellip;\n","protected":false},"author":2,"featured_media":105178,"comment_status":"","ping_status":"","sticky":false,"template":"","format":"standard","meta":{"footnotes":""},"categories":[5],"tags":[35,22,23,26,27,33,31,30,17,55,24,25,41,28,29,15,18,21,54,52,103,32,19,20,16],"class_list":{"0":"post-105177","1":"post","2":"type-post","3":"status-publish","4":"format-standard","5":"has-post-thumbnail","7":"category-otsikot","8":"tag-24h","9":"tag-breaking-news","10":"tag-breakingnews","11":"tag-featured-news","12":"tag-featurednews","13":"tag-fi","14":"tag-finland","15":"tag-finnish","16":"tag-headlines","17":"tag-lainvalvonta","18":"tag-latest-news","19":"tag-latestnews","20":"tag-liikunta-ja-urheilu","21":"tag-main-news","22":"tag-mainnews","23":"tag-news","24":"tag-otsikot","25":"tag-paauutiset","26":"tag-pelastuspalvelut","27":"tag-poliisi","28":"tag-sosiaalikysymykset","29":"tag-suomi","30":"tag-top-stories","31":"tag-topstories","32":"tag-uutiset"},"share_on_mastodon":{"url":"https:\/\/pubeurope.com\/@fi\/115646394735772955","error":""},"_links":{"self":[{"href":"https:\/\/www.europesays.com\/fi\/wp-json\/wp\/v2\/posts\/105177","targetHints":{"allow":["GET"]}}],"collection":[{"href":"https:\/\/www.europesays.com\/fi\/wp-json\/wp\/v2\/posts"}],"about":[{"href":"https:\/\/www.europesays.com\/fi\/wp-json\/wp\/v2\/types\/post"}],"author":[{"embeddable":true,"href":"https:\/\/www.europesays.com\/fi\/wp-json\/wp\/v2\/users\/2"}],"replies":[{"embeddable":true,"href":"https:\/\/www.europesays.com\/fi\/wp-json\/wp\/v2\/comments?post=105177"}],"version-history":[{"count":0,"href":"https:\/\/www.europesays.com\/fi\/wp-json\/wp\/v2\/posts\/105177\/revisions"}],"wp:featuredmedia":[{"embeddable":true,"href":"https:\/\/www.europesays.com\/fi\/wp-json\/wp\/v2\/media\/105178"}],"wp:attachment":[{"href":"https:\/\/www.europesays.com\/fi\/wp-json\/wp\/v2\/media?parent=105177"}],"wp:term":[{"taxonomy":"category","embeddable":true,"href":"https:\/\/www.europesays.com\/fi\/wp-json\/wp\/v2\/categories?post=105177"},{"taxonomy":"post_tag","embeddable":true,"href":"https:\/\/www.europesays.com\/fi\/wp-json\/wp\/v2\/tags?post=105177"}],"curies":[{"name":"wp","href":"https:\/\/api.w.org\/{rel}","templated":true}]}}