{"id":105179,"date":"2025-12-01T21:29:10","date_gmt":"2025-12-01T21:29:10","guid":{"rendered":"https:\/\/www.europesays.com\/fi\/105179\/"},"modified":"2025-12-01T21:29:10","modified_gmt":"2025-12-01T21:29:10","slug":"ray-jta-syytetaan-ex-vaimonsa-uhkailusta","status":"publish","type":"post","link":"https:\/\/www.europesays.com\/fi\/105179\/","title":{"rendered":"Ray J:t\u00e4 syytet\u00e4\u00e4n ex-vaimonsa uhkailusta"},"content":{"rendered":"<p>Ray J:n v\u00e4itet\u00e4\u00e4n uhanneen aseella ex-vaimoaan Princess Lovea livestriimin aikana syntyneen riidan seurauksena.<\/p>\n<p class=\"article-body mb-nof-24 px-nof-16\">Hip-hop-artisti <a class=\"article-personlink\" href=\"https:\/\/www.is.fi\/haku\/?query=Ray%20J\" rel=\"nofollow noopener\" target=\"_blank\">Ray J<\/a> vangittiin ja h\u00e4nt\u00e4 syytet\u00e4\u00e4n laittomasta uhkauksesta, joka tapahtui 27. marraskuuta l\u00e4hetetyn livestriimin aikana. Mies vapautettiin my\u00f6hemmin samana p\u00e4iv\u00e4n\u00e4 50\u00a0000 dollarin takuita vastaan, <a class=\"article-genericlink\" href=\"https:\/\/people.com\/ray-j-arrested-after-allegedly-pulling-gun-on-ex-princess-love-in-livestream-11858486?utm_source=chatgpt.com\" rel=\"nofollow noopener\" target=\"_blank\">People-lehti<\/a> kertoo.<\/p>\n<p class=\"article-body mb-nof-24 px-nof-16\">Sosiaalisessa mediassa jaetussa videomateriaalissa n\u00e4kyy kiihke\u00e4 tilanne, jossa Ray J ja h\u00e4nen ex-puolisonsa<a class=\"article-personlink\" href=\"https:\/\/www.is.fi\/haku\/?query=%20Princess%20Love\" rel=\"nofollow noopener\" target=\"_blank\"> Princess Love<\/a> riitelev\u00e4t. Ray J syytt\u00e4\u00e4 ex-puolisoaan siit\u00e4, ett\u00e4 t\u00e4m\u00e4 aikoisi ajaa humalassa.<\/p>\n<p class=\"article-body mb-nof-24 px-nof-16\">\u2013 Ray, sin\u00e4 osoitit juuri aseella, Love toteaa videolla pit\u00e4en pariskunnan tyt\u00e4rt\u00e4 syliss\u00e4\u00e4n.<\/p>\n<p class=\"article-body mb-nof-24 px-nof-16\">\u2013 Aja humalassa, Princess. Mene vain. Haluatko vied\u00e4 lapseni? Sin\u00e4 ja sinun humalaiset serkkusi, Ray J vastaa.<\/p>\n<p class=\"article-body mb-nof-24 px-nof-16\">My\u00f6hemmin Ray J kutsuu Lovea ja t\u00e4m\u00e4n serkkuja alkoholisteiksi. H\u00e4n kysyy, kuka ajaa, jos he l\u00e4htev\u00e4t kotoa?<\/p>\n<p class=\"article-body mb-nof-24 px-nof-16\">\u2013 En min\u00e4 aja! Sin\u00e4 osoitit meit\u00e4 juuri aseella, Love vastaa.<\/p>\n<p class=\"article-body mb-nof-24 px-nof-16\">\u2013 En osoittanut teit\u00e4 mill\u00e4\u00e4n, Ray J v\u00e4itt\u00e4\u00e4.<\/p>\n<p class=\"article-body mb-nof-24 px-nof-16\">Kiihke\u00e4 sanaharkka jatkuu ja Love kutsuu laulajaa naisten pahoinpitelij\u00e4ksi.<\/p>\n<p class=\"article-body mb-nof-24 px-nof-16\">\u2013 Soitin poliisille, Loven kuullaan my\u00f6hemmin sanovan Ray J:lle, mik\u00e4 saa t\u00e4m\u00e4n vastaamaan:<\/p>\n<p class=\"article-body mb-nof-24 px-nof-16\">&#8211; Ammun v***n poliisit.<\/p>\n","protected":false},"excerpt":{"rendered":"Ray J:n v\u00e4itet\u00e4\u00e4n uhanneen aseella ex-vaimoaan Princess Lovea livestriimin aikana syntyneen riidan seurauksena. Hip-hop-artisti Ray J vangittiin ja&hellip;\n","protected":false},"author":2,"featured_media":105180,"comment_status":"","ping_status":"","sticky":false,"template":"","format":"standard","meta":{"footnotes":""},"categories":[136],"tags":[407,137,33,31,30,34,408,32,109],"class_list":{"0":"post-105179","1":"post","2":"type-post","3":"status-publish","4":"format-standard","5":"has-post-thumbnail","7":"category-julkkikset","8":"tag-celebrities","9":"tag-entertainment","10":"tag-fi","11":"tag-finland","12":"tag-finnish","13":"tag-ilta-sanomat","14":"tag-julkkikset","15":"tag-suomi","16":"tag-viihde"},"share_on_mastodon":{"url":"https:\/\/pubeurope.com\/@fi\/115646441982960046","error":""},"_links":{"self":[{"href":"https:\/\/www.europesays.com\/fi\/wp-json\/wp\/v2\/posts\/105179","targetHints":{"allow":["GET"]}}],"collection":[{"href":"https:\/\/www.europesays.com\/fi\/wp-json\/wp\/v2\/posts"}],"about":[{"href":"https:\/\/www.europesays.com\/fi\/wp-json\/wp\/v2\/types\/post"}],"author":[{"embeddable":true,"href":"https:\/\/www.europesays.com\/fi\/wp-json\/wp\/v2\/users\/2"}],"replies":[{"embeddable":true,"href":"https:\/\/www.europesays.com\/fi\/wp-json\/wp\/v2\/comments?post=105179"}],"version-history":[{"count":0,"href":"https:\/\/www.europesays.com\/fi\/wp-json\/wp\/v2\/posts\/105179\/revisions"}],"wp:featuredmedia":[{"embeddable":true,"href":"https:\/\/www.europesays.com\/fi\/wp-json\/wp\/v2\/media\/105180"}],"wp:attachment":[{"href":"https:\/\/www.europesays.com\/fi\/wp-json\/wp\/v2\/media?parent=105179"}],"wp:term":[{"taxonomy":"category","embeddable":true,"href":"https:\/\/www.europesays.com\/fi\/wp-json\/wp\/v2\/categories?post=105179"},{"taxonomy":"post_tag","embeddable":true,"href":"https:\/\/www.europesays.com\/fi\/wp-json\/wp\/v2\/tags?post=105179"}],"curies":[{"name":"wp","href":"https:\/\/api.w.org\/{rel}","templated":true}]}}