{"id":105188,"date":"2025-12-01T21:41:09","date_gmt":"2025-12-01T21:41:09","guid":{"rendered":"https:\/\/www.europesays.com\/fi\/105188\/"},"modified":"2025-12-01T21:41:09","modified_gmt":"2025-12-01T21:41:09","slug":"venaja-valtasi-marraskuussa-ukrainan-alueita-entista-enemman-ja-nopeammin","status":"publish","type":"post","link":"https:\/\/www.europesays.com\/fi\/105188\/","title":{"rendered":"Ven\u00e4j\u00e4 valtasi marraskuussa Ukrainan alueita entist\u00e4 enemm\u00e4n ja nopeammin"},"content":{"rendered":"<p>Ven\u00e4j\u00e4 eteni Ukrainassa marraskuussa enemm\u00e4n kuukaudessa kuin kertaakaan viimeisimm\u00e4n vuoden aikana. Asia k\u00e4y ilmi uutistoimisto AFP:n analyysista, joka pohjaa yhdysvaltalaisen ajatushautomo ISW:n dataan.<\/p>\n<p>Yhteens\u00e4 Ven\u00e4j\u00e4 valtasi marraskuussa hieman yli 700 neli\u00f6kilometri\u00e4 Ukrainan alueita. Zaporizhzhjan alueella Ven\u00e4j\u00e4 valtasi yli 270 neli\u00f6kilometri\u00e4, mik\u00e4 oli yht\u00e4 paljon kuin nelj\u00e4n\u00e4 edelt\u00e4v\u00e4n\u00e4 kuukautena yhteens\u00e4. Dnipropetrovskista Ven\u00e4j\u00e4 valtasi liki 200 neli\u00f6kilometri\u00e4.<\/p>\n<p>Donetskin alueella Ven\u00e4j\u00e4n eteneminen sen sijaan hidastui. Ven\u00e4j\u00e4 valtasi Donetskista viime kuussa noin 130 neli\u00f6kilometri\u00e4, eli alle puolet vuoden keskim\u00e4\u00e4r\u00e4isest\u00e4 kuukausim\u00e4\u00e4r\u00e4st\u00e4.<\/p>\n<p>Kuluvan vuoden aikana Ven\u00e4j\u00e4 on vallannut noin 5\u2009400 neli\u00f6kilometri\u00e4, eli yhteens\u00e4 Etel\u00e4-Karjalan kokoisen alueen. Marraskuun lopulla Ven\u00e4j\u00e4n hallussa oli noin 19,3 prosenttia Ukrainasta.<\/p>\n","protected":false},"excerpt":{"rendered":"Ven\u00e4j\u00e4 eteni Ukrainassa marraskuussa enemm\u00e4n kuukaudessa kuin kertaakaan viimeisimm\u00e4n vuoden aikana. Asia k\u00e4y ilmi uutistoimisto AFP:n analyysista, joka&hellip;\n","protected":false},"author":2,"featured_media":105189,"comment_status":"","ping_status":"","sticky":false,"template":"","format":"standard","meta":{"footnotes":""},"categories":[14],"tags":[22,23,26,27,33,31,30,17,24,25,28,29,15,18,21,32,19,20,56,16,59,60,61],"class_list":{"0":"post-105188","1":"post","2":"type-post","3":"status-publish","4":"format-standard","5":"has-post-thumbnail","7":"category-ulkomaat","8":"tag-breaking-news","9":"tag-breakingnews","10":"tag-featured-news","11":"tag-featurednews","12":"tag-fi","13":"tag-finland","14":"tag-finnish","15":"tag-headlines","16":"tag-latest-news","17":"tag-latestnews","18":"tag-main-news","19":"tag-mainnews","20":"tag-news","21":"tag-otsikot","22":"tag-paauutiset","23":"tag-suomi","24":"tag-top-stories","25":"tag-topstories","26":"tag-ulkomaat","27":"tag-uutiset","28":"tag-world","29":"tag-world-news","30":"tag-worldnews"},"share_on_mastodon":{"url":"https:\/\/pubeurope.com\/@fi\/115646489356124811","error":""},"_links":{"self":[{"href":"https:\/\/www.europesays.com\/fi\/wp-json\/wp\/v2\/posts\/105188","targetHints":{"allow":["GET"]}}],"collection":[{"href":"https:\/\/www.europesays.com\/fi\/wp-json\/wp\/v2\/posts"}],"about":[{"href":"https:\/\/www.europesays.com\/fi\/wp-json\/wp\/v2\/types\/post"}],"author":[{"embeddable":true,"href":"https:\/\/www.europesays.com\/fi\/wp-json\/wp\/v2\/users\/2"}],"replies":[{"embeddable":true,"href":"https:\/\/www.europesays.com\/fi\/wp-json\/wp\/v2\/comments?post=105188"}],"version-history":[{"count":0,"href":"https:\/\/www.europesays.com\/fi\/wp-json\/wp\/v2\/posts\/105188\/revisions"}],"wp:featuredmedia":[{"embeddable":true,"href":"https:\/\/www.europesays.com\/fi\/wp-json\/wp\/v2\/media\/105189"}],"wp:attachment":[{"href":"https:\/\/www.europesays.com\/fi\/wp-json\/wp\/v2\/media?parent=105188"}],"wp:term":[{"taxonomy":"category","embeddable":true,"href":"https:\/\/www.europesays.com\/fi\/wp-json\/wp\/v2\/categories?post=105188"},{"taxonomy":"post_tag","embeddable":true,"href":"https:\/\/www.europesays.com\/fi\/wp-json\/wp\/v2\/tags?post=105188"}],"curies":[{"name":"wp","href":"https:\/\/api.w.org\/{rel}","templated":true}]}}