{"id":105197,"date":"2025-12-01T22:04:11","date_gmt":"2025-12-01T22:04:11","guid":{"rendered":"https:\/\/www.europesays.com\/fi\/105197\/"},"modified":"2025-12-01T22:04:11","modified_gmt":"2025-12-01T22:04:11","slug":"sabina-sarkka-on-paatynyt-erikoiseen-asumisjarjestelyyn","status":"publish","type":"post","link":"https:\/\/www.europesays.com\/fi\/105197\/","title":{"rendered":"Sabina S\u00e4rkk\u00e4 on p\u00e4\u00e4tynyt erikoiseen asumisj\u00e4rjestelyyn"},"content":{"rendered":"<p class=\"ingress\">Somevaikuttaja\u00a0Sabina S\u00e4rkk\u00e4 on seurustellut uuden kumppaninsa kanssa jo 2,5 vuotta. Silti molemmilla on omat asunnot.<\/p>\n<p>Malli ja vaikuttaja <strong>Sabina S\u00e4rkk\u00e4 <\/strong>kaipaa syksyll\u00e4 ja talvella usein jotain uutta. Parhaillaan h\u00e4n suunnittelee innoissaan keitti\u00f6remonttia.\u00a0<\/p>\n<p>\u201dMinulla on menossa t\u00e4llainen remonttivaihe. Olen siit\u00e4 pitk\u00e4\u00e4n haaveillut, ja nyt se toteutuu. Teen niin paljon t\u00f6it\u00e4 kotona, ja kodistani on tullut enemm\u00e4nkin sellainen ty\u00f6piste. Laitan sit\u00e4 oman maun mukaan\u201d, Sabina kertoi muotisuunnittelija <strong><a href=\"https:\/\/anna.fi\/ihmiset\/katri-niskanen-kertoo-millainen-on-aitina\" rel=\"nofollow noopener\" target=\"_blank\">Katri Niskasen<\/a><\/strong> oman malliston viisitoistavuotisjuhlissa G18-juhlatilassa Helsingiss\u00e4.<\/p>\n<p><strong>Lue my\u00f6s Kotiliesi.fi:<\/strong> <a href=\"https:\/\/kotiliesi.fi\/ihmiset\/katri-niskanen\/\" rel=\"nofollow noopener\" target=\"_blank\">Katri Niskanen tekee yhden iltapuvun Linnan juhliin 30 tunnissa<\/a><\/p>\n<p>Sabinalla on takanaan merkitt\u00e4v\u00e4 historia etenkin iltapuvuistaan tunnetun suunnittelija Katri Niskasen kanssa.\u00a0<\/p>\n<p>\u201dKatri on suunnitellut minulle per\u00e4sti kaksi h\u00e4\u00e4mekkoa! En luovu niist\u00e4 asuista koskaan. Oli ihana projekti suunnitella pukuja yhdess\u00e4. Minulla oli h\u00e4iss\u00e4ni varsinainen morsiuspuku ja sitten viel\u00e4 silkkinen bileasu. Katrilla on mielett\u00f6m\u00e4n hieno taiteen lahja\u201d, totesi Sabina, joka meni naimisiin liikemies <strong>Olli Kivim\u00e4en<\/strong> kanssa syksyll\u00e4 2019 ja erosi kolme vuotta my\u00f6hemmin.\u00a0<\/p>\n<p>Nykyisen puolisonsa kanssa Sabina ei asu yhdess\u00e4.\u00a0<\/p>\n<p>\u201dOlemme olleet yhdess\u00e4 nyt 2,5 vuotta, ja meill\u00e4 on viel\u00e4 erilliset asunnot. Minulla on oma k\u00e4mpp\u00e4 Kalliossa ja h\u00e4nell\u00e4 muualla, mutta joka y\u00f6 olemme kyll\u00e4 yhdess\u00e4. T\u00e4m\u00e4 on t\u00e4llainen erilainen j\u00e4rjestely\u201d, Sabina kertoi ja hymyili.\u00a0<\/p>\n<p><strong>Lue my\u00f6s:<\/strong> <a href=\"https:\/\/anna.fi\/ihmiset\/sabina-sarkan-parisuhde\" rel=\"nofollow noopener\" target=\"_blank\">Sabina S\u00e4rkk\u00e4 paljastaa yll\u00e4tt\u00e4v\u00e4n tiedon poikayst\u00e4v\u00e4st\u00e4\u00e4n<\/a><\/p>\n<p>Mukana yst\u00e4v\u00e4n raskaudessa<\/p>\n<p>Sabina sanoi olevansa my\u00f6s hyvin onnellinen yst\u00e4v\u00e4ns\u00e4 <strong>Sara Siepin<\/strong> puolesta, joka monien vaiheiden j\u00e4lkeen odottaa nyt esikoistaan. <\/p>\n<p>\u201dP\u00e4\u00e4sen h\u00e4nen kauttaan el\u00e4m\u00e4\u00e4n itsekin raskausarkea. Se on aivan ihanaa, ja olen superonnellinen h\u00e4nen puolestaan. Meill\u00e4kin on jo yli kymmenen vuotta yst\u00e4vyytt\u00e4 takana, niin olen kyll\u00e4 maailman onnellisin h\u00e4nen puolestaan\u201d, kertoi Sabina.<\/p>\n<p>Sabina ja Sara my\u00f6s ty\u00f6skentelev\u00e4t yhdess\u00e4. Yst\u00e4vysten yhteinen podcast Sieppi &amp; S\u00e4rkk\u00e4 -on edennyt jo toiselle kaudelleen.<\/p>\n<p>    Sinua voi kiinnostaa my\u00f6s:<\/p>\n<ol class=\"read-also__list\">\n<li>\n<p>            <img loading=\"lazy\" decoding=\"async\" class=\"card__image awpo-lqip awpo-lazy\" width=\"1293\" height=\"809\" src=\"https:\/\/www.europesays.com\/fi\/wp-content\/uploads\/2025\/12\/sabina.jpg\"\/>                <a href=\"https:\/\/anna.fi\/kategoria\/ihmiset\" class=\"card__vignette\" rel=\"nofollow noopener\" target=\"_blank\"><br \/>\n            Ihmiset          <\/a><\/p>\n<p>      <a href=\"https:\/\/anna.fi\/ihmiset\/sabina-sarkan-parisuhde\" class=\"card__link-overlay\" rel=\"nofollow noopener\" target=\"_blank\">Sabina S\u00e4rkk\u00e4 paljastaa yll\u00e4tt\u00e4v\u00e4n tiedon poikayst\u00e4v\u00e4st\u00e4\u00e4n<\/a><\/p>\n<\/li>\n<li>\n<p>            <img loading=\"lazy\" decoding=\"async\" class=\"card__image awpo-lqip awpo-lazy\" width=\"2560\" height=\"1600\" src=\"https:\/\/www.europesays.com\/fi\/wp-content\/uploads\/2025\/12\/sieppi1.jpg\"\/>                <a href=\"https:\/\/anna.fi\/kategoria\/ihmiset\" class=\"card__vignette\" rel=\"nofollow noopener\" target=\"_blank\"><br \/>\n            Ihmiset          <\/a><\/p>\n<p>      <a href=\"https:\/\/anna.fi\/ihmiset\/sara-sieppi-haluaa-pitaa-ohjat-kasissaan\" class=\"card__link-overlay\" rel=\"nofollow noopener\" target=\"_blank\">Puolison j\u00e4rjest\u00e4m\u00e4 syntt\u00e4riyll\u00e4tys sai Sara Siepin aluksi j\u00e4rkyttym\u00e4\u00e4n \u2013 &#8221;Toisten mielest\u00e4 olen ehk\u00e4 v\u00e4h\u00e4n kontrollifriikki\u201d<\/a><\/p>\n<\/li>\n<li>\n<p>            <img loading=\"lazy\" decoding=\"async\" class=\"card__image awpo-lqip awpo-lazy\" width=\"1390\" height=\"782\" src=\"https:\/\/www.europesays.com\/fi\/wp-content\/uploads\/2025\/12\/sara-sieppi-vaaka.jpg\"\/>                <a href=\"https:\/\/anna.fi\/kategoria\/ihmiset\" class=\"card__vignette\" rel=\"nofollow noopener\" target=\"_blank\"><br \/>\n            Ihmiset          <\/a><\/p>\n<p>      <a href=\"https:\/\/anna.fi\/ihmiset\/sara-sieppi-ja-artturi-sieppi\" class=\"card__link-overlay\" rel=\"nofollow noopener\" target=\"_blank\">Sara Siepin kilpailuvietti yll\u00e4tti pikkuveljen tv-ohjelmassa \u2013 my\u00f6s Artturista paljastui uusi puoli siskolle<\/a><\/p>\n<\/li>\n<\/ol>\n","protected":false},"excerpt":{"rendered":"Somevaikuttaja\u00a0Sabina S\u00e4rkk\u00e4 on seurustellut uuden kumppaninsa kanssa jo 2,5 vuotta. Silti molemmilla on omat asunnot. Malli ja vaikuttaja&hellip;\n","protected":false},"author":2,"featured_media":105198,"comment_status":"","ping_status":"","sticky":false,"template":"","format":"standard","meta":{"footnotes":""},"categories":[130],"tags":[137,33,31,30,19368,1496,3423,2341,32,109],"class_list":{"0":"post-105197","1":"post","2":"type-post","3":"status-publish","4":"format-standard","5":"has-post-thumbnail","7":"category-viihde","8":"tag-entertainment","9":"tag-fi","10":"tag-finland","11":"tag-finnish","12":"tag-katri-niskanen","13":"tag-parisuhde","14":"tag-sara-sieppi","15":"tag-some","16":"tag-suomi","17":"tag-viihde"},"share_on_mastodon":{"url":"https:\/\/pubeurope.com\/@fi\/115646579706282267","error":""},"_links":{"self":[{"href":"https:\/\/www.europesays.com\/fi\/wp-json\/wp\/v2\/posts\/105197","targetHints":{"allow":["GET"]}}],"collection":[{"href":"https:\/\/www.europesays.com\/fi\/wp-json\/wp\/v2\/posts"}],"about":[{"href":"https:\/\/www.europesays.com\/fi\/wp-json\/wp\/v2\/types\/post"}],"author":[{"embeddable":true,"href":"https:\/\/www.europesays.com\/fi\/wp-json\/wp\/v2\/users\/2"}],"replies":[{"embeddable":true,"href":"https:\/\/www.europesays.com\/fi\/wp-json\/wp\/v2\/comments?post=105197"}],"version-history":[{"count":0,"href":"https:\/\/www.europesays.com\/fi\/wp-json\/wp\/v2\/posts\/105197\/revisions"}],"wp:featuredmedia":[{"embeddable":true,"href":"https:\/\/www.europesays.com\/fi\/wp-json\/wp\/v2\/media\/105198"}],"wp:attachment":[{"href":"https:\/\/www.europesays.com\/fi\/wp-json\/wp\/v2\/media?parent=105197"}],"wp:term":[{"taxonomy":"category","embeddable":true,"href":"https:\/\/www.europesays.com\/fi\/wp-json\/wp\/v2\/categories?post=105197"},{"taxonomy":"post_tag","embeddable":true,"href":"https:\/\/www.europesays.com\/fi\/wp-json\/wp\/v2\/tags?post=105197"}],"curies":[{"name":"wp","href":"https:\/\/api.w.org\/{rel}","templated":true}]}}