{"id":105203,"date":"2025-12-01T22:09:08","date_gmt":"2025-12-01T22:09:08","guid":{"rendered":"https:\/\/www.europesays.com\/fi\/105203\/"},"modified":"2025-12-01T22:09:08","modified_gmt":"2025-12-01T22:09:08","slug":"rovaniemen-pohjoispuolella-sattui-nokkakolari-kolme-vietiin-ensihoidon-huomaan","status":"publish","type":"post","link":"https:\/\/www.europesays.com\/fi\/105203\/","title":{"rendered":"Rovaniemen pohjoispuolella sattui nokkakolari \u2013\u202fkolme vietiin ensihoidon huomaan"},"content":{"rendered":"<p class=\"article__paragraph\">\n      Rovaniemell\u00e4 sattui kahden henkil\u00f6auto nokkakolari maanantai-iltana, kerrotaan Lapin pelastuslaitokselta.\n    <\/p>\n<p class=\"article__paragraph\">\n      Ajoneuvoissa oli yhteens\u00e4 kolme henkil\u00f6\u00e4. Heid\u00e4t ohjattiin ensihoidon huomaan.\n    <\/p>\n<p class=\"article__paragraph\">\n      Onnettomuus tapahtui Ounasjoen it\u00e4puolentiell\u00e4, l\u00e4hell\u00e4 Patokoskea hieman kello 22:n j\u00e4lkeen. Onnettomuuspaikalla on toinen kaista suljettuna onnettomuuden raivaust\u00f6iden ajan.\n    <\/p>\n<p class=\"article__paragraph\">\n      Paikalle h\u00e4lytettiin yhteens\u00e4 10 pelastuslaitoksen, ensihoidon ja poliisin yksikk\u00f6\u00e4. Lapin poliisilaitos tutkii onnettomuuteen johtaneita syit\u00e4.\n    <\/p>\n","protected":false},"excerpt":{"rendered":"Rovaniemell\u00e4 sattui kahden henkil\u00f6auto nokkakolari maanantai-iltana, kerrotaan Lapin pelastuslaitokselta. Ajoneuvoissa oli yhteens\u00e4 kolme henkil\u00f6\u00e4. Heid\u00e4t ohjattiin ensihoidon huomaan.&hellip;\n","protected":false},"author":2,"featured_media":14873,"comment_status":"","ping_status":"","sticky":false,"template":"","format":"standard","meta":{"footnotes":""},"categories":[12],"tags":[22,23,26,27,33,31,30,17,24,25,28,29,15,18,21,32,19,20,16],"class_list":{"0":"post-105203","1":"post","2":"type-post","3":"status-publish","4":"format-standard","5":"has-post-thumbnail","7":"category-suomi","8":"tag-breaking-news","9":"tag-breakingnews","10":"tag-featured-news","11":"tag-featurednews","12":"tag-fi","13":"tag-finland","14":"tag-finnish","15":"tag-headlines","16":"tag-latest-news","17":"tag-latestnews","18":"tag-main-news","19":"tag-mainnews","20":"tag-news","21":"tag-otsikot","22":"tag-paauutiset","23":"tag-suomi","24":"tag-top-stories","25":"tag-topstories","26":"tag-uutiset"},"share_on_mastodon":{"url":"https:\/\/pubeurope.com\/@fi\/115646599405415823","error":""},"_links":{"self":[{"href":"https:\/\/www.europesays.com\/fi\/wp-json\/wp\/v2\/posts\/105203","targetHints":{"allow":["GET"]}}],"collection":[{"href":"https:\/\/www.europesays.com\/fi\/wp-json\/wp\/v2\/posts"}],"about":[{"href":"https:\/\/www.europesays.com\/fi\/wp-json\/wp\/v2\/types\/post"}],"author":[{"embeddable":true,"href":"https:\/\/www.europesays.com\/fi\/wp-json\/wp\/v2\/users\/2"}],"replies":[{"embeddable":true,"href":"https:\/\/www.europesays.com\/fi\/wp-json\/wp\/v2\/comments?post=105203"}],"version-history":[{"count":0,"href":"https:\/\/www.europesays.com\/fi\/wp-json\/wp\/v2\/posts\/105203\/revisions"}],"wp:featuredmedia":[{"embeddable":true,"href":"https:\/\/www.europesays.com\/fi\/wp-json\/wp\/v2\/media\/14873"}],"wp:attachment":[{"href":"https:\/\/www.europesays.com\/fi\/wp-json\/wp\/v2\/media?parent=105203"}],"wp:term":[{"taxonomy":"category","embeddable":true,"href":"https:\/\/www.europesays.com\/fi\/wp-json\/wp\/v2\/categories?post=105203"},{"taxonomy":"post_tag","embeddable":true,"href":"https:\/\/www.europesays.com\/fi\/wp-json\/wp\/v2\/tags?post=105203"}],"curies":[{"name":"wp","href":"https:\/\/api.w.org\/{rel}","templated":true}]}}