{"id":105204,"date":"2025-12-01T22:10:08","date_gmt":"2025-12-01T22:10:08","guid":{"rendered":"https:\/\/www.europesays.com\/fi\/105204\/"},"modified":"2025-12-01T22:10:08","modified_gmt":"2025-12-01T22:10:08","slug":"evp-kenraali-ukrainasta-pitaisi-tehda-suomi","status":"publish","type":"post","link":"https:\/\/www.europesays.com\/fi\/105204\/","title":{"rendered":"Evp-kenraali: Ukrainasta pit\u00e4isi tehd\u00e4 Suomi"},"content":{"rendered":"<p>T\u00e4h\u00e4n artikkeliin on koottu Ukrainan sodan keskeisimm\u00e4t tapahtumat maanantailta 1. joulukuuta 2025. Kyseess\u00e4 on sodan 1377. p\u00e4iv\u00e4.<\/p>\n<ul>\n<li>El\u00e4k\u00f6ityneen yhdysvaltalaiskenraalin mukaan Ukrainasta pit\u00e4isi tehd\u00e4 yht\u00e4 voimakas kuin Suomesta. <\/li>\n<li>Trumpin presidentti tuomitsee Ukrainan iskut Ven\u00e4j\u00e4n varjolaivastoa vastaan. <\/li>\n<li>EU:n ulkoasioiden ja turvallisuuspolitiikan korkea edustajan Kaja Kallasin mukaan  tuleva viikko voi olla ratkaiseva. <\/li>\n<\/ul>\n<p class=\"paragraph\">Ukraina pit\u00e4isi saada n\u00e4ytt\u00e4m\u00e4\u00e4n samalta kuin Suomi \u2013 voimakkaalta ja mahdottomalta sulattaa. N\u00e4in sanoo el\u00e4k\u00f6itynyt yhdysvaltalaiskenraali <strong>Ben Hodges<\/strong> yhdysvaltalaismedia CBS Newsin l\u00e4hetyksess\u00e4.<\/p>\n<p class=\"paragraph\">Ukrainan entinen kauppaministeri <strong>Tymofiy Mylovanov<\/strong> jakoi sunnuntaina X:ss\u00e4 klippi\u00e4 CBS:n l\u00e4hetyksest\u00e4. My\u00f6s Hodges itse <a href=\"https:\/\/x.com\/Mylovanov\/status\/1995133607875137880\" rel=\"noopener nofollow\">jakoi<\/a> p\u00e4ivityst\u00e4 eteenp\u00e4in.<\/p>\n<p class=\"paragraph\">Videolla Hodges kommentoi Ven\u00e4j\u00e4n presidentti <strong>Vladimir Putinin<\/strong> esitt\u00e4mi\u00e4 aluevaatimuksia, jotka ovat olleet esill\u00e4 muun muassa Ven\u00e4j\u00e4n ja Yhdysvaltojen neuvottelemassa 28-kohtaisessa rauhansuunnitelmaluonnoksessa, jota on sanottu <a href=\"https:\/\/www.iltalehti.fi\/ulkomaat\/a891959c-b6e9-4cf6-b207-bb7955ade30f\" rel=\"nofollow noopener\" target=\"_blank\">kammodiiliksi<\/a> Ukrainalle. Ehdotuksen mukaan Ukraina luovuttaisi my\u00f6s alueita, joita Ven\u00e4j\u00e4 ei ole onnistunut valtaamaan kokonaisuudessaan.<\/p>\n<p class=\"paragraph\">\u2013 Ukrainalaiset ovat puolustamassa maataan. He tiet\u00e4v\u00e4t, mit\u00e4 tapahtuu, jos he h\u00e4vi\u00e4v\u00e4t. Ja Ven\u00e4j\u00e4n joukot menev\u00e4t sis\u00e4\u00e4n yh\u00e4 useampiin ukrainalaisiin kaupunkeihin. He tiet\u00e4v\u00e4t jo, miten t\u00e4m\u00e4 p\u00e4\u00e4ttyy, Hodges sanoo.<\/p>\n<p class=\"paragraph\">\u2013 Siksi heid\u00e4n n\u00e4k\u00f6kulmastaan alueluovutuksista on mahdotonta neuvotella, erityisesti maata, jota Ven\u00e4j\u00e4 ei ole viel\u00e4 edes vallannut. Lopputulema Ukrainalle on huono, samoin Euroopalle.<\/p>\n<p class=\"paragraph\">Hodges on Yhdysvaltain asevoimien Euroopan-joukkojen entinen komentaja.<\/p>\n<p class=\"paragraph\">Lis\u00e4ksi h\u00e4n sanoo Mylovanovin mukaan, ett\u00e4 Ven\u00e4j\u00e4 ei koskaan tule noudattamaan sopimuksia, joten Ukraina pit\u00e4isi saada n\u00e4ytt\u00e4m\u00e4\u00e4n samalta kuin Suomi.<\/p>\n<p>Turkin presidentti tuomitsee iskut Ven\u00e4j\u00e4n varjolaivastoon<\/p>\n<p class=\"paragraph\">Turkin presidentti <strong>Recep Tayyip Erdo\u011fan<\/strong> kommentoi Mustallamerell\u00e4 Ven\u00e4j\u00e4n varjolaivastoon tehtyj\u00e4 iskuja, jollaisia ei h\u00e4nen mukaansa voida hyv\u00e4ksy\u00e4.<\/p>\n<p class=\"paragraph\">\u2013 Ven\u00e4j\u00e4n ja Ukrainan v\u00e4linen sota on selv\u00e4sti alkanut uhata navigointiturvallisuutta Mustallamerell\u00e4. Talousvy\u00f6hykkeell\u00e4mme perjantaina tapahtunut alusten ottaminen kohteeksi viestii huolestuttavasta eskalaatiosta, Erdo\u011fan sanoi toimittajille uutistoimisto Reutersin mukaan.<\/p>\n<p class=\"paragraph\">Ukrainalaisviranomaisen mukaan Ukrainan tiedustelupalvelu SBU oli iskujen <a href=\"https:\/\/www.iltalehti.fi\/ulkomaat\/0e5a971d-c231-4175-be09-d5ed41c0af30\" rel=\"nofollow noopener\" target=\"_blank\">takana<\/a>. Maanantaina uutistoimisto Bloomberg kertoi, ett\u00e4 my\u00f6s Senegalin edustalla tapahtuneessa Ven\u00e4j\u00e4n varjolaivaston aluksen vaurioitumisessa oli kyse <a href=\"https:\/\/www.iltalehti.fi\/ulkomaat\/0e5a971d-c231-4175-be09-d5ed41c0af30\" rel=\"nofollow noopener\" target=\"_blank\">ulkoisista r\u00e4j\u00e4hdyksist\u00e4<\/a>. Mahdollisesta tekij\u00e4st\u00e4 ei ole kerrottu tietoja.<\/p>\n<p>Turkin presidentti Recep Tayyip Erdo\u011fan kuvattiin G20-kokouksessa Etel\u00e4-Afrikassa marraskuussa 2025.  Inka Soveri<\/p>\n<p>Ven\u00e4j\u00e4 Ukrainan iskuista: Sikamaista<\/p>\n<p class=\"paragraph\">Kremlin tiedottaja <a href=\"https:\/\/www.iltalehti.fi\/henkilot\/Dmitry Peskov\" class=\"article-link-person-page\" rel=\"nofollow noopener\" target=\"_blank\">Dmitri Peskov<\/a> kutsuu Ukrainan kansainv\u00e4list\u00e4 raaka\u00f6ljynkuljetusta vastaan tekem\u00e4\u00e4 iskua  \u201dsikamaiseksi\u201d ottaen huomioon kohteen kansainv\u00e4lisen merkityksen, uutistoimisto Reuters kertoo.<\/p>\n<p class=\"paragraph\">Ukrainan viikonloppuinen isku kohdistui Caspian Pipeline Consortiuminin (CPC) infrastruktuuriin. Projektissa on mukana sek\u00e4 ven\u00e4l\u00e4isi\u00e4, kazakstanilaisia ett\u00e4 yhdysvaltalaisia osakkaita.<\/p>\n<p class=\"paragraph\">CPC kertoi lauantaina, ett\u00e4 Ukrainan drooni-isku oli vahingoittanut yht\u00e4 kiinnityspaikkaa Novorossiiskin terminaalissa Ven\u00e4j\u00e4ll\u00e4. Iskujen seurauksena  toiminta seisahtui.<\/p>\n<p>AFP: Ven\u00e4j\u00e4lt\u00e4 isoin eteneminen vuoteen<\/p>\n<p class=\"paragraph\">Uutistoimisto AFP:n laskelmien mukaan Ven\u00e4j\u00e4n asevoimat teki marraskuussa vuoden suurimman etenemisens\u00e4 Ukrainan sodassa. AFP on tehnyt analyysin Yhdysvalloista k\u00e4sin toimivan Institute for the Study of War (ISW) -ajatushautomon pohjalta.<\/p>\n<p class=\"paragraph\">Kuukauden aikana Ven\u00e4j\u00e4n on saanut haltuunsa 701 neli\u00f6kilometrin edest\u00e4 aluetta. Marraskuun j\u00e4lkeen Ven\u00e4j\u00e4 hallitsee 19,3 prosenttia Ukrainan alueesta.<\/p>\n<p class=\"paragraph\">Marraskuun eteneminen on merkitt\u00e4v\u00e4 my\u00f6s koko sodan mittakaavassa. Jos ei oteta lukuun Ven\u00e4j\u00e4n vuonna 2022 aloittaman hy\u00f6kk\u00e4yssodan ensimm\u00e4isi\u00e4 kuukausia, marraskuun 2025 eteneminen on toiseksi suurin koko ajalta. T\u00e4t\u00e4 enemm\u00e4n maa-alaa Ven\u00e4j\u00e4 sai haltuunsa marraskuussa 2024.<\/p>\n<p>Kallas: T\u00e4m\u00e4 voi olla ratkaiseva viikko<\/p>\n<p class=\"paragraph\">T\u00e4n\u00e4\u00e4n alkanut viikko voi olla ratkaiseva Ukrainan sodan p\u00e4\u00e4ttymisen suhteen.<\/p>\n<p class=\"paragraph\">N\u00e4in sanoo EU:n ulkoasioiden ja turvallisuuspolitiikan korkea edustaja <a href=\"https:\/\/www.iltalehti.fi\/henkilot\/Kaja Kallas\" class=\"article-link-person-page\" rel=\"nofollow noopener\" target=\"_blank\">Kaja Kallas<\/a>.<\/p>\n<p class=\"paragraph\">Uutistoimisto AFP kertoo Kallaksen kommentoineen asiaa EU:n puolustusministereiden tapaamisessa.<\/p>\n<p class=\"paragraph\">\u2013 T\u00e4m\u00e4 voi olla ratkaiseva viikko diplomatialle. Me kuulimme eilen, ett\u00e4 neuvottelut Yhdysvalloissa olivat vaikeat mutta tuotteliaat.<\/p>\n<p class=\"paragraph\">Kallas kertoi keskustelevansa Ukrainan puolustus- ja ulkoministerin kanssa.<\/p>\n<p class=\"paragraph\">Yhdysvaltain edustajat tapasivat Ukrainan edustajat eilen. Trumpin erikoisl\u00e4hettil\u00e4s <a href=\"https:\/\/www.iltalehti.fi\/henkilot\/Steve Witkoff\" class=\"article-link-person-page\" rel=\"nofollow noopener\" target=\"_blank\">Steve Witkoff<\/a> matkustaa t\u00e4ll\u00e4 viikolla Moskovaan.<\/p>\n<p>L\u00e4hteet neuvotteluista: \u201dIntensiiviset ja vaikeat\u201d<\/p>\n<p class=\"paragraph\">Kaksi ukrainalaisviranomaista kuvailevat yhdysvaltalaismedia <a href=\"https:\/\/www.axios.com\/2025\/12\/01\/ukraine-us-meeting-russia-border-peace-deal\" target=\"_blank\" rel=\"noopener nofollow\">Axiokselle<\/a> sunnuntaisia neuvotteluita \u201dvaikeiksi\u201d ja \u201dintensiivisiksi\u201d mutta tuotteliaiksi.<\/p>\n<p>Axioksen l\u00e4hteiden mukaan neuvottelut olivat intensiiviset ja vaikeat.  REUTERS <\/p>\n<p class=\"paragraph\">Axioksen l\u00e4hteiden mukaan viisi tuntia kest\u00e4neet neuvottelut keskittyisiv\u00e4t kysymykseen siit\u00e4, mihin Ukrainan ja Ven\u00e4j\u00e4n v\u00e4linen raja vedet\u00e4\u00e4n mahdollisessa rauhansopimuksessa.<\/p>\n<p class=\"paragraph\">Ven\u00e4j\u00e4n presidentti <a href=\"https:\/\/www.iltalehti.fi\/henkilot\/Vladimir Putin\" class=\"article-link-person-page\" rel=\"nofollow noopener\" target=\"_blank\">Vladimir Putin<\/a> on toistanut kerta toisensa j\u00e4lkeen, ettei Ven\u00e4j\u00e4 lakkaa taistelemasta ennen kuin sen hallussa on koko Donbasin alue It\u00e4-Ukrainassa.<\/p>\n<p class=\"paragraph\">Yhdysvaltain julkisuuteen pari viikkoa sitten julkisuuteen tulleessa rauhansuunnitelmassa Ukrainan kaavailtiin luovuttamaan alueita rauhan aikaansaamiseksi.<\/p>\n<p>Kreml vahvistaa: Trumpin erityisl\u00e4hettil\u00e4s tapaa Putinin tiistaina<\/p>\n<p class=\"paragraph\">Kremlin tiedottaja <a href=\"https:\/\/www.iltalehti.fi\/henkilot\/Dmitry Peskov\" class=\"article-link-person-page\" rel=\"nofollow noopener\" target=\"_blank\">Dmitri Peskov<\/a> vahvistaa, ett\u00e4 Trumpin erityisl\u00e4hettil\u00e4s <a href=\"https:\/\/www.iltalehti.fi\/henkilot\/Steve Witkoff\" class=\"article-link-person-page\" rel=\"nofollow noopener\" target=\"_blank\">Steve Witkoff<\/a> neuvottelee Ven\u00e4j\u00e4n presidentin <a href=\"https:\/\/www.iltalehti.fi\/henkilot\/Vladimir Putin\" class=\"article-link-person-page\" rel=\"nofollow noopener\" target=\"_blank\">Vladimir Putinin<\/a> kanssa tiistaina.<\/p>\n<p class=\"paragraph\">Asiasta kertoo uutistoimisto Reuters.<\/p>\n<p class=\"paragraph\">Peskovin mukaan tapaaminen on sovittu tiistaip\u00e4iv\u00e4n \u201dtoiselle puoliskolle\u201d.<\/p>\n<p class=\"paragraph\">Putin toisti viime viikolla Ven\u00e4j\u00e4n vaativan Ukrainalta alueluovutuksia. Yhdysvaltain alkuper\u00e4ist\u00e4 rauhansuunnitelman syytettiin mukailevan monia Ven\u00e4j\u00e4n vaatimuksia.<\/p>\n<p class=\"paragraph\">Witkoff suuntaa Moskovaan Yhdysvaltain ja Ukrainan sunnuntaisten neuvottelujen j\u00e4lkeen. Trumpin luottomiehen\u00e4 tunnettu Witkoff on tavannut Putinin useaan otteeseen.<\/p>\n<p>Zelenskyi kommentoi neuvotteluja<\/p>\n<p class=\"paragraph\">Ukrainan presidentti <strong>Volodymyr Zelenskyi<\/strong> kommentoi viikonloppuna k\u00e4ytyj\u00e4 Ukrainan ja Yhdysvaltojen v\u00e4lisi\u00e4 neuvotteluja <a href=\"https:\/\/x.com\/ZelenskyyUa\/status\/1995245263141654650?s=20\" target=\"_blank\" rel=\"noopener nofollow\">viestipalvelu X:ss\u00e4<\/a>. Zelenskyin mukaan Ukrainan delegaatiota johtanut <strong>Rustem Umerov<\/strong> oli kertonut Zelenskyille neuvottelujen alustavista tuloksista.<\/p>\n<p class=\"paragraph\">\u2013 On t\u00e4rke\u00e4\u00e4, ett\u00e4 neuvottelut ovat rakentavia ja ett\u00e4 kaikista kysymyksist\u00e4 keskustellaan avoimesti keskittyen Ukrainan suvereniteetin ja kansallisten etujen varmistamiseen, Zelenskyi sanoi.<\/p>\n<p class=\"paragraph\">Zelenskyi kiitti Yhdysvaltain presidentti <strong>Donald Trumpia<\/strong> neuvotteluista Ukrainan sodan p\u00e4\u00e4tt\u00e4miseksi.<\/p>\n<p class=\"paragraph\">\u2013 Olen kiitollinen Yhdysvalloille, presidentti Trumpin tiimille ja presidentille henkil\u00f6kohtaisesti ajasta, joka on k\u00e4ytetty niin intensiivisesti sodan p\u00e4\u00e4tt\u00e4miseen t\u00e4ht\u00e4\u00e4vien askelten m\u00e4\u00e4rittelyyn, Zelenskyi jatkoi.<\/p>\n<p class=\"paragraph\">Ukrainan ja Yhdysvaltojen delegaatiot neuvottelivat sunnuntaina Floridassa. Neuvottelujen sis\u00e4ll\u00f6ist\u00e4 tai tuloksista ei ole kerrottu julkisuuteen.<\/p>\n<p class=\"paragraph\">Zelenskyin tapasi Ranskan presidentti <strong>Emmanuel Macron<\/strong> maanantaina Pariisissa. Macronin kanslian mukaan presidenttien oli m\u00e4\u00e4r\u00e4 keskustella \u201doikeudenmukaisen ja kest\u00e4v\u00e4n rauhan ehdoista\u201d.<\/p>\n<p class=\"paragraph\">Yhdysvaltain presidentin <strong>Donald Trumpin<\/strong> mukaan Ven\u00e4j\u00e4n ja Ukrainan v\u00e4liselle rauhansopimukselle on \u201dhyv\u00e4t mahdollisuudet\u201d, kertoo uutistoimisto AFP.<\/p>\n<p class=\"paragraph\">Ukrainan korruptioskandaali kuitenkin varjostaa neuvotteluja.<\/p>\n<p class=\"paragraph\">\u2013 Ukrainalla on joitain pieni\u00e4 vaikeita ongelmia, Trump sanoi.<\/p>\n<p class=\"paragraph\">\u2013 Mutta mielest\u00e4ni on hyv\u00e4t mahdollisuudet, ett\u00e4 p\u00e4\u00e4semme sopimukseen, Trump jatkoi.<\/p>\n<p class=\"paragraph\">Trump puhui asiasta sunnuntaina Ukrainan ja Yhdysvaltojen Floridassa k\u00e4ymien neuvottelujen j\u00e4lkeen.<\/p>\n","protected":false},"excerpt":{"rendered":"T\u00e4h\u00e4n artikkeliin on koottu Ukrainan sodan keskeisimm\u00e4t tapahtumat maanantailta 1. joulukuuta 2025. Kyseess\u00e4 on sodan 1377. p\u00e4iv\u00e4. El\u00e4k\u00f6ityneen&hellip;\n","protected":false},"author":2,"featured_media":105205,"comment_status":"","ping_status":"","sticky":false,"template":"","format":"standard","meta":{"footnotes":""},"categories":[5],"tags":[35,22,23,26,27,33,31,30,17,24,25,28,29,15,18,21,142,637,144,32,19,20,16,638,1262],"class_list":{"0":"post-105204","1":"post","2":"type-post","3":"status-publish","4":"format-standard","5":"has-post-thumbnail","7":"category-otsikot","8":"tag-24h","9":"tag-breaking-news","10":"tag-breakingnews","11":"tag-featured-news","12":"tag-featurednews","13":"tag-fi","14":"tag-finland","15":"tag-finnish","16":"tag-headlines","17":"tag-latest-news","18":"tag-latestnews","19":"tag-main-news","20":"tag-mainnews","21":"tag-news","22":"tag-otsikot","23":"tag-paauutiset","24":"tag-poliitikot","25":"tag-politiikka","26":"tag-presidentti","27":"tag-suomi","28":"tag-top-stories","29":"tag-topstories","30":"tag-uutiset","31":"tag-valtiovalta","32":"tag-venajan-politiikka"},"share_on_mastodon":{"url":"https:\/\/pubeurope.com\/@fi\/115646603180922952","error":""},"_links":{"self":[{"href":"https:\/\/www.europesays.com\/fi\/wp-json\/wp\/v2\/posts\/105204","targetHints":{"allow":["GET"]}}],"collection":[{"href":"https:\/\/www.europesays.com\/fi\/wp-json\/wp\/v2\/posts"}],"about":[{"href":"https:\/\/www.europesays.com\/fi\/wp-json\/wp\/v2\/types\/post"}],"author":[{"embeddable":true,"href":"https:\/\/www.europesays.com\/fi\/wp-json\/wp\/v2\/users\/2"}],"replies":[{"embeddable":true,"href":"https:\/\/www.europesays.com\/fi\/wp-json\/wp\/v2\/comments?post=105204"}],"version-history":[{"count":0,"href":"https:\/\/www.europesays.com\/fi\/wp-json\/wp\/v2\/posts\/105204\/revisions"}],"wp:featuredmedia":[{"embeddable":true,"href":"https:\/\/www.europesays.com\/fi\/wp-json\/wp\/v2\/media\/105205"}],"wp:attachment":[{"href":"https:\/\/www.europesays.com\/fi\/wp-json\/wp\/v2\/media?parent=105204"}],"wp:term":[{"taxonomy":"category","embeddable":true,"href":"https:\/\/www.europesays.com\/fi\/wp-json\/wp\/v2\/categories?post=105204"},{"taxonomy":"post_tag","embeddable":true,"href":"https:\/\/www.europesays.com\/fi\/wp-json\/wp\/v2\/tags?post=105204"}],"curies":[{"name":"wp","href":"https:\/\/api.w.org\/{rel}","templated":true}]}}