{"id":105206,"date":"2025-12-01T22:22:09","date_gmt":"2025-12-01T22:22:09","guid":{"rendered":"https:\/\/www.europesays.com\/fi\/105206\/"},"modified":"2025-12-01T22:22:09","modified_gmt":"2025-12-01T22:22:09","slug":"sami-sykko-on-osallistunut-linnan-juhliin-yli-15-vuotta-nain-han-listaa-taman-vuoden-odotuksensa-kotimaa","status":"publish","type":"post","link":"https:\/\/www.europesays.com\/fi\/105206\/","title":{"rendered":"Sami Sykk\u00f6 on osallistunut Linnan juhliin yli 15 vuotta \u2013 n\u00e4in h\u00e4n listaa t\u00e4m\u00e4n vuoden odotuksensa | Kotimaa"},"content":{"rendered":"<p class=\"aw-1gybjub aw-5vja16 kEtdKx kmuxyA yle__article__paragraph\">Itsen\u00e4isyysp\u00e4iv\u00e4n juhlien ilta suorassa l\u00e4hetyksess\u00e4 on Sami Syk\u00f6lle niin ainutlaatuinen, ettei h\u00e4n haluaisi olla muualla.<\/p>\n<p><img decoding=\"async\" alt=\"Vieraat nauttivat tarjoiluista Linnan juhlissa 2024.\" src=\"https:\/\/www.europesays.com\/fi\/wp-content\/uploads\/2025\/12\/39-15481686909bcba00724.jpeg\" class=\"aw-1l9m598 hKVVvP\"\/><\/p>\n<p>Avaa kuvien katselu<\/p>\n<p>Sami Sykk\u00f6 kertoo Linnan juhlien tarjoilujen j\u00e4\u00e4neen h\u00e4nelle erityisesti mieleen. Kuva: Silja Viitala \/ Yle<\/p>\n<p class=\"aw-1gybjub aw-1p7kakr kEtdKx cEmitX yle__article__paragraph\">Muotitoimittaja ja ty\u00f6el\u00e4m\u00e4professori <strong class=\"aw-ak79eh KyCXm yle__article__strong\">Sami Sykk\u00f6<\/strong> pit\u00e4\u00e4 itsen\u00e4isyysp\u00e4iv\u00e4n juhlia Presidentinlinnassa Suomen hienoimpina juhlina.<\/p>\n<p class=\"aw-1gybjub aw-1p7kakr kEtdKx cEmitX yle__article__paragraph\">Sykk\u00f6 itse on osallistunut Linnan juhliin vuodesta 2010 l\u00e4htien, ensimm\u00e4inen kerta oli vieraana ja sen j\u00e4lkeen h\u00e4n on ollut eri ty\u00f6teht\u00e4viss\u00e4.<\/p>\n<p class=\"aw-1gybjub aw-1p7kakr kEtdKx cEmitX yle__article__paragraph\">Viime vuodet Sykk\u00f6 on istunut suorassa l\u00e4hetyksess\u00e4 Ylen selostamossa pukukommentaattorina.<\/p>\n<p class=\"aw-1gybjub aw-1p7kakr kEtdKx cEmitX yle__article__paragraph\">Sykk\u00f6 asuu aivan linnan vieress\u00e4, mutta h\u00e4nen juhlap\u00e4iv\u00e4ns\u00e4 alkaa Pasilasta. Maskeerauksen ja vaatteiden vaihdon j\u00e4lkeen alkaa yhteinen matka kohti juhlapaikkaa.<\/p>\n<p class=\"aw-1gybjub aw-1p7kakr kEtdKx cEmitX yle__article__paragraph\">\u2013 Se bussimatka yhdess\u00e4 Ylen v\u00e4en kanssa on aina erityinen \u2013 siin\u00e4 ymm\u00e4rt\u00e4\u00e4 miten suuri joukko t\u00e4t\u00e4 l\u00e4hetyst\u00e4 tekee, Sykk\u00f6 tunnelmoi.<\/p>\n<p class=\"aw-1gybjub aw-1p7kakr kEtdKx cEmitX yle__article__paragraph\">Sami Sykk\u00f6 listaa ikimuistoisia hetki\u00e4 vuosien varrelta ja kaksi asiaa, joita h\u00e4n erityisesti odottaa t\u00e4lt\u00e4 vuodelta:<\/p>\n<p>Etuk\u00e4teen sovitut tanssit<\/p>\n<p class=\"aw-1gybjub aw-1p7kakr kEtdKx cEmitX yle__article__paragraph\">Sykk\u00f6 kertoo useana vuonna sopineensa etuk\u00e4teen tanssin. Erityisesti on j\u00e4\u00e4nyt mieleen tanssi <strong class=\"aw-ak79eh KyCXm yle__article__strong\">Anna Puun<\/strong> kanssa. Musiikki oli jo loppunut ja valaistus muuttui kirkkaammaksi, mutta parivaljakko p\u00e4\u00e4tti tanssia silti. Anna Puu lauloi Syk\u00f6lle suoraan korvaan samalla kun he tanssivat.<\/p>\n<p class=\"aw-1gybjub aw-1p7kakr kEtdKx cEmitX yle__article__paragraph\">\u2013 Se tanssi oli aivan ikimuistoinen.<\/p>\n<p class=\"aw-1gybjub aw-1p7kakr kEtdKx cEmitX yle__article__paragraph\">T\u00e4llekin vuotta Sykk\u00f6 on sopinut etuk\u00e4teen tanssista, muttei tohdi paljastaa tanssipartneriaan, koska h\u00e4n ei ole kertonut julkisesti saaneensa kutsua Linnan juhliin.<\/p>\n<p>Tunnelma menee tunteisiin<\/p>\n<p class=\"aw-1gybjub aw-1p7kakr kEtdKx cEmitX yle__article__paragraph\">Itsen\u00e4isyysp\u00e4iv\u00e4n juhlien ilta suorassa l\u00e4hetyksess\u00e4 on Sami Syk\u00f6lle niin ainutlaatuinen, ettei h\u00e4n haluaisi olla muualla.<\/p>\n<p class=\"aw-1gybjub aw-1p7kakr kEtdKx cEmitX yle__article__paragraph\">Selostajana h\u00e4n on usein liikuttunut juhlan tunnelmasta, hienoista haastatteluista ja esityksist\u00e4 \u2013 erityisesti mieleen on j\u00e4\u00e4nyt hetki, kun <strong class=\"aw-ak79eh KyCXm yle__article__strong\">Juha Tapio<\/strong> lauloi kenraaliharjoituksessa ja Sykk\u00f6 liikuttui kyyneliin.<\/p>\n<p class=\"aw-1gybjub aw-1p7kakr kEtdKx cEmitX yle__article__paragraph\">L\u00e4hetyksess\u00e4 v\u00e4litet\u00e4\u00e4n suomalaisille t\u00e4rke\u00e4n itsen\u00e4isyysp\u00e4iv\u00e4n juhlaa, ja h\u00e4n kokee sen olevan suuri kunnia ja haaste, koska sit\u00e4 seuraavat miljoonat suomalaiset.<\/p>\n<p class=\"aw-1gybjub aw-1p7kakr kEtdKx cEmitX yle__article__paragraph\">\u2013 Kyll\u00e4 n\u00e4m\u00e4 on meid\u00e4n Suomen hienoimmat juhlat, ilman ep\u00e4ilyst\u00e4k\u00e4\u00e4n.<\/p>\n<p>Puvun lainaaminen yst\u00e4v\u00e4lle<\/p>\n<p class=\"aw-1gybjub aw-1p7kakr kEtdKx cEmitX yle__article__paragraph\">T\u00e4n\u00e4 vuonna Sykk\u00f6 on lainannut my\u00f6s vaatteen yst\u00e4v\u00e4lleen, joka sai kutsun juhliin. Sykk\u00f6 ei viel\u00e4 tied\u00e4, mainitseeko h\u00e4n l\u00e4hetyksess\u00e4 yst\u00e4v\u00e4ns\u00e4 juhla-asun lainasta.<\/p>\n<p class=\"aw-1gybjub aw-1p7kakr kEtdKx cEmitX yle__article__paragraph\">\u2013 T\u00e4ytyy kysy\u00e4 h\u00e4nelt\u00e4, mit\u00e4 mielt\u00e4 h\u00e4n on.<\/p>\n<p>Buffet ja tarjoilijat<\/p>\n<p class=\"aw-1gybjub aw-1p7kakr kEtdKx cEmitX yle__article__paragraph\">Suoran l\u00e4hetyksen j\u00e4lkeen Sykk\u00f6 kertoo rient\u00e4v\u00e4ns\u00e4 ensimm\u00e4iseksi tarjoilup\u00f6ytien \u00e4\u00e4relle peilisaliin. Joka vuosi selostamossa toivotaan, ett\u00e4 onhan tarjolla <strong class=\"aw-ak79eh KyCXm yle__article__strong\">Ellen Svinhufvudin<\/strong> kakkua.<\/p>\n<p class=\"aw-1gybjub aw-1p7kakr kEtdKx cEmitX yle__article__paragraph\">My\u00f6s t\u00e4n\u00e4 vuonna pitkien perinteiden kakkua saa ja samoin it\u00e4suomalaisia herkkuja. Niill\u00e4 on erityinen paikka Syk\u00f6n syd\u00e4mess\u00e4, sill\u00e4 h\u00e4nen vanhempansa ovat kotoisin Pohjois-Karjalasta. Sykk\u00f6 vierailee usein Lappeenrannassa, jossa h\u00e4n ty\u00f6skentelee ty\u00f6el\u00e4m\u00e4professorina LUT-yliopistolla.<\/p>\n<p class=\"aw-1gybjub aw-1p7kakr kEtdKx cEmitX yle__article__paragraph\">Mieleen ovat erityisesti j\u00e4\u00e4neet buffetin tarjoilijat. H\u00e4n mainitsee, ett\u00e4 usein sama herra on tarjonnut h\u00e4nelle haudutettua teet\u00e4, ja se on painunut mieleen.<\/p>\n<p class=\"aw-1gybjub aw-1p7kakr kEtdKx cEmitX yle__article__paragraph\">Sykk\u00f6 muistelee my\u00f6s opiskeluaikojen kes\u00e4t\u00f6it\u00e4\u00e4n Silja Linen laivoilla. Silloin laivan tarjoilijat puhuivat hovimestareista, jotka k\u00e4viv\u00e4t itsen\u00e4isyysp\u00e4iv\u00e4n juhlissa t\u00f6iss\u00e4. Siin\u00e4p\u00e4 vasta hieno ty\u00f6, Sykk\u00f6 ajatteli. Juhlissa tarjoileminen oli hienointa, mit\u00e4 saattoi kuvitella.<\/p>\n<p class=\"aw-1gybjub aw-1p7kakr kEtdKx cEmitX yle__article__paragraph\">Erityisen merkitykselliselt\u00e4 tuntuu se, ett\u00e4 my\u00f6hemmin el\u00e4m\u00e4ss\u00e4 on p\u00e4\u00e4ssyt vieraaksi samaan juhlaan.<\/p>\n<p class=\"aw-1gybjub aw-1p7kakr kEtdKx cEmitX yle__article__paragraph\">\u2013 Se on ihan suuri askel el\u00e4m\u00e4ss\u00e4.<\/p>\n<p>Ulos viimeisten joukossa<\/p>\n<p class=\"aw-1gybjub aw-1p7kakr kEtdKx cEmitX yle__article__paragraph\">Suoran l\u00e4hetyksen j\u00e4lkeen j\u00e4\u00e4 noin puolitoista tuntia aikaa nauttia juhlista. Sykk\u00f6 kertoo, ett\u00e4 aika rient\u00e4\u00e4 siivill\u00e4 ja h\u00e4n poistuu aina viimeisten joukossa linnasta.<\/p>\n<p class=\"aw-1gybjub aw-1p7kakr kEtdKx cEmitX yle__article__paragraph\">\u2013 Linnan ovia on suljettu minun per\u00e4st\u00e4ni, kun olen l\u00e4htenyt sielt\u00e4. Se on niin upea palatsi ja ihana paikka. Kun sinne p\u00e4\u00e4see kerran vuodessa, olen ottanut siit\u00e4 kaiken irti.<\/p>\n<p class=\"aw-1gybjub aw-1p7kakr kEtdKx cEmitX yle__article__paragraph\"><strong class=\"aw-ak79eh KyCXm yle__article__strong\">Katso alta alle minuutin mittainen kooste vuoden 2024 Linnan juhlista:<\/strong><\/p>\n<p>Kooste vuoden 2024 juhlista. <\/p>\n","protected":false},"excerpt":{"rendered":"Itsen\u00e4isyysp\u00e4iv\u00e4n juhlien ilta suorassa l\u00e4hetyksess\u00e4 on Sami Syk\u00f6lle niin ainutlaatuinen, ettei h\u00e4n haluaisi olla muualla. Avaa kuvien katselu&hellip;\n","protected":false},"author":2,"featured_media":105207,"comment_status":"","ping_status":"","sticky":false,"template":"","format":"standard","meta":{"footnotes":""},"categories":[136],"tags":[407,137,33,31,30,19867,564,408,71,14062,19866,6347,32,109],"class_list":{"0":"post-105206","1":"post","2":"type-post","3":"status-publish","4":"format-standard","5":"has-post-thumbnail","7":"category-julkkikset","8":"tag-celebrities","9":"tag-entertainment","10":"tag-fi","11":"tag-finland","12":"tag-finnish","13":"tag-itsenaisyyspaivat","14":"tag-juhlat","15":"tag-julkkikset","16":"tag-kotimaa","17":"tag-linnan-juhlat","18":"tag-linnan-juhlat-2025","19":"tag-sami-sykko","20":"tag-suomi","21":"tag-viihde"},"share_on_mastodon":{"url":"https:\/\/pubeurope.com\/@fi\/115646650545990733","error":""},"_links":{"self":[{"href":"https:\/\/www.europesays.com\/fi\/wp-json\/wp\/v2\/posts\/105206","targetHints":{"allow":["GET"]}}],"collection":[{"href":"https:\/\/www.europesays.com\/fi\/wp-json\/wp\/v2\/posts"}],"about":[{"href":"https:\/\/www.europesays.com\/fi\/wp-json\/wp\/v2\/types\/post"}],"author":[{"embeddable":true,"href":"https:\/\/www.europesays.com\/fi\/wp-json\/wp\/v2\/users\/2"}],"replies":[{"embeddable":true,"href":"https:\/\/www.europesays.com\/fi\/wp-json\/wp\/v2\/comments?post=105206"}],"version-history":[{"count":0,"href":"https:\/\/www.europesays.com\/fi\/wp-json\/wp\/v2\/posts\/105206\/revisions"}],"wp:featuredmedia":[{"embeddable":true,"href":"https:\/\/www.europesays.com\/fi\/wp-json\/wp\/v2\/media\/105207"}],"wp:attachment":[{"href":"https:\/\/www.europesays.com\/fi\/wp-json\/wp\/v2\/media?parent=105206"}],"wp:term":[{"taxonomy":"category","embeddable":true,"href":"https:\/\/www.europesays.com\/fi\/wp-json\/wp\/v2\/categories?post=105206"},{"taxonomy":"post_tag","embeddable":true,"href":"https:\/\/www.europesays.com\/fi\/wp-json\/wp\/v2\/tags?post=105206"}],"curies":[{"name":"wp","href":"https:\/\/api.w.org\/{rel}","templated":true}]}}