{"id":105228,"date":"2025-12-01T22:59:10","date_gmt":"2025-12-01T22:59:10","guid":{"rendered":"https:\/\/www.europesays.com\/fi\/105228\/"},"modified":"2025-12-01T22:59:10","modified_gmt":"2025-12-01T22:59:10","slug":"intialta-kova-vaatimus-alypuhelinvalmistajille-turvasovellus-pakkosyotettava-puhelimiin-ja-poistaminen-estettava","status":"publish","type":"post","link":"https:\/\/www.europesays.com\/fi\/105228\/","title":{"rendered":"Intialta kova vaatimus \u00e4lypuhelinvalmistajille: turvasovellus pakkosy\u00f6tett\u00e4v\u00e4 puhelimiin \u2013 ja poistaminen estett\u00e4v\u00e4"},"content":{"rendered":"<p><a href=\"https:\/\/www.europesays.com\/fi\/wp-content\/uploads\/2025\/12\/indian_flag.jpg\" data-lightbox=\"image\"><img fetchpriority=\"high\" decoding=\"async\" class=\"aligncenter size-full wp-image-156832\" src=\"data:image\/svg+xml,%3Csvg%20xmlns=\" http:=\"\" alt=\"\" width=\"626\" height=\"417\" data-lazy- data-lazy- data-lazy-src=\"https:\/\/www.europesays.com\/fi\/wp-content\/uploads\/2025\/12\/indian_flag.jpg\"\/><\/a><\/p>\n<p>Intian hallitus vaatii Applen ja muiden \u00e4lypuhelinvalmistajien esiasentavan valtion turvasovelluksen \u00e4lypuhelimiin.<\/p>\n<p>Intian televiestint\u00e4ministeri\u00f6 on m\u00e4\u00e4r\u00e4nnyt Applen ja muut \u00e4lypuhelinvalmistajat esiasentamaan valtion omistaman Sanchar Saathi -turvasovelluksen kaikkiin uusiin puhelimiin ennen niiden myynti\u00e4. Lis\u00e4ksi k\u00e4ytt\u00e4j\u00e4lle ei saa tarjota mahdollisuutta poistaa sovellusta, <a href=\"https:\/\/www.reuters.com\/sustainability\/boards-policy-regulation\/india-orders-mobile-phones-preloaded-with-government-app-ensure-cyber-safety-2025-12-01\/\" rel=\"nofollow noopener\" target=\"_blank\">raportoi uutistoimisto Reuters hallituksen vaatimuksista<\/a>.<\/p>\n<p style=\"width: 98%; text-align: center; font-size:13px; border-bottom: 1px solid #C8C8C8; line-height: 0.1em; margin: 8px 1% 16px 1%;\">MAINOS (ARTIKKELI JATKUU ALLA)<\/p>\n<p>M\u00e4\u00e4r\u00e4ys sovelluksen asentamisesta ei my\u00f6sk\u00e4\u00e4n koske vain uusia laitteita, vaan jo my\u00f6s markkinoilla olevia puhelimia, joihin valmistajien on lis\u00e4tt\u00e4v\u00e4 sovellus ohjelmistop\u00e4ivityksell\u00e4.<\/p>\n<p>Reutersin n\u00e4kem\u00e4n 28. marraskuuta p\u00e4iv\u00e4tyn m\u00e4\u00e4r\u00e4yksen mukaan yhti\u00f6ill\u00e4 on 90 p\u00e4iv\u00e4\u00e4 aikaa varmistaa, ett\u00e4 Sanchar Saathi on valmiiksi asennettu kaikkiin uusiin \u00e4lypuhelimiin, eik\u00e4 k\u00e4ytt\u00e4j\u00e4 voi poistaa tai est\u00e4\u00e4 sit\u00e4. Jo olemassa oleviin laitteisiin sovellus on lis\u00e4tt\u00e4v\u00e4 j\u00e4lkik\u00e4teen p\u00e4ivityksen kautta.<\/p>\n<p>M\u00e4\u00e4r\u00e4yst\u00e4 ei ole toistaiseksi julkaistu julkisesti, vaan se on toimitettu suoraan valituille yhti\u00f6ille.<\/p>\n<p style=\"width: 98%; text-align: center; font-size:13px; border-bottom: 1px solid #C8C8C8; line-height: 0.1em; margin: 8px 1% 16px 1%;\">MAINOS (ARTIKKELI JATKUU ALLA)<\/p>\n<p>Intian hallituksen mukaan sovellus on keino auttaa k\u00e4ytt\u00e4ji\u00e4 paikantamaan kadonneita tai varastettuja puhelimia. K\u00e4yt\u00e4nn\u00f6ss\u00e4 se kuitenkin mahdollistaa viranomaisille mahdollisuuden seurata kaikkia puhelimia, mik\u00e4 tietenkin on her\u00e4tt\u00e4nyt yksityisyydensuojaan liittyvi\u00e4 huolia.<\/p>\n<p>Todenn\u00e4k\u00f6isesti puhelinvalmistajat, etunen\u00e4ss\u00e4 Apple, tulevat vastustamaan Intian uutta vaatimusta, mutta n\u00e4ht\u00e4v\u00e4ksi j\u00e4\u00e4, taipuuko hallitus muuttamaan suunnitelmiaan.<\/p>\n<p>Intian televiestint\u00e4ministeri\u00f6 on ilmoittanut uusista vaatimuksista my\u00f6s viestisovelluksille. P\u00e4\u00e4st\u00e4 p\u00e4\u00e4h\u00e4n salattua viestint\u00e4\u00e4 tarjoavien sovellusten, kuten WhatsAppin, on jatkossa yhdistett\u00e4v\u00e4 k\u00e4ytt\u00e4j\u00e4tilit SIM-kortin yksil\u00f6lliseen IMSI-tunnukseen.<\/p>\n<p>T\u00e4h\u00e4n asti sovellukset ovat todentaneet k\u00e4ytt\u00e4j\u00e4n l\u00e4hett\u00e4m\u00e4ll\u00e4 kertak\u00e4ytt\u00f6isen vahvistuskoodin (OTP) puhelinnumeroon. Uuden vaatimuksen my\u00f6t\u00e4 sovellusten olisi linkitytt\u00e4v\u00e4 SIM-kortille tallennettuun IMSI-tunnukseen, joka yksil\u00f6i mobiililiittym\u00e4n maailmanlaajuisesti.<\/p>\n<p style=\"width: 98%; text-align: center; font-size:13px; border-bottom: 1px solid #C8C8C8; line-height: 0.1em; margin: 8px 1% 16px 1%;\">MAINOS (ARTIKKELI JATKUU ALLA)<\/p>\n<p>Koska SIM-korttia ei voi Intiassa hankkia ilman virallista henkil\u00f6todistusta, t\u00e4m\u00e4 antaisi viranomaisille mahdollisuuden selvitt\u00e4\u00e4 k\u00e4yt\u00e4nn\u00f6ss\u00e4 kenen tahansa viestisovelluksen k\u00e4ytt\u00e4j\u00e4n henkil\u00f6llisyyden.<\/p>\n<p>Mainos: <a href=\"https:\/\/hinta.fi\/?src=gPp6fX03\" target=\"_blank\" rel=\"nofollow noopener\">Noin 1 600 000 tuotteen hintavertailu ja hintaseuranta &#8211; katso Hinta.fist\u00e4 mist\u00e4 saat halvimmalla<\/a><\/p>\n","protected":false},"excerpt":{"rendered":"Intian hallitus vaatii Applen ja muiden \u00e4lypuhelinvalmistajien esiasentavan valtion turvasovelluksen \u00e4lypuhelimiin. Intian televiestint\u00e4ministeri\u00f6 on m\u00e4\u00e4r\u00e4nnyt Applen ja muut&hellip;\n","protected":false},"author":2,"featured_media":105229,"comment_status":"","ping_status":"","sticky":false,"template":"","format":"standard","meta":{"footnotes":""},"categories":[76],"tags":[79,77,33,31,30,32,78],"class_list":{"0":"post-105228","1":"post","2":"type-post","3":"status-publish","4":"format-standard","5":"has-post-thumbnail","7":"category-talous","8":"tag-business","9":"tag-economy","10":"tag-fi","11":"tag-finland","12":"tag-finnish","13":"tag-suomi","14":"tag-talous"},"share_on_mastodon":{"url":"https:\/\/pubeurope.com\/@fi\/115646796126564939","error":""},"_links":{"self":[{"href":"https:\/\/www.europesays.com\/fi\/wp-json\/wp\/v2\/posts\/105228","targetHints":{"allow":["GET"]}}],"collection":[{"href":"https:\/\/www.europesays.com\/fi\/wp-json\/wp\/v2\/posts"}],"about":[{"href":"https:\/\/www.europesays.com\/fi\/wp-json\/wp\/v2\/types\/post"}],"author":[{"embeddable":true,"href":"https:\/\/www.europesays.com\/fi\/wp-json\/wp\/v2\/users\/2"}],"replies":[{"embeddable":true,"href":"https:\/\/www.europesays.com\/fi\/wp-json\/wp\/v2\/comments?post=105228"}],"version-history":[{"count":0,"href":"https:\/\/www.europesays.com\/fi\/wp-json\/wp\/v2\/posts\/105228\/revisions"}],"wp:featuredmedia":[{"embeddable":true,"href":"https:\/\/www.europesays.com\/fi\/wp-json\/wp\/v2\/media\/105229"}],"wp:attachment":[{"href":"https:\/\/www.europesays.com\/fi\/wp-json\/wp\/v2\/media?parent=105228"}],"wp:term":[{"taxonomy":"category","embeddable":true,"href":"https:\/\/www.europesays.com\/fi\/wp-json\/wp\/v2\/categories?post=105228"},{"taxonomy":"post_tag","embeddable":true,"href":"https:\/\/www.europesays.com\/fi\/wp-json\/wp\/v2\/tags?post=105228"}],"curies":[{"name":"wp","href":"https:\/\/api.w.org\/{rel}","templated":true}]}}