{"id":105234,"date":"2025-12-01T23:02:11","date_gmt":"2025-12-01T23:02:11","guid":{"rendered":"https:\/\/www.europesays.com\/fi\/105234\/"},"modified":"2025-12-01T23:02:11","modified_gmt":"2025-12-01T23:02:11","slug":"yle-raiskauksesta-epaillyn-poliisimiehen-tutkinta-laajentui-paikalliset","status":"publish","type":"post","link":"https:\/\/www.europesays.com\/fi\/105234\/","title":{"rendered":"Yle: Raiskauksesta ep\u00e4illyn poliisimiehen tutkinta laajentui | Paikalliset"},"content":{"rendered":"<p>Helsingin poliisilaitoksella ty\u00f6skennelleen ja raiskauksesta ep\u00e4illyn <a href=\"https:\/\/www.helsinginuutiset.fi\/paikalliset\/8902911\" rel=\"nofollow noopener\" target=\"_blank\">poliisimiehen raiskaustutkinta<\/a> on laajentunut. Rikostutkinnan kohteeksi on joutunut my\u00f6s raiskauksesta ep\u00e4illyn poliisin esimies, kertoo <a href=\"https:\/\/yle.fi\/a\/74-20195284\" rel=\"nofollow noopener\" target=\"_blank\">Yle<\/a>.<\/p>\n<p>Esimiest\u00e4 ep\u00e4ill\u00e4\u00e4n virkarikoksesta.<\/p>\n<p>Ylen tietojen mukaan virkarikoksesta ep\u00e4ilty esimies on ty\u00f6skennellyt ryhm\u00e4njohtajana Helsingin poliisilaitoksen ihmiskauppatutkintaryhm\u00e4ss\u00e4.<\/p>\n<p><strong class=\"diks-storyline__impact\">My\u00f6s<\/strong> raiskauksesta ep\u00e4ilty poliisimies ty\u00f6skenteli ihmiskauppatutkintaryhm\u00e4ss\u00e4. Poliisimies irtisanottiin ty\u00f6suhteesta raiskausep\u00e4ilyn vuoksi.<\/p>\n<p>Yle lis\u00e4\u00e4, ett\u00e4 se ei ole saanut tarkkaa tietoa siit\u00e4, mihin virkarikosep\u00e4ily liittyy.<\/p>\n<p>Yhden l\u00e4hteen mukaan esimiehen ep\u00e4ill\u00e4\u00e4n yritt\u00e4neen vaikuttaa alaisensa raiskaustutkintaan, Yle kertoo.<\/p>\n<p>Yle ei tavoittanut tutkinnanjohtajaa kommentoimaan virkarikosep\u00e4ily\u00e4.<\/p>\n<p><strong class=\"diks-storyline__impact\">Helsingin<\/strong> poliisilaitoksella ty\u00f6skennellytt\u00e4 poliisimiest\u00e4 ep\u00e4ill\u00e4\u00e4n tutkinnan kohteena olleen naisen raiskauksesta.<\/p>\n<p>Yle <a href=\"https:\/\/yle.fi\/a\/74-20187034\" rel=\"nofollow noopener\" target=\"_blank\">uutisoi<\/a> aiemmin seksuaalirikoksen tapahtuneen Helsingin poliisilaitoksen tiloissa elokuussa. Poliisimies otettiin kiinni kesken ty\u00f6p\u00e4iv\u00e4n.<\/p>\n<p>\t\t\t\t\t<img class=\"diks-card__image\" src=\"https:\/\/www.europesays.com\/fi\/wp-content\/uploads\/2025\/12\/7287135.jpg\"   loading=\"lazy\" decoding=\"sync\" alt=\"\"\/><\/p>\n<p>\t\t\t\t\t<img class=\"diks-card__image\" src=\"https:\/\/www.europesays.com\/fi\/wp-content\/uploads\/2025\/12\/9111236.jpg\"   loading=\"lazy\" decoding=\"sync\" alt=\"\"\/><\/p>\n","protected":false},"excerpt":{"rendered":"Helsingin poliisilaitoksella ty\u00f6skennelleen ja raiskauksesta ep\u00e4illyn poliisimiehen raiskaustutkinta on laajentunut. Rikostutkinnan kohteeksi on joutunut my\u00f6s raiskauksesta ep\u00e4illyn poliisin&hellip;\n","protected":false},"author":2,"featured_media":105235,"comment_status":"","ping_status":"","sticky":false,"template":"","format":"standard","meta":{"footnotes":""},"categories":[5],"tags":[22,23,26,27,33,31,30,17,4576,104,53,24,25,28,29,15,18,21,52,4454,38,32,19,20,16],"class_list":{"0":"post-105234","1":"post","2":"type-post","3":"status-publish","4":"format-standard","5":"has-post-thumbnail","7":"category-otsikot","8":"tag-breaking-news","9":"tag-breakingnews","10":"tag-featured-news","11":"tag-featurednews","12":"tag-fi","13":"tag-finland","14":"tag-finnish","15":"tag-headlines","16":"tag-helsingin-poliisilaitos","17":"tag-helsinki","18":"tag-laki-oikeus-ja-rikos","19":"tag-latest-news","20":"tag-latestnews","21":"tag-main-news","22":"tag-mainnews","23":"tag-news","24":"tag-otsikot","25":"tag-paauutiset","26":"tag-poliisi","27":"tag-raiskaus","28":"tag-rikos","29":"tag-suomi","30":"tag-top-stories","31":"tag-topstories","32":"tag-uutiset"},"share_on_mastodon":{"url":"https:\/\/pubeurope.com\/@fi\/115646807771928001","error":""},"_links":{"self":[{"href":"https:\/\/www.europesays.com\/fi\/wp-json\/wp\/v2\/posts\/105234","targetHints":{"allow":["GET"]}}],"collection":[{"href":"https:\/\/www.europesays.com\/fi\/wp-json\/wp\/v2\/posts"}],"about":[{"href":"https:\/\/www.europesays.com\/fi\/wp-json\/wp\/v2\/types\/post"}],"author":[{"embeddable":true,"href":"https:\/\/www.europesays.com\/fi\/wp-json\/wp\/v2\/users\/2"}],"replies":[{"embeddable":true,"href":"https:\/\/www.europesays.com\/fi\/wp-json\/wp\/v2\/comments?post=105234"}],"version-history":[{"count":0,"href":"https:\/\/www.europesays.com\/fi\/wp-json\/wp\/v2\/posts\/105234\/revisions"}],"wp:featuredmedia":[{"embeddable":true,"href":"https:\/\/www.europesays.com\/fi\/wp-json\/wp\/v2\/media\/105235"}],"wp:attachment":[{"href":"https:\/\/www.europesays.com\/fi\/wp-json\/wp\/v2\/media?parent=105234"}],"wp:term":[{"taxonomy":"category","embeddable":true,"href":"https:\/\/www.europesays.com\/fi\/wp-json\/wp\/v2\/categories?post=105234"},{"taxonomy":"post_tag","embeddable":true,"href":"https:\/\/www.europesays.com\/fi\/wp-json\/wp\/v2\/tags?post=105234"}],"curies":[{"name":"wp","href":"https:\/\/api.w.org\/{rel}","templated":true}]}}